{"id":17914,"date":"2021-11-17T15:29:18","date_gmt":"2021-11-17T15:29:18","guid":{"rendered":"https:\/\/visionciudadana.com.mx\/chio\/2021\/11\/17\/invitan-a-la-expo-servicios-uas-2021-este-18-de-noviembre\/"},"modified":"2025-06-24T23:30:54","modified_gmt":"2025-06-24T23:30:54","slug":"invitan-a-la-expo-servicios-uas-2021-este-18-de-noviembre","status":"publish","type":"post","link":"https:\/\/visionciudadana.com.mx\/oficial\/2021\/11\/17\/invitan-a-la-expo-servicios-uas-2021-este-18-de-noviembre\/","title":{"rendered":"Invitan a la Expo Servicios UAS 2021 este 18 de noviembre  \u00a0"},"content":{"rendered":"<p class=\"x_MsoNormal\" style=\"text-align: justify;\"><b><span lang=\"ES\"><img fetchpriority=\"high\" decoding=\"async\" src=\"images\/2021\/nov21\/exposervice.jpg\" alt=\"exposervice\" width=\"780\" height=\"420\" style=\"display: block; margin: 20px auto;\" \/><br \/><\/span><\/b><\/p>\n<p class=\"x_MsoNormal\" style=\"text-align: justify;\"><span style=\"font-size: 14pt;\"><span lang=\"ES\">Con el prop\u00f3sito de exhibir los diversos servicios que la Universidad Aut\u00f3noma de Sinaloa (UAS) ofrece a trav\u00e9s de sus escuelas, facultades y \u00e1reas del conocimiento, se llevar\u00e1 a cabo este 18 de noviembre la Expo Servicios UAS 2021 \u201c<\/span>El conocimiento y experiencia de la UAS al servicio de la comunidad\u201d.<\/span><\/p>\n<p style=\"text-align: justify;\">&nbsp;<\/p>\n<p class=\"x_MsoNormal\" style=\"text-align: justify;\"><span style=\"font-size: 14pt;\">El Edificio Central ser\u00e1 la sede de la Expo donde tambi\u00e9n se har\u00e1 la presentaci\u00f3n oficial del Cat\u00e1logo de Servicios concebido como una herramienta estrat\u00e9gica facilitadora de las acciones de gesti\u00f3n para la prestaci\u00f3n de servicios y con ello lograr tambi\u00e9n la obtenci\u00f3n de recursos extraordinarios.<\/span><\/p>\n<p style=\"text-align: justify;\">&nbsp;<\/p>\n<p class=\"x_MsoNormal\" style=\"text-align: justify;\"><span style=\"font-size: 14pt;\">En la Expo Servicios UAS participar\u00e1n 37 \u00e1reas del conocimiento, cada una con un stand donde mostrar\u00e1 la capacidad de especializaci\u00f3n, estudio y aplicaci\u00f3n de los conocimientos que se generan en la Universidad a trav\u00e9s de sus unidades acad\u00e9micas y centros de investigaci\u00f3n para atender necesidades en el \u00e1mbito de la vida cotidiana, empresarial y econ\u00f3mico en beneficio de la sociedad en general; es por ello un importante escaparate que permite a la instituci\u00f3n dar a conocer la capacidad de atender dichas necesidades.<\/span><\/p>\n<p style=\"text-align: justify;\">&nbsp;<\/p>\n<p class=\"x_MsoNormal\" style=\"text-align: justify;\"><span style=\"font-size: 14pt;\">Tanto el Cat\u00e1logo como la Expo Servicios UAS permiten a la instituci\u00f3n expandir sus fortalezas hacia sectores m\u00e1s amplios de la poblaci\u00f3n, impulsar la promoci\u00f3n y desarrollo de las competencias en materia de prestaci\u00f3n de servicios, cubrir las necesidades de los sectores p\u00fablico, privado y social y elevar los indicadores de calidad en la prestaci\u00f3n de servicios en todas las unidades acad\u00e9micas.<\/span><\/p>\n<p class=\"x_MsoNormal\" style=\"text-align: justify;\"><span lang=\"ES\" style=\"font-size: 14pt;\"><\/span><\/p>\n<p class=\"x_MsoNormal\" style=\"text-align: justify;\"><span style=\"font-size: 14pt;\">Este evento es parte de la formacio\u0301n integral y de incursio\u0301n al mercado profesional, una vinculacio\u0301n con el entorno, as\u00ed como una muestra compromiso social de ofrecer servicios especializados y de calidad a toda la comunidad y sociedad en general, adema\u0301s de generar recursos para resolver necesidades de las propias unidades acade\u0301micas que ofrecen sus servicios, por ello se convoca a la sociedad en general, sectores productivos, Gobierno Estatal y Municipal y Colegios de Profesionistas para que acudan a este evento.<\/span><\/p>\n<p style=\"text-align: justify;\">&nbsp;<\/p>\n<p style=\"text-align: justify;\">&nbsp;<\/p>\n<p style=\"text-align: justify;\"><span style=\"font-size: 14pt;\">REDACCI\u00d3N\/VISI\u00d3N CIUDADANA.<\/span><\/p>\n","protected":false},"excerpt":{"rendered":"<p>Con el prop\u00f3sito de exhibir los diversos servicios que la Universidad Aut\u00f3noma de Sinaloa (UAS) ofrece a trav\u00e9s de sus escuelas, facultades y \u00e1reas del conocimiento, se llevar\u00e1 a cabo este 18 de noviembre la Expo Servicios UAS 2021 \u201cEl conocimiento y experiencia de la UAS al servicio de la comunidad\u201d. &nbsp; El Edificio Central [&hellip;]<\/p>\n","protected":false},"author":1,"featured_media":2230,"comment_status":"closed","ping_status":"closed","sticky":false,"template":"","format":"standard","meta":{"footnotes":""},"categories":[24],"tags":[],"ppma_author":[31],"class_list":["post-17914","post","type-post","status-publish","format-standard","has-post-thumbnail","hentry","category-relevantes"],"aioseo_notices":[],"authors":[{"term_id":31,"user_id":1,"is_guest":0,"slug":"ivan3vino","display_name":"Iv\u00e1n Trevi\u00f1o","avatar_url":{"url":"https:\/\/visionciudadana.com.mx\/oficial\/wp-content\/uploads\/2025\/09\/columna-ivan-Trevino.png","url2x":"https:\/\/visionciudadana.com.mx\/oficial\/wp-content\/uploads\/2025\/09\/columna-ivan-Trevino.png"},"0":null,"1":"","2":"","3":"","4":"","5":"","6":"","7":"","8":""}],"_links":{"self":[{"href":"https:\/\/visionciudadana.com.mx\/oficial\/wp-json\/wp\/v2\/posts\/17914","targetHints":{"allow":["GET"]}}],"collection":[{"href":"https:\/\/visionciudadana.com.mx\/oficial\/wp-json\/wp\/v2\/posts"}],"about":[{"href":"https:\/\/visionciudadana.com.mx\/oficial\/wp-json\/wp\/v2\/types\/post"}],"author":[{"embeddable":true,"href":"https:\/\/visionciudadana.com.mx\/oficial\/wp-json\/wp\/v2\/users\/1"}],"replies":[{"embeddable":true,"href":"https:\/\/visionciudadana.com.mx\/oficial\/wp-json\/wp\/v2\/comments?post=17914"}],"version-history":[{"count":1,"href":"https:\/\/visionciudadana.com.mx\/oficial\/wp-json\/wp\/v2\/posts\/17914\/revisions"}],"predecessor-version":[{"id":30438,"href":"https:\/\/visionciudadana.com.mx\/oficial\/wp-json\/wp\/v2\/posts\/17914\/revisions\/30438"}],"wp:featuredmedia":[{"embeddable":true,"href":"https:\/\/visionciudadana.com.mx\/oficial\/wp-json\/wp\/v2\/posts\/2230"}],"wp:attachment":[{"href":"https:\/\/visionciudadana.com.mx\/oficial\/wp-json\/wp\/v2\/media?parent=17914"}],"wp:term":[{"taxonomy":"category","embeddable":true,"href":"https:\/\/visionciudadana.com.mx\/oficial\/wp-json\/wp\/v2\/categories?post=17914"},{"taxonomy":"post_tag","embeddable":true,"href":"https:\/\/visionciudadana.com.mx\/oficial\/wp-json\/wp\/v2\/tags?post=17914"},{"taxonomy":"author","embeddable":true,"href":"https:\/\/visionciudadana.com.mx\/oficial\/wp-json\/wp\/v2\/ppma_author?post=17914"}],"curies":[{"name":"wp","href":"https:\/\/api.w.org\/{rel}","templated":true}]}}