{"id":17887,"date":"2021-11-08T23:44:26","date_gmt":"2021-11-08T23:44:26","guid":{"rendered":"https:\/\/visionciudadana.com.mx\/chio\/2021\/11\/08\/estudiantes-de-la-uas-representaran-a-sinaloa-en-la-olimpiada-nacional-de-quimica\/"},"modified":"2025-06-24T23:30:54","modified_gmt":"2025-06-24T23:30:54","slug":"estudiantes-de-la-uas-representaran-a-sinaloa-en-la-olimpiada-nacional-de-quimica","status":"publish","type":"post","link":"https:\/\/visionciudadana.com.mx\/oficial\/2021\/11\/08\/estudiantes-de-la-uas-representaran-a-sinaloa-en-la-olimpiada-nacional-de-quimica\/","title":{"rendered":"Estudiantes de la UAS representar\u00e1n a Sinaloa en la Olimpiada Nacional de Qu\u00edmica"},"content":{"rendered":"<p class=\"x_MsoNormal\" align=\"center\"><b><img fetchpriority=\"high\" decoding=\"async\" src=\"images\/2021\/nov21\/oli.jpg\" alt=\"oli\" width=\"720\" height=\"480\" style=\"display: block; margin: 20px auto;\" \/>&nbsp;<\/b><\/p>\n<p class=\"x_MsoNormal\" style=\"text-align: justify;\"><span style=\"font-size: 14pt;\">Cinco estudiantes del bachillerato de la Universidad Aut\u00f3noma de Sinaloa (UAS), de un total de seis, forman parte de la delegaci\u00f3n estatal que participar\u00e1 en la XXXI Olimpiada Nacional de Qu\u00edmica a celebrarse del 15 al 22 de noviembre, hecho que representa un orgullo y la calidad con que se forma a los j\u00f3venes del nivel medio superior, destac\u00f3 Candelario Ortiz Bueno, titular de la Direcci\u00f3n General de Escuelas Preparatorias.<\/span><\/p>\n<p style=\"text-align: justify;\">&nbsp;<\/p>\n<p class=\"x_MsoNormal\" style=\"text-align: justify;\"><span style=\"font-size: 14pt;\">\u201cEsto es muestra de todo el trabajo que se hace en las unidades acad\u00e9micas\u201d, apunt\u00f3.<\/span><\/p>\n<p style=\"text-align: justify;\">&nbsp;<\/p>\n<p class=\"x_MsoNormal\" style=\"text-align: justify;\"><span style=\"font-size: 14pt;\">El funcionario y acad\u00e9mico universitario destac\u00f3 que los estudiantes seleccionados para la etapa nacional son: Jos\u00e9 Alberto Garc\u00eda G\u00e1mez y Jos\u00e9 Carlos Guti\u00e9rrez Rubio, de la Preparatoria Guasave Diurna; Claudia Guerrero L\u00f3pez, de la Preparatoria Navolato, adem\u00e1s de \u00d3scar Inzunza L\u00f3pez y Esperanza Inzunza Lugo, ambos de la Preparatoria Guam\u00fachil.<\/span><\/p>\n<p style=\"text-align: justify;\">&nbsp;<\/p>\n<p class=\"x_MsoNormal\" style=\"text-align: justify;\"><span style=\"font-size: 14pt;\">Detall\u00f3 que la selecci\u00f3n estatal se conform\u00f3 luego de celebrarse la etapa interinstitucional de la Olimpiada en donde participaron 110 alumnos, de donde sali\u00f3 una preselecci\u00f3n integrada por 18 alumnos de diferentes subsistemas (10 de la UAS), los cuales continuaron su preparaci\u00f3n en la Facultad de Ciencias Qu\u00edmico Biol\u00f3gicas y el pasado 30 de octubre se definieron los 6 alumnos que representar\u00e1n a Sinaloa en la etapa nacional.\u201cVa a ser de manera virtual y de esa Olimpiada Nacional se tendr\u00e1 la participaci\u00f3n de 6 alumnos por cada estado y de esa participaci\u00f3n se va a obtener una preselecci\u00f3n de entre 15 y 20 alumnos que a su vez seguir\u00e1n trabajando con ellos y se va a obtener una selecci\u00f3n final de 4 alumnos que van a participar en el a\u00f1o 2022 en la Olimpiada Internacional de Qu\u00edmica, que ser\u00eda en China y tambi\u00e9n para participar en la Iberoamericana y la sede est\u00e1 por confirmar\u201d, revel\u00f3.&nbsp;<\/span><\/p>\n<p style=\"text-align: justify;\">&nbsp;<\/p>\n<p class=\"x_MsoNormal\" style=\"text-align: justify;\"><span style=\"font-size: 14pt;\">Ortiz Bueno manifest\u00f3 que las expectativas en esta selecci\u00f3n estatal son buenas ya que se ha venido haciendo un extraordinario trabajo de preparaci\u00f3n, en donde los alumnos han puesto bastante empe\u00f1o y dedicaci\u00f3n, y lo mejor que son de preparatorias de la Universidad que se encuentran en diferentes puntos del Estado, lo que habla de que la calidad acad\u00e9mica que se ofrece es en general y no centralizada.<\/span><\/p>\n<div style=\"text-align: justify;\"><br aria-hidden=\"true\" \/><\/div>\n<div style=\"text-align: justify;\">&nbsp;<\/div>\n<div style=\"text-align: justify;\">&nbsp;<\/div>\n<div style=\"text-align: justify;\"><span style=\"font-size: 14pt;\">REDACCI\u00d3N\/VISI\u00d3N CIUDADANA.<\/span><\/div>\n","protected":false},"excerpt":{"rendered":"<p>&nbsp; Cinco estudiantes del bachillerato de la Universidad Aut\u00f3noma de Sinaloa (UAS), de un total de seis, forman parte de la delegaci\u00f3n estatal que participar\u00e1 en la XXXI Olimpiada Nacional de Qu\u00edmica a celebrarse del 15 al 22 de noviembre, hecho que representa un orgullo y la calidad con que se forma a los j\u00f3venes [&hellip;]<\/p>\n","protected":false},"author":1,"featured_media":2200,"comment_status":"closed","ping_status":"closed","sticky":false,"template":"","format":"standard","meta":{"footnotes":""},"categories":[13],"tags":[],"ppma_author":[31],"class_list":["post-17887","post","type-post","status-publish","format-standard","has-post-thumbnail","hentry","category-locales"],"aioseo_notices":[],"authors":[{"term_id":31,"user_id":1,"is_guest":0,"slug":"ivan3vino","display_name":"Iv\u00e1n Trevi\u00f1o","avatar_url":{"url":"https:\/\/visionciudadana.com.mx\/oficial\/wp-content\/uploads\/2025\/09\/columna-ivan-Trevino.png","url2x":"https:\/\/visionciudadana.com.mx\/oficial\/wp-content\/uploads\/2025\/09\/columna-ivan-Trevino.png"},"0":null,"1":"","2":"","3":"","4":"","5":"","6":"","7":"","8":""}],"_links":{"self":[{"href":"https:\/\/visionciudadana.com.mx\/oficial\/wp-json\/wp\/v2\/posts\/17887","targetHints":{"allow":["GET"]}}],"collection":[{"href":"https:\/\/visionciudadana.com.mx\/oficial\/wp-json\/wp\/v2\/posts"}],"about":[{"href":"https:\/\/visionciudadana.com.mx\/oficial\/wp-json\/wp\/v2\/types\/post"}],"author":[{"embeddable":true,"href":"https:\/\/visionciudadana.com.mx\/oficial\/wp-json\/wp\/v2\/users\/1"}],"replies":[{"embeddable":true,"href":"https:\/\/visionciudadana.com.mx\/oficial\/wp-json\/wp\/v2\/comments?post=17887"}],"version-history":[{"count":1,"href":"https:\/\/visionciudadana.com.mx\/oficial\/wp-json\/wp\/v2\/posts\/17887\/revisions"}],"predecessor-version":[{"id":30441,"href":"https:\/\/visionciudadana.com.mx\/oficial\/wp-json\/wp\/v2\/posts\/17887\/revisions\/30441"}],"wp:featuredmedia":[{"embeddable":true,"href":"https:\/\/visionciudadana.com.mx\/oficial\/wp-json\/wp\/v2\/posts\/2200"}],"wp:attachment":[{"href":"https:\/\/visionciudadana.com.mx\/oficial\/wp-json\/wp\/v2\/media?parent=17887"}],"wp:term":[{"taxonomy":"category","embeddable":true,"href":"https:\/\/visionciudadana.com.mx\/oficial\/wp-json\/wp\/v2\/categories?post=17887"},{"taxonomy":"post_tag","embeddable":true,"href":"https:\/\/visionciudadana.com.mx\/oficial\/wp-json\/wp\/v2\/tags?post=17887"},{"taxonomy":"author","embeddable":true,"href":"https:\/\/visionciudadana.com.mx\/oficial\/wp-json\/wp\/v2\/ppma_author?post=17887"}],"curies":[{"name":"wp","href":"https:\/\/api.w.org\/{rel}","templated":true}]}}