{"id":17886,"date":"2021-11-08T23:20:29","date_gmt":"2021-11-08T23:20:29","guid":{"rendered":"https:\/\/visionciudadana.com.mx\/chio\/2021\/11\/08\/inicia-procuraduria-de-ninas-ninos-y-adolescentes-en-proceso-de-entrega-recepcion\/"},"modified":"2025-06-24T23:30:54","modified_gmt":"2025-06-24T23:30:54","slug":"inicia-procuraduria-de-ninas-ninos-y-adolescentes-en-proceso-de-entrega-recepcion","status":"publish","type":"post","link":"https:\/\/visionciudadana.com.mx\/oficial\/2021\/11\/08\/inicia-procuraduria-de-ninas-ninos-y-adolescentes-en-proceso-de-entrega-recepcion\/","title":{"rendered":"Inicia Procuradur\u00eda de ni\u00f1as, ni\u00f1os y Adolescentes en proceso de entrega-recepci\u00f3n"},"content":{"rendered":"<p style=\"text-align: justify;\"><img fetchpriority=\"high\" decoding=\"async\" src=\"images\/2021\/nov21\/nnya.jpg\" alt=\"nnya\" width=\"720\" height=\"480\" style=\"display: block; margin: 20px auto;\" \/><span style=\"font-size: 14pt;\">De acuerdo a lo establecido en la ley, la Procuradur\u00eda Protecci\u00f3n de Ni\u00f1as, Ni\u00f1os y Adolescentes, llev\u00f3 a cabo el proceso de entrega-recepci\u00f3n, ante la presencia de las autoridades de la secretar\u00eda de transparencia, con el fin de que se cumplan a cabo las revisiones de lo que pertenece a esta instituci\u00f3n.<\/span><\/p>\n<p style=\"text-align: justify;\">&nbsp;<\/p>\n<p class=\"x_MsoNormal\" style=\"text-align: justify;\"><span style=\"font-size: 14pt;\">La Procuradora Lic. Faviola Biridiana C\u00e1rdenas encabez\u00f3 esta reuni\u00f3n en la que se comprometi\u00f3 a cumplir con la instrucci\u00f3n del gobernador de Sinaloa, el Dr. R\u00faben Rocha Moya y la Presidenta de Sinaloa la Dra. Eneyda Rocha Ruiz, en la que se deber\u00e1 cumplir los lineamientos establecidos en la ley y hacer las observaciones en caso de ser necesario.<\/span><\/p>\n<p style=\"text-align: justify;\">&nbsp;<\/p>\n<p class=\"x_MsoNormal\" style=\"text-align: justify;\"><span style=\"font-size: 14pt;\">\u201cEste proceso se llevar\u00e1 a cabo con transparencia, se har\u00e1 una revisi\u00f3n de los recursos humanos y materiales con los que cuenta la procuradur\u00eda\u201d, expres\u00f3.<\/span><\/p>\n<p style=\"text-align: justify;\">&nbsp;<\/p>\n<p class=\"x_MsoNormal\" style=\"text-align: justify;\"><span style=\"font-size: 14pt;\">Durante este encuentro estuvo presente, Claudia Josefina G\u00e1mez Verduzco, quien hizo entrega de las evidencias de cada uno de los recursos que pertenecen a la procuradur\u00eda.<\/span><\/p>\n<p style=\"text-align: justify;\">&nbsp;<\/p>\n<p style=\"text-align: justify;\">&nbsp;<\/p>\n<p style=\"text-align: justify;\"><span style=\"font-size: 14pt;\">REDACCI\u00d3N\/VISI\u00d3N CIUDADANA.<\/span><\/p>\n","protected":false},"excerpt":{"rendered":"<p>De acuerdo a lo establecido en la ley, la Procuradur\u00eda Protecci\u00f3n de Ni\u00f1as, Ni\u00f1os y Adolescentes, llev\u00f3 a cabo el proceso de entrega-recepci\u00f3n, ante la presencia de las autoridades de la secretar\u00eda de transparencia, con el fin de que se cumplan a cabo las revisiones de lo que pertenece a esta instituci\u00f3n. &nbsp; La Procuradora [&hellip;]<\/p>\n","protected":false},"author":1,"featured_media":2198,"comment_status":"closed","ping_status":"closed","sticky":false,"template":"","format":"standard","meta":{"footnotes":""},"categories":[13],"tags":[],"ppma_author":[31],"class_list":["post-17886","post","type-post","status-publish","format-standard","has-post-thumbnail","hentry","category-locales"],"aioseo_notices":[],"authors":[{"term_id":31,"user_id":1,"is_guest":0,"slug":"ivan3vino","display_name":"Iv\u00e1n Trevi\u00f1o","avatar_url":{"url":"https:\/\/visionciudadana.com.mx\/oficial\/wp-content\/uploads\/2025\/09\/columna-ivan-Trevino.png","url2x":"https:\/\/visionciudadana.com.mx\/oficial\/wp-content\/uploads\/2025\/09\/columna-ivan-Trevino.png"},"0":null,"1":"","2":"","3":"","4":"","5":"","6":"","7":"","8":""}],"_links":{"self":[{"href":"https:\/\/visionciudadana.com.mx\/oficial\/wp-json\/wp\/v2\/posts\/17886","targetHints":{"allow":["GET"]}}],"collection":[{"href":"https:\/\/visionciudadana.com.mx\/oficial\/wp-json\/wp\/v2\/posts"}],"about":[{"href":"https:\/\/visionciudadana.com.mx\/oficial\/wp-json\/wp\/v2\/types\/post"}],"author":[{"embeddable":true,"href":"https:\/\/visionciudadana.com.mx\/oficial\/wp-json\/wp\/v2\/users\/1"}],"replies":[{"embeddable":true,"href":"https:\/\/visionciudadana.com.mx\/oficial\/wp-json\/wp\/v2\/comments?post=17886"}],"version-history":[{"count":1,"href":"https:\/\/visionciudadana.com.mx\/oficial\/wp-json\/wp\/v2\/posts\/17886\/revisions"}],"predecessor-version":[{"id":30442,"href":"https:\/\/visionciudadana.com.mx\/oficial\/wp-json\/wp\/v2\/posts\/17886\/revisions\/30442"}],"wp:featuredmedia":[{"embeddable":true,"href":"https:\/\/visionciudadana.com.mx\/oficial\/wp-json\/wp\/v2\/posts\/2198"}],"wp:attachment":[{"href":"https:\/\/visionciudadana.com.mx\/oficial\/wp-json\/wp\/v2\/media?parent=17886"}],"wp:term":[{"taxonomy":"category","embeddable":true,"href":"https:\/\/visionciudadana.com.mx\/oficial\/wp-json\/wp\/v2\/categories?post=17886"},{"taxonomy":"post_tag","embeddable":true,"href":"https:\/\/visionciudadana.com.mx\/oficial\/wp-json\/wp\/v2\/tags?post=17886"},{"taxonomy":"author","embeddable":true,"href":"https:\/\/visionciudadana.com.mx\/oficial\/wp-json\/wp\/v2\/ppma_author?post=17886"}],"curies":[{"name":"wp","href":"https:\/\/api.w.org\/{rel}","templated":true}]}}