{"id":17885,"date":"2021-11-08T23:11:05","date_gmt":"2021-11-08T23:11:05","guid":{"rendered":"https:\/\/visionciudadana.com.mx\/chio\/2021\/11\/08\/rocha-moya-anuncia-descuentos-en-tramites-vehiculares-por-el-buen-fin\/"},"modified":"2025-06-24T23:30:54","modified_gmt":"2025-06-24T23:30:54","slug":"rocha-moya-anuncia-descuentos-en-tramites-vehiculares-por-el-buen-fin","status":"publish","type":"post","link":"https:\/\/visionciudadana.com.mx\/oficial\/2021\/11\/08\/rocha-moya-anuncia-descuentos-en-tramites-vehiculares-por-el-buen-fin\/","title":{"rendered":"Rocha Moya anuncia descuentos en tr\u00e1mites vehiculares por el Buen Fin"},"content":{"rendered":"<p><img fetchpriority=\"high\" decoding=\"async\" src=\"images\/2021\/nov21\/recargos.jpg\" alt=\"recargos\" width=\"720\" height=\"480\" style=\"display: block; margin: 20px auto;\" \/><\/p>\n<p style=\"text-align: justify;\"><span style=\"font-size: 14pt;\">Para apoyar la econom\u00eda de las familias sinaloenses, el gobernador Rub\u00e9n Rocha Moya anunci\u00f3 que el Gobierno del Estado se sumar\u00e1 al Buen Fin, pues en esta semana se ofrecer\u00e1n descuentos del 75 por ciento en multas, recargos, honorarios y gastos en los tr\u00e1mites vehiculares, para que los contribuyentes que mantienen alg\u00fan rezago en estas obligaciones fiscales se pongan al corriente aprovechando los descuentos.<\/span><\/p>\n<p style=\"text-align: justify;\">&nbsp;<\/p>\n<p style=\"text-align: justify;\"><span style=\"font-size: 14pt;\">El anuncio lo hizo el gobernador Rub\u00e9n Rocha Moya al ofrecer su primera conferencia de prensa semanal, desde Palacio de Gobierno, -la cual ya fue identificada por los medios de comunicaci\u00f3n como \u201cLa Semanera\u201d-, donde hizo un recuento de las actividades realizadas en su primera semana de trabajo como mandatario estatal, pero tambi\u00e9n aprovech\u00f3 para comunicar a la ciudadan\u00eda sobre la aplicaci\u00f3n de este programa de descuentos, que estar\u00e1 vigente desde el mi\u00e9rcoles 10 hasta el martes 16 de noviembre, como parte del tradicional Buen Fin.<\/span><\/p>\n<p style=\"text-align: justify;\">&nbsp;<\/p>\n<p style=\"text-align: justify;\"><span style=\"font-size: 14pt;\">Rocha Moya le solicit\u00f3 al director del Servicio de Administraci\u00f3n Tributaria del Estado de Sinaloa (SATES), Oscar Luis L\u00f3pez Barraza, que explicara a detalle en qu\u00e9 consiste dicho programa de descuentos, y al respecto, el funcionario inform\u00f3 que va dirigido a un padr\u00f3n que oscila en 50 mil contribuyentes que mantienen rezago en el pago de algunos de los diversos tr\u00e1mites vehiculares.<\/span><\/p>\n<p style=\"text-align: justify;\">&nbsp;<\/p>\n<p style=\"text-align: justify;\"><span style=\"font-size: 14pt;\">Inform\u00f3 que el descuento de 75 por ciento aplicar\u00e1 para multas, recargos, honorarios y gastos en los tr\u00e1mites de Refrendo Anual Vehicular (Tarjeta de Circulaci\u00f3n y Calcoman\u00eda), canje de placas vehiculares, alta de nuevas placas, adem\u00e1s de un 50 por ciento de descuento en la expedici\u00f3n de licencias de conducir.<\/span><\/p>\n<p style=\"text-align: justify;\">&nbsp;<\/p>\n<p style=\"text-align: justify;\"><span style=\"font-size: 14pt;\">A\u00f1adi\u00f3 que para aprovechar dicho programa de descuentos, este fin de semana estar\u00e1n abiertas al p\u00fablico todas las oficinas de Recaudaci\u00f3n de Rentas del Gobierno del Estado, tanto la USE como en los diferentes municipios, pero tambi\u00e9n el director del SATES invit\u00f3 a los contribuyentes a pagar a trav\u00e9s del portal de Internet&nbsp;<a href=\"http:\/\/ciudadanos.sinaloa.gob.mx\/\" target=\"_blank\" rel=\"noopener noreferrer\" data-auth=\"NotApplicable\" data-linkindex=\"1\">ciudadanos.sinaloa.gob.mx<\/a>, donde adem\u00e1s podr\u00e1n aprovechar las facilidades de pago en 3, 6 y 9 meses sin intereses. O bien, imprimir su recibo de pago y acudir a cualquier tienda Oxxo a pagarlo en efectivo.<\/span><\/p>\n<p style=\"text-align: justify;\">&nbsp;<\/p>\n<p style=\"text-align: justify;\"><span style=\"font-size: 14pt;\">Tambi\u00e9n inform\u00f3 que se estima que el ahorro por los descuentos para los contribuyentes alcance la cifra de 50 millones de pesos en su conjunto, por lo que exhort\u00f3 a la ciudadan\u00eda a aprovechar este programa.<\/span><\/p>\n<p style=\"text-align: justify;\">&nbsp;<\/p>\n<p style=\"text-align: justify;\">&nbsp;<\/p>\n<p style=\"text-align: justify;\"><span style=\"font-size: 14pt;\">REDACCI\u00d3N\/VISI\u00d3N CIUDADANA.<\/span><\/p>\n","protected":false},"excerpt":{"rendered":"<p>Para apoyar la econom\u00eda de las familias sinaloenses, el gobernador Rub\u00e9n Rocha Moya anunci\u00f3 que el Gobierno del Estado se sumar\u00e1 al Buen Fin, pues en esta semana se ofrecer\u00e1n descuentos del 75 por ciento en multas, recargos, honorarios y gastos en los tr\u00e1mites vehiculares, para que los contribuyentes que mantienen alg\u00fan rezago en estas [&hellip;]<\/p>\n","protected":false},"author":1,"featured_media":2196,"comment_status":"closed","ping_status":"closed","sticky":false,"template":"","format":"standard","meta":{"footnotes":""},"categories":[24],"tags":[],"ppma_author":[31],"class_list":["post-17885","post","type-post","status-publish","format-standard","has-post-thumbnail","hentry","category-relevantes"],"aioseo_notices":[],"authors":[{"term_id":31,"user_id":1,"is_guest":0,"slug":"ivan3vino","display_name":"Iv\u00e1n Trevi\u00f1o","avatar_url":{"url":"https:\/\/visionciudadana.com.mx\/oficial\/wp-content\/uploads\/2025\/09\/columna-ivan-Trevino.png","url2x":"https:\/\/visionciudadana.com.mx\/oficial\/wp-content\/uploads\/2025\/09\/columna-ivan-Trevino.png"},"0":null,"1":"","2":"","3":"","4":"","5":"","6":"","7":"","8":""}],"_links":{"self":[{"href":"https:\/\/visionciudadana.com.mx\/oficial\/wp-json\/wp\/v2\/posts\/17885","targetHints":{"allow":["GET"]}}],"collection":[{"href":"https:\/\/visionciudadana.com.mx\/oficial\/wp-json\/wp\/v2\/posts"}],"about":[{"href":"https:\/\/visionciudadana.com.mx\/oficial\/wp-json\/wp\/v2\/types\/post"}],"author":[{"embeddable":true,"href":"https:\/\/visionciudadana.com.mx\/oficial\/wp-json\/wp\/v2\/users\/1"}],"replies":[{"embeddable":true,"href":"https:\/\/visionciudadana.com.mx\/oficial\/wp-json\/wp\/v2\/comments?post=17885"}],"version-history":[{"count":1,"href":"https:\/\/visionciudadana.com.mx\/oficial\/wp-json\/wp\/v2\/posts\/17885\/revisions"}],"predecessor-version":[{"id":30443,"href":"https:\/\/visionciudadana.com.mx\/oficial\/wp-json\/wp\/v2\/posts\/17885\/revisions\/30443"}],"wp:featuredmedia":[{"embeddable":true,"href":"https:\/\/visionciudadana.com.mx\/oficial\/wp-json\/wp\/v2\/posts\/2196"}],"wp:attachment":[{"href":"https:\/\/visionciudadana.com.mx\/oficial\/wp-json\/wp\/v2\/media?parent=17885"}],"wp:term":[{"taxonomy":"category","embeddable":true,"href":"https:\/\/visionciudadana.com.mx\/oficial\/wp-json\/wp\/v2\/categories?post=17885"},{"taxonomy":"post_tag","embeddable":true,"href":"https:\/\/visionciudadana.com.mx\/oficial\/wp-json\/wp\/v2\/tags?post=17885"},{"taxonomy":"author","embeddable":true,"href":"https:\/\/visionciudadana.com.mx\/oficial\/wp-json\/wp\/v2\/ppma_author?post=17885"}],"curies":[{"name":"wp","href":"https:\/\/api.w.org\/{rel}","templated":true}]}}