{"id":17884,"date":"2021-11-08T22:52:48","date_gmt":"2021-11-08T22:52:48","guid":{"rendered":"https:\/\/visionciudadana.com.mx\/chio\/2021\/11\/08\/invita-centro-de-ciencias-de-sinaloa-a-la-exposicion-microsculpture\/"},"modified":"2025-06-24T23:30:54","modified_gmt":"2025-06-24T23:30:54","slug":"invita-centro-de-ciencias-de-sinaloa-a-la-exposicion-microsculpture","status":"publish","type":"post","link":"https:\/\/visionciudadana.com.mx\/oficial\/2021\/11\/08\/invita-centro-de-ciencias-de-sinaloa-a-la-exposicion-microsculpture\/","title":{"rendered":"Invita Centro de Ciencias de Sinaloa a la exposici\u00f3n \u00abMicrosculpture\u00bb"},"content":{"rendered":"<p style=\"text-align: justify;\"><img fetchpriority=\"high\" decoding=\"async\" src=\"images\/2021\/nov21\/ciencias.jpg\" alt=\"ciencias\" width=\"720\" height=\"480\" style=\"display: block; margin: 20px auto;\" \/><span style=\"font-size: 14pt;\">Museo Materia del Centro de Ciencias de Sinaloa tiene una de las exposiciones m\u00e1s prestigiadas del Museo Americano de Historia Natural de New York, \u00abMicrosculpture\u00bb de Levon Biss.<\/span><\/p>\n<p style=\"text-align: justify;\">&nbsp;<\/p>\n<p class=\"x_MsoNormal\" style=\"text-align: justify;\"><span style=\"font-size: 14pt;\">Esta exhibici\u00f3n presenta el trabajo fotogr\u00e1fico entomol\u00f3gico de Levon Biss el cual forma parte de&nbsp; las colecciones del Museo de Historia Natural de la Universidad de Oxford, est\u00e1 compuesta por 32 fotograf\u00edas de insectos tomadas a gran escala, con la iluminaci\u00f3n exacta y m\u00e1xima ampliaci\u00f3n que captura la forma microsc\u00f3pica y la adaptaci\u00f3n evolutiva; as\u00ed mismo en el laboratorio experimental BioLab pueden encontrar una colecci\u00f3n f\u00edsica de insectos.<\/span><\/p>\n<p style=\"text-align: justify;\">&nbsp;<\/p>\n<p class=\"x_MsoNormal\" style=\"text-align: justify;\"><span style=\"font-size: 14pt;\">Microsculpture se ha presentado en m\u00e1s de 20 pa\u00edses entre los que destacan Alemania, Inglaterra, Israel, Holanda, Dinamarca y por primera vez en M\u00e9xico en el museo Material del CCS.<\/span><\/p>\n<p style=\"text-align: justify;\">&nbsp;<\/p>\n<p class=\"x_MsoNormal\" style=\"text-align: justify;\"><span style=\"font-size: 14pt;\">Materia te invita a que conozcas esta maravillosa exposici\u00f3n y tengas la oportunidad de apreciar a trav\u00e9s de las fotograf\u00edas algunos insectos que fueron recolectados por Charles Darwin el padre de la teor\u00eda de la evoluci\u00f3n.<\/span><\/p>\n<p style=\"text-align: justify;\">&nbsp;<\/p>\n<p class=\"x_MsoNormal\" style=\"text-align: justify;\"><span style=\"font-size: 14pt;\">Adem\u00e1s as\u00f3mbrate con la nueva experiencia del cambio y vive un viaje en el cubo negro, las proyecciones en el video mapping, \u00a1haz tuyo el CCS! experimentando la ciencia y la tecnolog\u00eda, los horarios de atenci\u00f3n son de 12:00 a 20:30 horas de martes a domingo.&nbsp; &nbsp;<\/span><\/p>\n<p style=\"text-align: justify;\">&nbsp;<\/p>\n<p style=\"text-align: justify;\">&nbsp;<\/p>\n<p style=\"text-align: justify;\"><span style=\"font-size: 14pt;\">REDACCI\u00d3N\/VISI\u00d3N CIUDADANA.<\/span><\/p>\n","protected":false},"excerpt":{"rendered":"<p>Museo Materia del Centro de Ciencias de Sinaloa tiene una de las exposiciones m\u00e1s prestigiadas del Museo Americano de Historia Natural de New York, \u00abMicrosculpture\u00bb de Levon Biss. &nbsp; Esta exhibici\u00f3n presenta el trabajo fotogr\u00e1fico entomol\u00f3gico de Levon Biss el cual forma parte de&nbsp; las colecciones del Museo de Historia Natural de la Universidad de [&hellip;]<\/p>\n","protected":false},"author":1,"featured_media":2194,"comment_status":"closed","ping_status":"closed","sticky":false,"template":"","format":"standard","meta":{"footnotes":""},"categories":[13],"tags":[],"ppma_author":[31],"class_list":["post-17884","post","type-post","status-publish","format-standard","has-post-thumbnail","hentry","category-locales"],"aioseo_notices":[],"authors":[{"term_id":31,"user_id":1,"is_guest":0,"slug":"ivan3vino","display_name":"Iv\u00e1n Trevi\u00f1o","avatar_url":{"url":"https:\/\/visionciudadana.com.mx\/oficial\/wp-content\/uploads\/2025\/09\/columna-ivan-Trevino.png","url2x":"https:\/\/visionciudadana.com.mx\/oficial\/wp-content\/uploads\/2025\/09\/columna-ivan-Trevino.png"},"0":null,"1":"","2":"","3":"","4":"","5":"","6":"","7":"","8":""}],"_links":{"self":[{"href":"https:\/\/visionciudadana.com.mx\/oficial\/wp-json\/wp\/v2\/posts\/17884","targetHints":{"allow":["GET"]}}],"collection":[{"href":"https:\/\/visionciudadana.com.mx\/oficial\/wp-json\/wp\/v2\/posts"}],"about":[{"href":"https:\/\/visionciudadana.com.mx\/oficial\/wp-json\/wp\/v2\/types\/post"}],"author":[{"embeddable":true,"href":"https:\/\/visionciudadana.com.mx\/oficial\/wp-json\/wp\/v2\/users\/1"}],"replies":[{"embeddable":true,"href":"https:\/\/visionciudadana.com.mx\/oficial\/wp-json\/wp\/v2\/comments?post=17884"}],"version-history":[{"count":1,"href":"https:\/\/visionciudadana.com.mx\/oficial\/wp-json\/wp\/v2\/posts\/17884\/revisions"}],"predecessor-version":[{"id":30444,"href":"https:\/\/visionciudadana.com.mx\/oficial\/wp-json\/wp\/v2\/posts\/17884\/revisions\/30444"}],"wp:featuredmedia":[{"embeddable":true,"href":"https:\/\/visionciudadana.com.mx\/oficial\/wp-json\/wp\/v2\/posts\/2194"}],"wp:attachment":[{"href":"https:\/\/visionciudadana.com.mx\/oficial\/wp-json\/wp\/v2\/media?parent=17884"}],"wp:term":[{"taxonomy":"category","embeddable":true,"href":"https:\/\/visionciudadana.com.mx\/oficial\/wp-json\/wp\/v2\/categories?post=17884"},{"taxonomy":"post_tag","embeddable":true,"href":"https:\/\/visionciudadana.com.mx\/oficial\/wp-json\/wp\/v2\/tags?post=17884"},{"taxonomy":"author","embeddable":true,"href":"https:\/\/visionciudadana.com.mx\/oficial\/wp-json\/wp\/v2\/ppma_author?post=17884"}],"curies":[{"name":"wp","href":"https:\/\/api.w.org\/{rel}","templated":true}]}}