{"id":17882,"date":"2021-11-08T22:44:22","date_gmt":"2021-11-08T22:44:22","guid":{"rendered":"https:\/\/visionciudadana.com.mx\/chio\/2021\/11\/08\/rocha-moya-reitera-que-su-gobierno-sera-de-alto-sentido-social-y-humanista\/"},"modified":"2025-06-24T23:30:55","modified_gmt":"2025-06-24T23:30:55","slug":"rocha-moya-reitera-que-su-gobierno-sera-de-alto-sentido-social-y-humanista","status":"publish","type":"post","link":"https:\/\/visionciudadana.com.mx\/oficial\/2021\/11\/08\/rocha-moya-reitera-que-su-gobierno-sera-de-alto-sentido-social-y-humanista\/","title":{"rendered":"Rocha Moya reitera que su gobierno ser\u00e1 de alto sentido social y humanista"},"content":{"rendered":"<div><img fetchpriority=\"high\" decoding=\"async\" src=\"images\/2021\/nov21\/humanidad.jpg\" alt=\"humanidad\" width=\"720\" height=\"480\" style=\"display: block; margin: 20px auto;\" \/><\/div>\n<div style=\"text-align: justify;\"><span style=\"font-size: 14pt;\">Al encabezar su primera conferencia de prensa semanal, denominada \u201cLa Semanera\u201d, el gobernador Rub\u00e9n Rocha Moya reiter\u00f3 que su gobierno se distinguir\u00e1 por su alto sentido social y humanista, y como prueba de ello record\u00f3 que sus primeras reuniones de trabajo fueron los encuentros que sostuvo con los colectivos de desplazados forzosos, y de b\u00fasqueda de personas desaparecidas, en cumplimiento al compromiso que hizo en el sentido de que lo primero que har\u00eda como gobernador, ser\u00eda recibirlos para escucharlos y dise\u00f1ar una pol\u00edtica de Estado en esta materia.<\/span><\/div>\n<div style=\"text-align: justify;\">&nbsp;<\/div>\n<div style=\"text-align: justify;\"><span style=\"font-size: 14pt;\"><\/span><\/div>\n<div style=\"text-align: justify;\"><span style=\"font-size: 14pt;\">Con este tema inici\u00f3 el mandatario estatal su conferencia \u201cSemanera\u201d, en la que estuvo acompa\u00f1ado por la titular de la Secretar\u00eda de las Mujeres, Teresa Guerra Ochoa; por el secretario de Salud, H\u00e9ctor Melesio Cuen Ojeda; y por el director del SATES, Oscar Luis L\u00f3pez Barraza.<\/span><\/div>\n<div style=\"text-align: justify;\">&nbsp;<\/div>\n<div style=\"text-align: justify;\"><span style=\"font-size: 14pt;\"><\/span><\/div>\n<div style=\"text-align: justify;\"><span style=\"font-size: 14pt;\">Ante los medios de comunicaci\u00f3n que acudieron al auditorio de Palacio de Gobierno, el gobernador Rub\u00e9n Rocha Moya coment\u00f3 lo que fueron sus actividades durante la primera semana de trabajo, dedicada a darle prioridad a peque\u00f1as grandes obras que atienden lo m\u00e1s \u00edntimo, lo m\u00e1s necesario de la gente, justamente aqu\u00e9llas que le dan calidad de vida, como agua potable, drenaje y alcantarillado, alumbrado, pavimentaci\u00f3n, pisos o techos.<\/span><\/div>\n<div style=\"text-align: justify;\">&nbsp;<\/div>\n<div style=\"text-align: justify;\"><span style=\"font-size: 14pt;\"><\/span><\/div>\n<div style=\"text-align: justify;\"><span style=\"font-size: 14pt;\">\u201cEstamos tratando de echar a andar el gobierno, compromet\u00ed en mi toma de posesi\u00f3n que \u00edbamos a hacer una obra por municipio de mucho sentido social, ya lo estamos haciendo. Estuve en San Ignacio, estuve en Salvador Alvarado y lo estamos haciendo, sin necesidad de que est\u00e9 yo, est\u00e1n caminando las obras, ya dijimos que son reencarpetado de calles totalmente destruidas, las estamos reconstruyendo, en Guam\u00fachil hay un kil\u00f3metro de calle reconstruida, limpiar los pueblos tambi\u00e9n lo hicimos en Salvador Alvarado, una carretera reencarpetarla tambi\u00e9n\u201d, coment\u00f3.<\/span><\/div>\n<div>&nbsp;<\/div>\n<div style=\"text-align: justify;\"><span style=\"font-size: 14pt;\"><\/span><\/div>\n<div style=\"text-align: justify;\"><span style=\"font-size: 14pt;\">De igual manera, dio a conocer que en Choix, se llevar\u00e1 a cabo una obra social muy necesaria, aunque peque\u00f1a pero muy sentida, como es la conexi\u00f3n del servicio de energ\u00eda el\u00e9ctrica luz para dos sectores en espec\u00edfico, uno que se resuelve con 300 mil pesos y el otro con 400 mil pesos.<\/span><\/div>\n<div>&nbsp;<\/div>\n<div style=\"text-align: justify;\"><span style=\"font-size: 14pt;\"><\/span><\/div>\n<div style=\"text-align: justify;\"><span style=\"font-size: 14pt;\">Durante la \u201cSemanera\u201d, el gobernador Rub\u00e9n Rocha Moya les dio la palabra a sus dos secretarios que lo acompa\u00f1aron para abordar temas de inter\u00e9s con los medios de comunicaci\u00f3n. Primeramente, la secretaria de las Mujeres, Teresa Guerra, se\u00f1al\u00f3 que si bien el delito del feminicidio en Sinaloa ha registrado una reducci\u00f3n paulatina desde el 2017, la violencia contra las mujeres al interior del hogar se ha multiplicado de manera considerable, con incrementos de hasta un 45 por ciento en sus estad\u00edsticas.<\/span><\/div>\n<div style=\"text-align: justify;\">&nbsp;<\/div>\n<div style=\"text-align: justify;\"><span style=\"font-size: 14pt;\"><\/span><\/div>\n<div style=\"text-align: justify;\"><span style=\"font-size: 14pt;\">La secretaria se refiri\u00f3 al reciente caso de una fiesta con motivo del Halloween, donde el decorado del sal\u00f3n hac\u00eda apolog\u00eda al delito, precisamente al feminicidio, motivo por el cual solicit\u00f3 a la Fiscal\u00eda General del Estado se abriera una investigaci\u00f3n para castigar a los responsables, eco que encontr\u00f3 tambi\u00e9n de parte del Ayuntamiento de Culiac\u00e1n, clausurando el lugar.<\/span><\/div>\n<div style=\"text-align: justify;\">&nbsp;<\/div>\n<div style=\"text-align: justify;\"><span style=\"font-size: 14pt;\"><\/span><\/div>\n<div style=\"text-align: justify;\"><span style=\"font-size: 14pt;\">\u201cHay una propuesta para hacer visible en todos los lugares de diversi\u00f3n un cero tolerancia a la violencia contra las mujeres y est\u00e1 la propuesta para que este cero tolerancia a la violencia contra las mujeres haga visible con un mensaje tambi\u00e9n contundente en todas las dependencias p\u00fablicas, hablamos de gobierno estatal, hablamos gobiernos municipales y por supuesto que esto habr\u00e1 que platicarlo, concertarlo con los municipios, pero tambi\u00e9n al interior de gobierno. La idea es fortalecer las redes interinstitucionales para desde el arranque de este gobierno, como lo ha dicho el gobernador, mandar el mensaje que en este gobierno hay un compromiso serio para combatir la violencia contra las mujeres y actuar congruentemente en ese sentido\u201d, concluy\u00f3.<\/span><\/div>\n<div style=\"text-align: justify;\">&nbsp;<\/div>\n<div style=\"text-align: justify;\"><span style=\"font-size: 14pt;\"><\/span><\/div>\n<div style=\"text-align: justify;\"><span style=\"font-size: 14pt;\">A su vez, el secretario de Salud, H\u00e9ctor Melesio Cuen Ojeda, se refiri\u00f3 a la pandemia del COVID, y precis\u00f3 que la mejor estrategia para prevenirla es la vacunaci\u00f3n. \u201cNosotros le tenemos que seguir apostando a la vacunaci\u00f3n y como dijo bien el se\u00f1or gobernador, el d\u00eda de ayer no hubo decesos reportados por parte de los hospitales aqu\u00ed en el estado de Sinaloa, sin embargo, el d\u00eda de antier hubo doce decesos, pero ha venido a la baja y esto se debe sobre todo a las medidas que se han tomado con respecto a lo que es la mejor prevenci\u00f3n para esta enfermedad que es la vacunaci\u00f3n\u201d, explic\u00f3.<\/span><\/div>\n<div style=\"text-align: justify;\">&nbsp;<\/div>\n<div style=\"text-align: justify;\"><span style=\"font-size: 14pt;\"><\/span><\/div>\n<div style=\"text-align: justify;\"><span style=\"font-size: 14pt;\">Dio a conocer que el porcentaje de personas que han recibido al menos una de las dos aplicaciones de la vacuna, es del 64.7 por ciento de la poblaci\u00f3n, mientras que a nivel nacional es el 59.2 por ciento.<\/span><\/div>\n<div style=\"text-align: justify;\">&nbsp;<\/div>\n<div style=\"text-align: justify;\"><span style=\"font-size: 14pt;\"><\/span><\/div>\n<div style=\"text-align: justify;\"><span style=\"font-size: 14pt;\">En cuanto al esquema completo de las vacunas, el porcentaje en Sinaloa es del 56.4 por ciento, y en el resto del pa\u00eds es del 49 por ciento.<\/span><\/div>\n<div style=\"text-align: justify;\">&nbsp;<\/div>\n<div style=\"text-align: justify;\">&nbsp;<\/div>\n<div style=\"text-align: justify;\">&nbsp;<\/div>\n<div style=\"text-align: justify;\">&nbsp;<\/div>\n<div style=\"text-align: justify;\">&nbsp;<\/div>\n<div style=\"text-align: justify;\"><span style=\"font-size: 14pt;\">REDACCI\u00d3N\/VISI\u00d3N CIUDADANA.<\/span><\/div>\n","protected":false},"excerpt":{"rendered":"<p>Al encabezar su primera conferencia de prensa semanal, denominada \u201cLa Semanera\u201d, el gobernador Rub\u00e9n Rocha Moya reiter\u00f3 que su gobierno se distinguir\u00e1 por su alto sentido social y humanista, y como prueba de ello record\u00f3 que sus primeras reuniones de trabajo fueron los encuentros que sostuvo con los colectivos de desplazados forzosos, y de b\u00fasqueda [&hellip;]<\/p>\n","protected":false},"author":1,"featured_media":2190,"comment_status":"closed","ping_status":"closed","sticky":false,"template":"","format":"standard","meta":{"footnotes":""},"categories":[24],"tags":[],"ppma_author":[31],"class_list":["post-17882","post","type-post","status-publish","format-standard","has-post-thumbnail","hentry","category-relevantes"],"aioseo_notices":[],"authors":[{"term_id":31,"user_id":1,"is_guest":0,"slug":"ivan3vino","display_name":"Iv\u00e1n Trevi\u00f1o","avatar_url":{"url":"https:\/\/visionciudadana.com.mx\/oficial\/wp-content\/uploads\/2025\/09\/columna-ivan-Trevino.png","url2x":"https:\/\/visionciudadana.com.mx\/oficial\/wp-content\/uploads\/2025\/09\/columna-ivan-Trevino.png"},"0":null,"1":"","2":"","3":"","4":"","5":"","6":"","7":"","8":""}],"_links":{"self":[{"href":"https:\/\/visionciudadana.com.mx\/oficial\/wp-json\/wp\/v2\/posts\/17882","targetHints":{"allow":["GET"]}}],"collection":[{"href":"https:\/\/visionciudadana.com.mx\/oficial\/wp-json\/wp\/v2\/posts"}],"about":[{"href":"https:\/\/visionciudadana.com.mx\/oficial\/wp-json\/wp\/v2\/types\/post"}],"author":[{"embeddable":true,"href":"https:\/\/visionciudadana.com.mx\/oficial\/wp-json\/wp\/v2\/users\/1"}],"replies":[{"embeddable":true,"href":"https:\/\/visionciudadana.com.mx\/oficial\/wp-json\/wp\/v2\/comments?post=17882"}],"version-history":[{"count":1,"href":"https:\/\/visionciudadana.com.mx\/oficial\/wp-json\/wp\/v2\/posts\/17882\/revisions"}],"predecessor-version":[{"id":30446,"href":"https:\/\/visionciudadana.com.mx\/oficial\/wp-json\/wp\/v2\/posts\/17882\/revisions\/30446"}],"wp:featuredmedia":[{"embeddable":true,"href":"https:\/\/visionciudadana.com.mx\/oficial\/wp-json\/wp\/v2\/posts\/2190"}],"wp:attachment":[{"href":"https:\/\/visionciudadana.com.mx\/oficial\/wp-json\/wp\/v2\/media?parent=17882"}],"wp:term":[{"taxonomy":"category","embeddable":true,"href":"https:\/\/visionciudadana.com.mx\/oficial\/wp-json\/wp\/v2\/categories?post=17882"},{"taxonomy":"post_tag","embeddable":true,"href":"https:\/\/visionciudadana.com.mx\/oficial\/wp-json\/wp\/v2\/tags?post=17882"},{"taxonomy":"author","embeddable":true,"href":"https:\/\/visionciudadana.com.mx\/oficial\/wp-json\/wp\/v2\/ppma_author?post=17882"}],"curies":[{"name":"wp","href":"https:\/\/api.w.org\/{rel}","templated":true}]}}