{"id":17881,"date":"2021-11-08T22:39:45","date_gmt":"2021-11-08T22:39:45","guid":{"rendered":"https:\/\/visionciudadana.com.mx\/chio\/2021\/11\/08\/juan-guerra-asume-el-servicio-estatal-del-empleo-y-productividad\/"},"modified":"2025-06-24T23:30:55","modified_gmt":"2025-06-24T23:30:55","slug":"juan-guerra-asume-el-servicio-estatal-del-empleo-y-productividad","status":"publish","type":"post","link":"https:\/\/visionciudadana.com.mx\/oficial\/2021\/11\/08\/juan-guerra-asume-el-servicio-estatal-del-empleo-y-productividad\/","title":{"rendered":"Juan Guerra asume el Servicio Estatal del Empleo y Productividad"},"content":{"rendered":"<div style=\"text-align: justify;\"><img fetchpriority=\"high\" decoding=\"async\" src=\"images\/2021\/nov21\/GUERRA_juan.jpg\" alt=\"GUERRA juan\" width=\"720\" height=\"480\" style=\"display: block; margin: 20px auto;\" \/><\/div>\n<div style=\"text-align: justify;\"><span style=\"font-size: 14pt;\">Por instrucciones del gobernador Rub\u00e9n Rocha Moya, el secretario de Desarrollo Econ\u00f3mico, Javier Gaxiola Coppel, tom\u00f3 protesta a Juan Uliv Guerra Medina como nuevo director del Servicio Estatal del Empleo y Productividad.<\/span><\/div>\n<div style=\"text-align: justify;\">&nbsp;<\/div>\n<div style=\"text-align: justify;\"><span style=\"font-size: 14pt;\"><\/span><\/div>\n<div style=\"text-align: justify;\"><span style=\"font-size: 14pt;\">El nuevo funcionario estatal se comprometi\u00f3 a poner todo su empe\u00f1o y dedicaci\u00f3n para cumplir con las labores de este nuevo cargo, mismo que es un instrumento vinculante del mercado de trabajo.<\/span><\/div>\n<div style=\"text-align: justify;\"><span style=\"font-size: 14pt;\"><\/span><\/div>\n<div style=\"text-align: justify;\">&nbsp;<\/div>\n<div style=\"text-align: justify;\"><span style=\"font-size: 14pt;\">El nuevo director tiene claro el rol que jugar\u00e1 en esta nueva administraci\u00f3n, buscando ante todo vincularse con la iniciativa privada para poner la oferta laboral en los perfiles sinaloenses. Asimismo, ser un instrumento que promueva cursos de capacitaci\u00f3n para certificar y adecuar la demanda laboral a&nbsp; las necesidades&nbsp; de las nuevas inversiones que llegan al estado, y colocar bajo los convenios internacionales, la mano de obra calificada en mercados de Estados Unidos y&nbsp; Canad\u00e1.<\/span><\/div>\n<div style=\"text-align: justify;\">&nbsp;<\/div>\n<div style=\"text-align: justify;\"><span style=\"font-size: 14pt;\"><\/span><\/div>\n<div style=\"text-align: justify;\"><span style=\"font-size: 14pt;\">El Servicio Estatal del Empleo y&nbsp; Productividad es un organismo que&nbsp; tiene su origen en el&nbsp; Servicio Nacional&nbsp; del Empleo, mismo que depende de la Secretar\u00eda del Trabajo y Previsi\u00f3n Social del Gobierno de la Rep\u00fablica, con programas de alto impacto en la vida laboral de Sinaloa,&nbsp; como son: movilidad laboral, vinculaci\u00f3n con la fuentes de empleo, ferias de empleo, movilidad laboral interna, entre otros.<\/span><\/div>\n<div style=\"text-align: justify;\">&nbsp;<\/div>\n<div style=\"text-align: justify;\">&nbsp;<\/div>\n<div style=\"text-align: justify;\">&nbsp;<\/div>\n<div style=\"text-align: justify;\">&nbsp;<\/div>\n<div style=\"text-align: justify;\"><span style=\"font-size: 14pt;\">REDACI\u00d3N\/VISI\u00d3N CIUDADANA.<\/span><\/div>\n","protected":false},"excerpt":{"rendered":"<p>Por instrucciones del gobernador Rub\u00e9n Rocha Moya, el secretario de Desarrollo Econ\u00f3mico, Javier Gaxiola Coppel, tom\u00f3 protesta a Juan Uliv Guerra Medina como nuevo director del Servicio Estatal del Empleo y Productividad. &nbsp; El nuevo funcionario estatal se comprometi\u00f3 a poner todo su empe\u00f1o y dedicaci\u00f3n para cumplir con las labores de este nuevo cargo, [&hellip;]<\/p>\n","protected":false},"author":1,"featured_media":2188,"comment_status":"closed","ping_status":"closed","sticky":false,"template":"","format":"standard","meta":{"footnotes":""},"categories":[13],"tags":[],"ppma_author":[31],"class_list":["post-17881","post","type-post","status-publish","format-standard","has-post-thumbnail","hentry","category-locales"],"aioseo_notices":[],"authors":[{"term_id":31,"user_id":1,"is_guest":0,"slug":"ivan3vino","display_name":"Iv\u00e1n Trevi\u00f1o","avatar_url":{"url":"https:\/\/visionciudadana.com.mx\/oficial\/wp-content\/uploads\/2025\/09\/columna-ivan-Trevino.png","url2x":"https:\/\/visionciudadana.com.mx\/oficial\/wp-content\/uploads\/2025\/09\/columna-ivan-Trevino.png"},"0":null,"1":"","2":"","3":"","4":"","5":"","6":"","7":"","8":""}],"_links":{"self":[{"href":"https:\/\/visionciudadana.com.mx\/oficial\/wp-json\/wp\/v2\/posts\/17881","targetHints":{"allow":["GET"]}}],"collection":[{"href":"https:\/\/visionciudadana.com.mx\/oficial\/wp-json\/wp\/v2\/posts"}],"about":[{"href":"https:\/\/visionciudadana.com.mx\/oficial\/wp-json\/wp\/v2\/types\/post"}],"author":[{"embeddable":true,"href":"https:\/\/visionciudadana.com.mx\/oficial\/wp-json\/wp\/v2\/users\/1"}],"replies":[{"embeddable":true,"href":"https:\/\/visionciudadana.com.mx\/oficial\/wp-json\/wp\/v2\/comments?post=17881"}],"version-history":[{"count":1,"href":"https:\/\/visionciudadana.com.mx\/oficial\/wp-json\/wp\/v2\/posts\/17881\/revisions"}],"predecessor-version":[{"id":30447,"href":"https:\/\/visionciudadana.com.mx\/oficial\/wp-json\/wp\/v2\/posts\/17881\/revisions\/30447"}],"wp:featuredmedia":[{"embeddable":true,"href":"https:\/\/visionciudadana.com.mx\/oficial\/wp-json\/wp\/v2\/posts\/2188"}],"wp:attachment":[{"href":"https:\/\/visionciudadana.com.mx\/oficial\/wp-json\/wp\/v2\/media?parent=17881"}],"wp:term":[{"taxonomy":"category","embeddable":true,"href":"https:\/\/visionciudadana.com.mx\/oficial\/wp-json\/wp\/v2\/categories?post=17881"},{"taxonomy":"post_tag","embeddable":true,"href":"https:\/\/visionciudadana.com.mx\/oficial\/wp-json\/wp\/v2\/tags?post=17881"},{"taxonomy":"author","embeddable":true,"href":"https:\/\/visionciudadana.com.mx\/oficial\/wp-json\/wp\/v2\/ppma_author?post=17881"}],"curies":[{"name":"wp","href":"https:\/\/api.w.org\/{rel}","templated":true}]}}