{"id":17880,"date":"2021-11-08T22:32:36","date_gmt":"2021-11-08T22:32:36","guid":{"rendered":"https:\/\/visionciudadana.com.mx\/chio\/2021\/11\/08\/estamos-bien-comites-de-salud-continuan-aplicando-protocolos-eficientemente\/"},"modified":"2025-06-24T23:30:55","modified_gmt":"2025-06-24T23:30:55","slug":"estamos-bien-comites-de-salud-continuan-aplicando-protocolos-eficientemente","status":"publish","type":"post","link":"https:\/\/visionciudadana.com.mx\/oficial\/2021\/11\/08\/estamos-bien-comites-de-salud-continuan-aplicando-protocolos-eficientemente\/","title":{"rendered":"Estamos bien: Comit\u00e9s de Salud contin\u00faan aplicando protocolos eficientemente"},"content":{"rendered":"<p class=\"x_MsoNormal\"><span lang=\"ES\">&nbsp;<img fetchpriority=\"high\" decoding=\"async\" src=\"images\/2021\/nov21\/vacuna_protoco.jpg\" alt=\"vacuna protoco\" width=\"720\" height=\"480\" style=\"display: block; margin: 20px auto;\" \/><\/span><\/p>\n<p class=\"x_MsoNormal\" style=\"text-align: justify;\"><span style=\"font-size: 14pt;\">De manera eficiente contin\u00faan trabajando los Comit\u00e9s de Salud en cada unidad acad\u00e9mica de la Universidad Aut\u00f3noma de Sinaloa (UAS), brindando con ello confianza a los alumnos y sus familias de que el regreso a clases presenciales es totalmente seguro.<\/span><\/p>\n<p style=\"text-align: justify;\">&nbsp;<\/p>\n<p class=\"x_MsoNormal\" style=\"text-align: justify;\"><span style=\"font-size: 14pt;\">En la Facultad de Arquitectura, Lilian L\u00f3pez Salazar, coordinadora del turno matutino e integrante del Comit\u00e9 de Salud, es una de las encargadas de que los alumnos y docentes al ingresar al plantel respeten las medidas sanitarias, desde la toma de temperatura, usar gel antibacterial, portar cubrebocas y que guarden distancia.<\/span><\/p>\n<p style=\"text-align: justify;\">&nbsp;<\/p>\n<p class=\"x_MsoNormal\" style=\"text-align: justify;\"><span style=\"font-size: 14pt;\">\u201cCuando se termina la clase se sanitiza el aula con la ayuda de los compa\u00f1eros del departamento de intendencia y de mantenimiento (\u2026) gracias a Dios todo ha sido controlado, nos ha ayudado que sean grupos peque\u00f1os de estudiantes\u201d, comparti\u00f3.<\/span><\/p>\n<p style=\"text-align: justify;\">&nbsp;<\/p>\n<p class=\"x_MsoNormal\" style=\"text-align: justify;\"><span style=\"font-size: 14pt;\">Asegur\u00f3 que los alumnos se han portado atentos a las indicaciones para el correcto cuidado y cumplimiento de los protocolos de salud y ejemplo de ello es que no se ha detectado alg\u00fan caso sospechoso de COVID-19.<\/span><\/p>\n<p style=\"text-align: justify;\">&nbsp;<\/p>\n<p class=\"x_MsoNormal\" style=\"text-align: justify;\"><span style=\"font-size: 14pt;\">Las escuelas y facultades reportan contar con equipo y material para seguir las medidas sanitarias establecidas como son los term\u00f3metros, m\u00e1quinas sanitizantes, dispensadores de gel antibacterial, jab\u00f3n y papel en los ba\u00f1os, incluso en algunas se instalaron lavabos para la higiene de manos y hasta equipos de luz ultravioleta para sanitizar los espacios.<\/span><\/p>\n<p style=\"text-align: justify;\">&nbsp;<\/p>\n<p class=\"x_MsoNormal\" style=\"text-align: justify;\"><span style=\"font-size: 14pt;\">El encargado del Comit\u00e9 de Salud en la Facultad de Medicina, doctor Alfredo Rubio Figueroa, inform\u00f3 que se realiza el monitoreo diario con los estudiantes y personal acad\u00e9mico y administrativo siguiendo los protocolos, incluso se realizan rondines durante las horas de clase para la toma de temperatura de alumnos y maestros.<\/span><\/p>\n<p style=\"text-align: justify;\">&nbsp;<\/p>\n<p class=\"x_MsoNormal\" style=\"text-align: justify;\"><span style=\"font-size: 14pt;\">El tambi\u00e9n director de la Facultad, expres\u00f3 a los padres de familia que pueden estar tranquilos de que se siguen todas las medidas para que sus hijos est\u00e9n en las aulas y evitar al m\u00e1ximo un contagio.<\/span><\/p>\n<p style=\"text-align: justify;\">&nbsp;<\/p>\n<p class=\"x_MsoNormal\" style=\"text-align: justify;\"><span style=\"font-size: 14pt;\">Asimismo, en las preparatorias se contin\u00faan aplicando de manera estricta los protocolos establecidos por los Comit\u00e9s de Salud, ya que los estudiantes son sometidos a diversos filtros sanitarios antes de entrar a las aulas.<\/span><\/p>\n<p style=\"text-align: justify;\">&nbsp;<\/p>\n<p class=\"x_MsoNormal\" style=\"text-align: justify;\"><span style=\"font-size: 14pt;\">Luis Roberto Saucedo Tiller, integrante del Comit\u00e9 de Salud de la Preparatoria Emiliano Zapata destac\u00f3 que la disposici\u00f3n de los alumnos, docentes y trabajadores administrativos ha sido ideal ya que han acatado las instrucciones del personal de la entrada al plantel, tomando la temperatura, pidiendo la portaci\u00f3n del cubrebocas y aplicando gel antibacterial.<\/span><\/p>\n<p class=\"x_MsoNormal\" style=\"text-align: justify;\"><br aria-hidden=\"true\" \/><\/p>\n<p style=\"text-align: justify;\">&nbsp;<\/p>\n<p style=\"text-align: justify;\"><span style=\"font-size: 14pt;\">REDACCI\u00d3N\/VISI\u00d3N CIUDADANA.<\/span><\/p>\n","protected":false},"excerpt":{"rendered":"<p>&nbsp; De manera eficiente contin\u00faan trabajando los Comit\u00e9s de Salud en cada unidad acad\u00e9mica de la Universidad Aut\u00f3noma de Sinaloa (UAS), brindando con ello confianza a los alumnos y sus familias de que el regreso a clases presenciales es totalmente seguro. &nbsp; En la Facultad de Arquitectura, Lilian L\u00f3pez Salazar, coordinadora del turno matutino e [&hellip;]<\/p>\n","protected":false},"author":1,"featured_media":2186,"comment_status":"closed","ping_status":"closed","sticky":false,"template":"","format":"standard","meta":{"footnotes":""},"categories":[13],"tags":[],"ppma_author":[31],"class_list":["post-17880","post","type-post","status-publish","format-standard","has-post-thumbnail","hentry","category-locales"],"aioseo_notices":[],"authors":[{"term_id":31,"user_id":1,"is_guest":0,"slug":"ivan3vino","display_name":"Iv\u00e1n Trevi\u00f1o","avatar_url":{"url":"https:\/\/visionciudadana.com.mx\/oficial\/wp-content\/uploads\/2025\/09\/columna-ivan-Trevino.png","url2x":"https:\/\/visionciudadana.com.mx\/oficial\/wp-content\/uploads\/2025\/09\/columna-ivan-Trevino.png"},"0":null,"1":"","2":"","3":"","4":"","5":"","6":"","7":"","8":""}],"_links":{"self":[{"href":"https:\/\/visionciudadana.com.mx\/oficial\/wp-json\/wp\/v2\/posts\/17880","targetHints":{"allow":["GET"]}}],"collection":[{"href":"https:\/\/visionciudadana.com.mx\/oficial\/wp-json\/wp\/v2\/posts"}],"about":[{"href":"https:\/\/visionciudadana.com.mx\/oficial\/wp-json\/wp\/v2\/types\/post"}],"author":[{"embeddable":true,"href":"https:\/\/visionciudadana.com.mx\/oficial\/wp-json\/wp\/v2\/users\/1"}],"replies":[{"embeddable":true,"href":"https:\/\/visionciudadana.com.mx\/oficial\/wp-json\/wp\/v2\/comments?post=17880"}],"version-history":[{"count":1,"href":"https:\/\/visionciudadana.com.mx\/oficial\/wp-json\/wp\/v2\/posts\/17880\/revisions"}],"predecessor-version":[{"id":30448,"href":"https:\/\/visionciudadana.com.mx\/oficial\/wp-json\/wp\/v2\/posts\/17880\/revisions\/30448"}],"wp:featuredmedia":[{"embeddable":true,"href":"https:\/\/visionciudadana.com.mx\/oficial\/wp-json\/wp\/v2\/posts\/2186"}],"wp:attachment":[{"href":"https:\/\/visionciudadana.com.mx\/oficial\/wp-json\/wp\/v2\/media?parent=17880"}],"wp:term":[{"taxonomy":"category","embeddable":true,"href":"https:\/\/visionciudadana.com.mx\/oficial\/wp-json\/wp\/v2\/categories?post=17880"},{"taxonomy":"post_tag","embeddable":true,"href":"https:\/\/visionciudadana.com.mx\/oficial\/wp-json\/wp\/v2\/tags?post=17880"},{"taxonomy":"author","embeddable":true,"href":"https:\/\/visionciudadana.com.mx\/oficial\/wp-json\/wp\/v2\/ppma_author?post=17880"}],"curies":[{"name":"wp","href":"https:\/\/api.w.org\/{rel}","templated":true}]}}