{"id":17879,"date":"2021-11-08T22:26:25","date_gmt":"2021-11-08T22:26:25","guid":{"rendered":"https:\/\/visionciudadana.com.mx\/chio\/2021\/11\/08\/inicia-en-la-uas-la-semana-de-vacunacion-contra-la-influenza\/"},"modified":"2025-06-24T23:30:55","modified_gmt":"2025-06-24T23:30:55","slug":"inicia-en-la-uas-la-semana-de-vacunacion-contra-la-influenza","status":"publish","type":"post","link":"https:\/\/visionciudadana.com.mx\/oficial\/2021\/11\/08\/inicia-en-la-uas-la-semana-de-vacunacion-contra-la-influenza\/","title":{"rendered":"Inicia en la UAS la Semana de Vacunaci\u00f3n contra la Influenza"},"content":{"rendered":"<p><img fetchpriority=\"high\" decoding=\"async\" src=\"images\/2021\/nov21\/influenza_vacuna.jpg\" alt=\"influenza vacuna\" width=\"720\" height=\"480\" style=\"display: block; margin: 20px auto;\" \/><\/p>\n<p class=\"x_MsoNormal\" style=\"text-align: justify;\"><span style=\"font-size: 14pt;\">La Universidad Aut\u00f3noma de Sinaloa (UAS) inici\u00f3 la Semana de Vacunaci\u00f3n contra la Influenza para proteger a los alumnos, maestros y trabajadores universitarios ante la cercan\u00eda del periodo invernal.<\/span><\/p>\n<p style=\"text-align: justify;\">&nbsp;<\/p>\n<p class=\"x_MsoNormal\" style=\"text-align: justify;\"><span style=\"font-size: 14pt;\">En coordinaci\u00f3n con el Instituto Mexicano del Seguro Social (IMSS), en esta semana se contar\u00e1 con 14 m\u00f3dulos de vacunaci\u00f3n en escuelas y facultades de Culiac\u00e1n. En el Campus Rafael Buelna el Rector de la UAS, doctor Jes\u00fas Madue\u00f1a Molina, puso el ejemplo al ser el primero en vacunarse y con ello arrancar esta jornada.<\/span><\/p>\n<p style=\"text-align: justify;\">&nbsp;<\/p>\n<p class=\"x_MsoNormal\" style=\"text-align: justify;\"><span style=\"font-size: 14pt;\">Enfatiz\u00f3 que esta puesta en marcha de la jornada de vacunaci\u00f3n contra la Influenza \u201ces un esfuerzo que habr\u00e1 de impactar de manera muy significativa en la salud y bienestar de la comunidad universitaria y de la sociedad en general\u201d y es resultado del acercamiento con el IMSS y en atenci\u00f3n al convenio que se tiene con este Instituto.<\/span><\/p>\n<p style=\"text-align: justify;\">&nbsp;<\/p>\n<p class=\"x_MsoNormal\" style=\"text-align: justify;\"><span style=\"font-size: 14pt;\">\u201cQuiero hacer un llamado a todas y todos los universitarios para que acudan a aplicarse esta vacuna, la cual resulta estrat\u00e9gica ante la cercan\u00eda de la temporada invernal\u201d, ponder\u00f3 el Rector al asegurar que esta vacuna ha ayudado a prevenir un elevado contagio, hospitalizaciones y decesos en el pa\u00eds, demostrando as\u00ed que es segura.<\/span><\/p>\n<p style=\"text-align: justify;\">&nbsp;<\/p>\n<p class=\"x_MsoNormal\" style=\"text-align: justify;\"><span style=\"font-size: 14pt;\">\u201cHoy que tenemos la oportunidad de aplic\u00e1rnosla en nuestros centros de estudio y de trabajo acudamos desde hoy y hasta el viernes 12 de noviembre\u201d, dijo.<\/span><\/p>\n<p style=\"text-align: justify;\">&nbsp;<\/p>\n<p class=\"x_MsoNormal\" style=\"text-align: justify;\"><span style=\"font-size: 14pt;\">El dirigente universitario reiter\u00f3 el llamado a protegerse contra la influenza, a reforzar el sistema inmunol\u00f3gico y a seguir cuid\u00e1ndose del COVID-19 y agreg\u00f3 que se buscar\u00e1 llevar esta Semana de Vacunaci\u00f3n al resto de los espacios universitarios en todo el estado.<\/span><\/p>\n<p style=\"text-align: justify;\">&nbsp;<\/p>\n<p class=\"x_MsoNormal\" style=\"text-align: justify;\"><span style=\"font-size: 14pt;\">Por su parte la delegada del IMSS, doctora Tania Clarissa Medina L\u00f3pez, expuso que esta actividad se enmarca en la Jornada de Vacunaci\u00f3n que el Instituto arranc\u00f3 el 3 de noviembre y culminar\u00e1 el 31 de marzo de 2022, que contempla proteger a todo el personal de riesgo y la poblaci\u00f3n de 6 a 59 meses, mayores de 60 a\u00f1os, con comorbilidad o cr\u00f3nico degenerativos.<\/span><\/p>\n<p style=\"text-align: justify;\">&nbsp;<\/p>\n<p class=\"x_MsoNormal\" style=\"text-align: justify;\"><span style=\"font-size: 14pt;\">La meta en el estado del IMSS es aplicar 400 mil dosis en las 49 Unidades de Medicina Familiar y 75 mil dosis en IMSS Bienestar en sus 102 unidades de bienestar.<\/span><\/p>\n<p class=\"x_MsoNormal\" style=\"text-align: justify;\">&nbsp;<\/p>\n<p style=\"text-align: justify;\">&nbsp;<\/p>\n<p style=\"text-align: justify;\"><span style=\"font-size: 14pt;\">REDACCI\u00d3N\/VISI\u00d3N CIUDADANA.<\/span><\/p>\n","protected":false},"excerpt":{"rendered":"<p>La Universidad Aut\u00f3noma de Sinaloa (UAS) inici\u00f3 la Semana de Vacunaci\u00f3n contra la Influenza para proteger a los alumnos, maestros y trabajadores universitarios ante la cercan\u00eda del periodo invernal. &nbsp; En coordinaci\u00f3n con el Instituto Mexicano del Seguro Social (IMSS), en esta semana se contar\u00e1 con 14 m\u00f3dulos de vacunaci\u00f3n en escuelas y facultades de [&hellip;]<\/p>\n","protected":false},"author":1,"featured_media":2184,"comment_status":"closed","ping_status":"closed","sticky":false,"template":"","format":"standard","meta":{"footnotes":""},"categories":[24],"tags":[],"ppma_author":[31],"class_list":["post-17879","post","type-post","status-publish","format-standard","has-post-thumbnail","hentry","category-relevantes"],"aioseo_notices":[],"authors":[{"term_id":31,"user_id":1,"is_guest":0,"slug":"ivan3vino","display_name":"Iv\u00e1n Trevi\u00f1o","avatar_url":{"url":"https:\/\/visionciudadana.com.mx\/oficial\/wp-content\/uploads\/2025\/09\/columna-ivan-Trevino.png","url2x":"https:\/\/visionciudadana.com.mx\/oficial\/wp-content\/uploads\/2025\/09\/columna-ivan-Trevino.png"},"0":null,"1":"","2":"","3":"","4":"","5":"","6":"","7":"","8":""}],"_links":{"self":[{"href":"https:\/\/visionciudadana.com.mx\/oficial\/wp-json\/wp\/v2\/posts\/17879","targetHints":{"allow":["GET"]}}],"collection":[{"href":"https:\/\/visionciudadana.com.mx\/oficial\/wp-json\/wp\/v2\/posts"}],"about":[{"href":"https:\/\/visionciudadana.com.mx\/oficial\/wp-json\/wp\/v2\/types\/post"}],"author":[{"embeddable":true,"href":"https:\/\/visionciudadana.com.mx\/oficial\/wp-json\/wp\/v2\/users\/1"}],"replies":[{"embeddable":true,"href":"https:\/\/visionciudadana.com.mx\/oficial\/wp-json\/wp\/v2\/comments?post=17879"}],"version-history":[{"count":1,"href":"https:\/\/visionciudadana.com.mx\/oficial\/wp-json\/wp\/v2\/posts\/17879\/revisions"}],"predecessor-version":[{"id":30449,"href":"https:\/\/visionciudadana.com.mx\/oficial\/wp-json\/wp\/v2\/posts\/17879\/revisions\/30449"}],"wp:featuredmedia":[{"embeddable":true,"href":"https:\/\/visionciudadana.com.mx\/oficial\/wp-json\/wp\/v2\/posts\/2184"}],"wp:attachment":[{"href":"https:\/\/visionciudadana.com.mx\/oficial\/wp-json\/wp\/v2\/media?parent=17879"}],"wp:term":[{"taxonomy":"category","embeddable":true,"href":"https:\/\/visionciudadana.com.mx\/oficial\/wp-json\/wp\/v2\/categories?post=17879"},{"taxonomy":"post_tag","embeddable":true,"href":"https:\/\/visionciudadana.com.mx\/oficial\/wp-json\/wp\/v2\/tags?post=17879"},{"taxonomy":"author","embeddable":true,"href":"https:\/\/visionciudadana.com.mx\/oficial\/wp-json\/wp\/v2\/ppma_author?post=17879"}],"curies":[{"name":"wp","href":"https:\/\/api.w.org\/{rel}","templated":true}]}}