{"id":17878,"date":"2021-11-08T22:22:24","date_gmt":"2021-11-08T22:22:24","guid":{"rendered":"https:\/\/visionciudadana.com.mx\/chio\/2021\/11\/08\/realiza-coepriss-acciones-sanitarias-previas-al-buen-fin-2021\/"},"modified":"2025-06-24T23:30:55","modified_gmt":"2025-06-24T23:30:55","slug":"realiza-coepriss-acciones-sanitarias-previas-al-buen-fin-2021","status":"publish","type":"post","link":"https:\/\/visionciudadana.com.mx\/oficial\/2021\/11\/08\/realiza-coepriss-acciones-sanitarias-previas-al-buen-fin-2021\/","title":{"rendered":"Realiza Coepriss acciones sanitarias previas al Buen Fin 2021"},"content":{"rendered":"<p style=\"text-align: justify;\"><img fetchpriority=\"high\" decoding=\"async\" src=\"images\/2021\/nov21\/llega_el_buen.jpg\" alt=\"llega el buen\" width=\"720\" height=\"480\" style=\"display: block; margin: 20px auto;\" \/><\/p>\n<p class=\"x_MsoNormal\" style=\"text-align: justify;\"><span style=\"font-size: 14pt;\">La Secretar\u00eda de Salud, a trav\u00e9s de la Coepriss, realiza acciones sanitarias previas a la 11\u00aa edici\u00f3n de El Buen Fin que se llevar\u00e1 a cabo del 10 al 16 de noviembre, programa que se extendi\u00f3 de cuatro \u2013como tradicionalmente se efectuaba- a siete d\u00edas para evitar aglomeraciones, con el m\u00e1ximo de precauciones y medidas preventivas para salvaguardar la salud de los participantes en general.<\/span><\/p>\n<p style=\"text-align: justify;\">&nbsp;<\/p>\n<p class=\"x_MsoNormal\" style=\"text-align: justify;\"><span style=\"font-size: 14pt;\">El Comisionado Estatal para la Protecci\u00f3n contra Riesgos Sanitarios de Sinaloa, Ing. Luis Alonso Garc\u00eda Corrales inform\u00f3 que, cumpliendo con las indicaciones del gobernador, Dr. Rub\u00e9n Rocha Moya y el Secretario de Salud, Mtro. H\u00e9ctor Melesio Cu\u00e9n Ojeda, los verificadores sanitarios vigilar\u00e1n el desarrollo de este programa para que se cumplan los protocolos sanitarios y las normas de higiene en materia de alimentos para el bienestar y la salud de los asistentes.<\/span><\/p>\n<p style=\"text-align: justify;\">&nbsp;<\/p>\n<p class=\"x_MsoNormal\" style=\"text-align: justify;\"><span style=\"font-size: 14pt;\">Precis\u00f3 que este operativo sanitario no solo contempla acciones previas al Buen Fin 2021 sino a las compras navide\u00f1as y a los tradicionales eventos de cierre de a\u00f1o como ferias y festivales gastron\u00f3micos, para verificar se respeten los protocolos sanitarios con el prop\u00f3sito de prevenir el contagio del virus SARS-Cov2, causante del COVID-19, y se cumpla con las normas sanitarias, con especial \u00e9nfasis en el manejo higi\u00e9nico de alimentos.<\/span><\/p>\n<p style=\"text-align: justify;\">&nbsp;<\/p>\n<p class=\"x_MsoNormal\" style=\"text-align: justify;\"><span style=\"font-size: 14pt;\">Subray\u00f3 que este operativo sanitario de bioseguridad sanitaria ser\u00e1 permanente para vigilar que todos los establecimientos comerciales y de servicios cumplan las normas sanitarias durante las tradicionales actividades que inician con la actividad comercial previa a las fechas navide\u00f1as y las festividades de \u201cGuadalupe-Reyes\u201d, periodo tradicional que se desarrollar\u00e1 del 12 de diciembre de 2021 al 6 de enero del 2022.<\/span><\/p>\n<p style=\"text-align: justify;\">&nbsp;<\/p>\n<p class=\"x_MsoNormal\" style=\"text-align: justify;\"><span style=\"font-size: 14pt;\">Garc\u00eda Corrales hizo un exhorto a la poblaci\u00f3n para no relajar las medidas de prevenci\u00f3n y mantener la sana distancia, el lavado de manos y el uso de cubrebocas.<\/span><\/p>\n<p style=\"text-align: justify;\">&nbsp;<\/p>\n<p class=\"x_MsoNormal\" style=\"text-align: justify;\"><span style=\"font-size: 14pt;\">Precis\u00f3 que se revisar\u00e1 que no se permitan aglomeraciones de personas, que se atienda la sana distancia, la toma de temperatura, que se cuente con gel antibacterial, uso obligatorio de cubrebocas y la desinfecci\u00f3n de objetos y superficies de uso com\u00fan.<\/span><\/p>\n<p style=\"text-align: justify;\">&nbsp;<\/p>\n<p class=\"x_MsoNormal\" style=\"text-align: justify;\"><span style=\"font-size: 14pt;\">Apunt\u00f3 que se ha tenido un acercamiento previo con los responsables de establecimientos para sensibilizarlos sobre la importancia de las medidas preventivas y evitar concentraciones de personas.<\/span><\/p>\n<p style=\"text-align: justify;\">&nbsp;<\/p>\n<p class=\"x_MsoNormal\" style=\"text-align: justify;\"><span style=\"font-size: 14pt;\">En ese sentido, la Coepriss recomienda a la ciudadan\u00eda priorizar el comercio electr\u00f3nico que reduzca los niveles de exposici\u00f3n y, en caso de tener que realizar sus compras de manera presencial, seguir con toda puntualidad las recomendaciones preventivas.<\/span><\/p>\n<p style=\"text-align: justify;\">&nbsp;<\/p>\n<p class=\"x_MsoNormal\" style=\"text-align: justify;\"><span style=\"font-size: 14pt;\">El titular de este organismo expuso que tambi\u00e9n lleva a cabo acciones previas de prevenci\u00f3n y promoci\u00f3n de la salud, capacitaci\u00f3n sobre normas sanitarias y buenas pr\u00e1cticas de higiene, especialmente en playas y zonas tur\u00edsticas ante la proximidad de las vacaciones de diciembre.<\/span><\/p>\n<p style=\"text-align: justify;\">&nbsp;<\/p>\n<p class=\"x_MsoNormal\" style=\"text-align: justify;\"><span style=\"font-size: 14pt;\">Finalmente, precis\u00f3 que la vigilancia contempla los establecimientos fijos y semifijos de alimentos y bebidas que trabajar\u00e1n en diversas festividades que tradicionalmente se celebran en los \u00faltimos d\u00edas del a\u00f1o en los municipios de Sinaloa.<\/span><\/p>\n<p style=\"text-align: justify;\">&nbsp;<\/p>\n<p style=\"text-align: justify;\">&nbsp;<\/p>\n<p style=\"text-align: justify;\"><span style=\"font-size: 14pt;\">REDACCI\u00d3N\/VISI\u00d3N CIUDADANA.<\/span><\/p>\n","protected":false},"excerpt":{"rendered":"<p>La Secretar\u00eda de Salud, a trav\u00e9s de la Coepriss, realiza acciones sanitarias previas a la 11\u00aa edici\u00f3n de El Buen Fin que se llevar\u00e1 a cabo del 10 al 16 de noviembre, programa que se extendi\u00f3 de cuatro \u2013como tradicionalmente se efectuaba- a siete d\u00edas para evitar aglomeraciones, con el m\u00e1ximo de precauciones y medidas [&hellip;]<\/p>\n","protected":false},"author":1,"featured_media":2182,"comment_status":"closed","ping_status":"closed","sticky":false,"template":"","format":"standard","meta":{"footnotes":""},"categories":[24],"tags":[],"ppma_author":[31],"class_list":["post-17878","post","type-post","status-publish","format-standard","has-post-thumbnail","hentry","category-relevantes"],"aioseo_notices":[],"authors":[{"term_id":31,"user_id":1,"is_guest":0,"slug":"ivan3vino","display_name":"Iv\u00e1n Trevi\u00f1o","avatar_url":{"url":"https:\/\/visionciudadana.com.mx\/oficial\/wp-content\/uploads\/2025\/09\/columna-ivan-Trevino.png","url2x":"https:\/\/visionciudadana.com.mx\/oficial\/wp-content\/uploads\/2025\/09\/columna-ivan-Trevino.png"},"0":null,"1":"","2":"","3":"","4":"","5":"","6":"","7":"","8":""}],"_links":{"self":[{"href":"https:\/\/visionciudadana.com.mx\/oficial\/wp-json\/wp\/v2\/posts\/17878","targetHints":{"allow":["GET"]}}],"collection":[{"href":"https:\/\/visionciudadana.com.mx\/oficial\/wp-json\/wp\/v2\/posts"}],"about":[{"href":"https:\/\/visionciudadana.com.mx\/oficial\/wp-json\/wp\/v2\/types\/post"}],"author":[{"embeddable":true,"href":"https:\/\/visionciudadana.com.mx\/oficial\/wp-json\/wp\/v2\/users\/1"}],"replies":[{"embeddable":true,"href":"https:\/\/visionciudadana.com.mx\/oficial\/wp-json\/wp\/v2\/comments?post=17878"}],"version-history":[{"count":1,"href":"https:\/\/visionciudadana.com.mx\/oficial\/wp-json\/wp\/v2\/posts\/17878\/revisions"}],"predecessor-version":[{"id":30450,"href":"https:\/\/visionciudadana.com.mx\/oficial\/wp-json\/wp\/v2\/posts\/17878\/revisions\/30450"}],"wp:featuredmedia":[{"embeddable":true,"href":"https:\/\/visionciudadana.com.mx\/oficial\/wp-json\/wp\/v2\/posts\/2182"}],"wp:attachment":[{"href":"https:\/\/visionciudadana.com.mx\/oficial\/wp-json\/wp\/v2\/media?parent=17878"}],"wp:term":[{"taxonomy":"category","embeddable":true,"href":"https:\/\/visionciudadana.com.mx\/oficial\/wp-json\/wp\/v2\/categories?post=17878"},{"taxonomy":"post_tag","embeddable":true,"href":"https:\/\/visionciudadana.com.mx\/oficial\/wp-json\/wp\/v2\/tags?post=17878"},{"taxonomy":"author","embeddable":true,"href":"https:\/\/visionciudadana.com.mx\/oficial\/wp-json\/wp\/v2\/ppma_author?post=17878"}],"curies":[{"name":"wp","href":"https:\/\/api.w.org\/{rel}","templated":true}]}}