{"id":17865,"date":"2021-11-03T22:40:50","date_gmt":"2021-11-03T22:40:50","guid":{"rendered":"https:\/\/visionciudadana.com.mx\/chio\/2021\/11\/03\/julio-cesar-cascajares-toma-las-riendas-del-isde\/"},"modified":"2025-06-24T23:30:56","modified_gmt":"2025-06-24T23:30:56","slug":"julio-cesar-cascajares-toma-las-riendas-del-isde","status":"publish","type":"post","link":"https:\/\/visionciudadana.com.mx\/oficial\/2021\/11\/03\/julio-cesar-cascajares-toma-las-riendas-del-isde\/","title":{"rendered":"Julio C\u00e9sar Cascajares toma las riendas del ISDE"},"content":{"rendered":"<p style=\"text-align: justify;\"><span style=\"font-size: 14pt;\"><img fetchpriority=\"high\" decoding=\"async\" src=\"images\/2021\/nov21\/cascajares.jpg\" alt=\"cascajares\" width=\"720\" height=\"480\" style=\"display: block; margin: 20px auto;\" \/><br \/><\/span><\/p>\n<p style=\"text-align: justify;\"><span style=\"font-size: 14pt;\">En su primer d\u00eda como titular del Instituto Sinaloense de Cultura F\u00edsica y el Deporte (ISDE), despu\u00e9s de recibir el nombramiento por parte del Gobernador del Estado, Rub\u00e9n Rocha Moya, Julio C\u00e9sar Cascajares Ram\u00edrez conoce las instalaciones y sostiene reuni\u00f3n con todo el personal.<\/span><\/p>\n<p style=\"text-align: justify;\">&nbsp;<\/p>\n<p style=\"text-align: justify;\"><span style=\"font-size: 14pt;\">En el primer acercamiento con el personal Cascajares Ram\u00edrez, quien estuvo acompa\u00f1ado de Francisco F\u00e9lix, quien fungir\u00e1 como sub director, invit\u00f3 a trabajar en equipo para hacer que el deporte sinaloense siga creciendo y se dijo contento de llegar a esta instituci\u00f3n.<\/span><\/p>\n<p style=\"text-align: justify;\">&nbsp;<\/p>\n<p style=\"text-align: justify;\"><span style=\"font-size: 14pt;\">\u201cNada es obra de la casualidad, Dios me est\u00e1 dando la oportunidad de estar aqu\u00ed, vengo con Francisco F\u00e9lix como subdirector, y nosotros tenemos mucha hambre de hacer cosas buenas, de crecer\u201d, extern\u00f3.<\/span><\/p>\n<p style=\"text-align: justify;\">&nbsp;<\/p>\n<p style=\"text-align: justify;\"><span style=\"font-size: 14pt;\">\u201cNosotros no venimos de ser pol\u00edticos, somos personas que nos hemos forjado 100 por ciento dentro del deporte, tal vez no he sido deportista de Alto Rendimiento, pero siempre he estado ah\u00ed, ha sido mi l\u00ednea el deporte\u201d apunt\u00f3 Cascajares Ram\u00edrez.<\/span><\/p>\n<p style=\"text-align: justify;\">&nbsp;<\/p>\n<p style=\"text-align: justify;\"><span style=\"font-size: 14pt;\">\u201cEstoy muy contento de estar aqu\u00ed, muchos de los que est\u00e1n aqu\u00ed que me conocen como amigo saben de la calidad de persona que soy, a pesar de que me he dedicado a un personaje que ha sido muy llevado. Detr\u00e1s del personaje hay una persona que se ha esforzado, el personaje ha sido as\u00ed por la evoluci\u00f3n de los tiempos. Como Julio me considero una persona muy disciplinada y capaz en cuesti\u00f3n de las cosas que me propongo, siempre he cre\u00eddo que la disciplina es el 100 por ciento de todo y de ah\u00ed parte lo dem\u00e1s\u201d, dijo.<\/span><\/p>\n<p style=\"text-align: justify;\">&nbsp;<\/p>\n<p style=\"text-align: justify;\"><span style=\"font-size: 14pt;\">Pidi\u00f3 al personal hacer equipo, siempre con objetivos en mente, \u201cLes pido que todos tratemos de cooperar con todos, porque yo estoy acostumbrado a que todo se hace en equipo, si una pieza falla se cae todo, al final es bien importante, todos somos un motor y cada quien somos un engrane y eso es bien importante\u201d.<\/span><\/p>\n<p style=\"text-align: justify;\">&nbsp;<\/p>\n<p style=\"text-align: justify;\"><span style=\"font-size: 14pt;\">Por \u00faltimo, habl\u00f3 sobre su lema en la vida, \u201cMi mensaje es que todos podemos superar cualquier cosa, cualquier circunstancia, somos humanos, ante todo, somos personas\u201d, finaliz\u00f3.<\/span><\/p>\n<p style=\"text-align: justify;\">&nbsp;<\/p>\n<p style=\"text-align: justify;\">&nbsp;<\/p>\n<p style=\"text-align: justify;\">&nbsp;<\/p>\n<p style=\"text-align: justify;\"><span style=\"font-size: 14pt;\">REDACCI\u00d3N\/VISI\u00d3N CIUDADANA.<\/span><\/p>\n","protected":false},"excerpt":{"rendered":"<p>En su primer d\u00eda como titular del Instituto Sinaloense de Cultura F\u00edsica y el Deporte (ISDE), despu\u00e9s de recibir el nombramiento por parte del Gobernador del Estado, Rub\u00e9n Rocha Moya, Julio C\u00e9sar Cascajares Ram\u00edrez conoce las instalaciones y sostiene reuni\u00f3n con todo el personal. &nbsp; En el primer acercamiento con el personal Cascajares Ram\u00edrez, quien [&hellip;]<\/p>\n","protected":false},"author":1,"featured_media":2165,"comment_status":"closed","ping_status":"closed","sticky":false,"template":"","format":"standard","meta":{"footnotes":""},"categories":[13],"tags":[],"ppma_author":[31],"class_list":["post-17865","post","type-post","status-publish","format-standard","has-post-thumbnail","hentry","category-locales"],"aioseo_notices":[],"authors":[{"term_id":31,"user_id":1,"is_guest":0,"slug":"ivan3vino","display_name":"Iv\u00e1n Trevi\u00f1o","avatar_url":{"url":"https:\/\/visionciudadana.com.mx\/oficial\/wp-content\/uploads\/2025\/09\/columna-ivan-Trevino.png","url2x":"https:\/\/visionciudadana.com.mx\/oficial\/wp-content\/uploads\/2025\/09\/columna-ivan-Trevino.png"},"0":null,"1":"","2":"","3":"","4":"","5":"","6":"","7":"","8":""}],"_links":{"self":[{"href":"https:\/\/visionciudadana.com.mx\/oficial\/wp-json\/wp\/v2\/posts\/17865","targetHints":{"allow":["GET"]}}],"collection":[{"href":"https:\/\/visionciudadana.com.mx\/oficial\/wp-json\/wp\/v2\/posts"}],"about":[{"href":"https:\/\/visionciudadana.com.mx\/oficial\/wp-json\/wp\/v2\/types\/post"}],"author":[{"embeddable":true,"href":"https:\/\/visionciudadana.com.mx\/oficial\/wp-json\/wp\/v2\/users\/1"}],"replies":[{"embeddable":true,"href":"https:\/\/visionciudadana.com.mx\/oficial\/wp-json\/wp\/v2\/comments?post=17865"}],"version-history":[{"count":1,"href":"https:\/\/visionciudadana.com.mx\/oficial\/wp-json\/wp\/v2\/posts\/17865\/revisions"}],"predecessor-version":[{"id":30454,"href":"https:\/\/visionciudadana.com.mx\/oficial\/wp-json\/wp\/v2\/posts\/17865\/revisions\/30454"}],"wp:featuredmedia":[{"embeddable":true,"href":"https:\/\/visionciudadana.com.mx\/oficial\/wp-json\/wp\/v2\/posts\/2165"}],"wp:attachment":[{"href":"https:\/\/visionciudadana.com.mx\/oficial\/wp-json\/wp\/v2\/media?parent=17865"}],"wp:term":[{"taxonomy":"category","embeddable":true,"href":"https:\/\/visionciudadana.com.mx\/oficial\/wp-json\/wp\/v2\/categories?post=17865"},{"taxonomy":"post_tag","embeddable":true,"href":"https:\/\/visionciudadana.com.mx\/oficial\/wp-json\/wp\/v2\/tags?post=17865"},{"taxonomy":"author","embeddable":true,"href":"https:\/\/visionciudadana.com.mx\/oficial\/wp-json\/wp\/v2\/ppma_author?post=17865"}],"curies":[{"name":"wp","href":"https:\/\/api.w.org\/{rel}","templated":true}]}}