{"id":17864,"date":"2021-11-03T22:36:15","date_gmt":"2021-11-03T22:36:15","guid":{"rendered":"https:\/\/visionciudadana.com.mx\/chio\/2021\/11\/03\/lamenta-sadol-osorio-que-las-comisiones-del-ayuntamiento-se-hayan-conformado-por-agandalle-y-a-conveniencia-de-estrada-ferreiro\/"},"modified":"2025-06-24T23:30:56","modified_gmt":"2025-06-24T23:30:56","slug":"lamenta-sadol-osorio-que-las-comisiones-del-ayuntamiento-se-hayan-conformado-por-agandalle-y-a-conveniencia-de-estrada-ferreiro","status":"publish","type":"post","link":"https:\/\/visionciudadana.com.mx\/oficial\/2021\/11\/03\/lamenta-sadol-osorio-que-las-comisiones-del-ayuntamiento-se-hayan-conformado-por-agandalle-y-a-conveniencia-de-estrada-ferreiro\/","title":{"rendered":"Lamenta Sadol Osorio que las comisiones del ayuntamiento se hayan conformado por agandalle y a conveniencia de Estrada Ferreiro \u00a0"},"content":{"rendered":"<div><img fetchpriority=\"high\" decoding=\"async\" src=\"images\/2021\/nov21\/sadol.jpg\" alt=\"sadol\" width=\"720\" height=\"480\" style=\"display: block; margin: 20px auto;\" \/><\/div>\n<div style=\"text-align: justify;\"><span style=\"font-size: 14pt;\">El Regidor panista, Sadol Osorio Porras, indic\u00f3 que el 1 de noviembre, en la primera Sesi\u00f3n de Cabildo en el Ayuntamiento de Culiac\u00e1n, fueron conformadas las comisiones y resalt\u00f3 que todo se hizo con alevos\u00eda y ventaja, sin tener un di\u00e1logo, ni tomar en cuenta los perfiles de los regidores, todo en base a la conveniencia del Alcalde Jes\u00fas Estrada Ferreiro.<\/span><\/div>\n<div style=\"text-align: justify;\">&nbsp;<\/div>\n<div style=\"text-align: justify;\"><span style=\"font-size: 14pt;\"><\/span><\/div>\n<div style=\"text-align: justify;\"><span style=\"font-size: 14pt;\">\u201cNos pasaron el orden del d\u00eda y vimos con profunda tristeza como est\u00e1 manejando las cosas el Presidente Municipal, con una imposici\u00f3n y gandallez tremenda, con una falta de comunicaci\u00f3n, consenso, di\u00e1logo, de veras avasallante, donde las comisiones que se integraron se integraron a conveniencia del alcalde, no se tomaron en cuenta, ni fueron plurales, ni fueron incluyentes, simple y sencillamente lo que le conven\u00eda al alcalde&nbsp; fueron las personas que estuvieron dentro de las comisiones y eso nos habla de que tenemos a un alcalde que simple y sencillamente hace lo que le conviene\u201d.&nbsp;<\/span><\/div>\n<div style=\"text-align: justify;\">&nbsp;<\/div>\n<div style=\"text-align: justify;\"><span style=\"font-size: 14pt;\"><\/span><\/div>\n<div style=\"text-align: justify;\"><span style=\"font-size: 14pt;\">Mencion\u00f3 que no respeta a los regidores que piensan diferente a \u00e9l y que le resultan un tanto inc\u00f3modos, haciendo la aclaraci\u00f3n de que esta situaci\u00f3n se contrapone al Art\u00edculo 46 de las Comisiones Permanentes, donde dice que estas deben de ser plurales e incluyentes.<\/span><\/div>\n<div style=\"text-align: justify;\">&nbsp;<\/div>\n<div style=\"text-align: justify;\"><span style=\"font-size: 14pt;\"><\/span><\/div>\n<div style=\"text-align: justify;\"><span style=\"font-size: 14pt;\">\u201cAqu\u00ed estamos quedando fuera muchos de los compa\u00f1eros, no se cuid\u00f3 el tema del perfil\u2026 \u00e9l reconoci\u00f3 que la vez pasada simple y sencillamente meti\u00f3 a los dem\u00e1s regidores sin tener conocimiento pleno de las respectivas comisiones, \u00e9l dijo: No es que la vez pasada no se tomaron en cuenta los curr\u00edculum ni los perfiles y esta vez solo fue a pura conveniencia\u201d.<\/span><\/div>\n<div style=\"text-align: justify;\">&nbsp;<\/div>\n<div style=\"text-align: justify;\"><span style=\"font-size: 14pt;\"><\/span><\/div>\n<div style=\"text-align: justify;\"><span style=\"font-size: 14pt;\">El funcionario panista lament\u00f3 que estos pr\u00f3ximos tres a\u00f1os se estar\u00e1 trabajando contra corriente, pues dijo que se ha iniciado mal.<\/span><\/div>\n<div style=\"text-align: justify;\">&nbsp;<\/div>\n<div style=\"text-align: justify;\"><span style=\"font-size: 14pt;\"><\/span><\/div>\n<div style=\"text-align: justify;\"><span style=\"font-size: 14pt;\">\u201cSon tres a\u00f1os que deben de trabajar muy fuerte, a consciencia y apegados a la comisi\u00f3n que m\u00e1s estemos perfilados para poderle dar cuentas a la gente de Culiac\u00e1n porque es a quienes nos debemos\u201d, dijo.<\/span><\/div>\n<div style=\"text-align: justify;\">&nbsp;<\/div>\n<div style=\"text-align: justify;\"><span style=\"font-size: 14pt;\"><\/span><\/div>\n<div style=\"text-align: justify;\"><span style=\"font-size: 14pt;\">Lamento profundamente la actitud del alcalde porque con esto demuestra claramente que es una persona intolerante, incongruente y no respeta a quienes piensan distinto a \u00e9l, lo calific\u00f3 como una copia del Presidente Andr\u00e9s Manuel L\u00f3pez Obrador y precis\u00f3 que ellos hablaban de \u201cla mafia del poder\u201d pero resalt\u00f3 que en realidad ellos son \u201cLa mafia del poder en versi\u00f3n recargada\u201d.<\/span><\/div>\n<div style=\"text-align: justify;\">&nbsp;<\/div>\n<div style=\"text-align: justify;\"><span style=\"font-size: 14pt;\"><\/span><\/div>\n<div style=\"text-align: justify;\"><span style=\"font-size: 14pt;\">\u201cSon ellos los que tiran l\u00ednea, los que quieren tener las comisiones a modo, los que NO quieren tener pluralidad e inclusi\u00f3n, lo que antes pregonaban y buscaban, ahora que llegaron al poder se convirtieron en una copia de lo que criticaban\u201d.<\/span><\/div>\n<div style=\"text-align: justify;\">&nbsp;<\/div>\n<div style=\"text-align: justify;\"><span style=\"font-size: 14pt;\"><\/span><\/div>\n<div style=\"text-align: justify;\"><span style=\"font-size: 14pt;\">Sadol Osorio acus\u00f3 que los morenistas desde que entraron ya demostraron que ser\u00e1n aplastantes, ya que de manera fast track incluyeron un punto de acuerdo en la primera sesi\u00f3n, el cual contempla que ahora en la Comisi\u00f3n de Concertaci\u00f3n Pol\u00edtica, las decisiones se tomen por mayor\u00eda, cuando siempre ha sido en base a di\u00e1logo y consenso.<\/span><\/div>\n<div style=\"text-align: justify;\">&nbsp;<\/div>\n<div style=\"text-align: justify;\"><span style=\"font-size: 14pt;\"><\/span><\/div>\n<div style=\"text-align: justify;\"><span style=\"font-size: 14pt;\">\u201cEsto habla de un hombre intolerante, que solo busca polarizar el tema de Cabildo porque no escucha, no se deja ayudar y lamento mucho el actuar de Estrada Ferreiro\u201d, finaliz\u00f3.<\/span><\/div>\n<div style=\"text-align: justify;\">&nbsp;<\/div>\n<div style=\"text-align: justify;\">&nbsp;<\/div>\n<div style=\"text-align: justify;\">&nbsp;<\/div>\n<div style=\"text-align: justify;\">&nbsp;<\/div>\n<div style=\"text-align: justify;\"><span style=\"font-size: 14pt;\">REDACCI\u00d3N\/VISI\u00d3N CIUDADANA.<\/span><\/div>\n","protected":false},"excerpt":{"rendered":"<p>El Regidor panista, Sadol Osorio Porras, indic\u00f3 que el 1 de noviembre, en la primera Sesi\u00f3n de Cabildo en el Ayuntamiento de Culiac\u00e1n, fueron conformadas las comisiones y resalt\u00f3 que todo se hizo con alevos\u00eda y ventaja, sin tener un di\u00e1logo, ni tomar en cuenta los perfiles de los regidores, todo en base a la [&hellip;]<\/p>\n","protected":false},"author":1,"featured_media":2163,"comment_status":"closed","ping_status":"closed","sticky":false,"template":"","format":"standard","meta":{"footnotes":""},"categories":[24],"tags":[],"ppma_author":[31],"class_list":["post-17864","post","type-post","status-publish","format-standard","has-post-thumbnail","hentry","category-relevantes"],"aioseo_notices":[],"authors":[{"term_id":31,"user_id":1,"is_guest":0,"slug":"ivan3vino","display_name":"Iv\u00e1n Trevi\u00f1o","avatar_url":{"url":"https:\/\/visionciudadana.com.mx\/oficial\/wp-content\/uploads\/2025\/09\/columna-ivan-Trevino.png","url2x":"https:\/\/visionciudadana.com.mx\/oficial\/wp-content\/uploads\/2025\/09\/columna-ivan-Trevino.png"},"0":null,"1":"","2":"","3":"","4":"","5":"","6":"","7":"","8":""}],"_links":{"self":[{"href":"https:\/\/visionciudadana.com.mx\/oficial\/wp-json\/wp\/v2\/posts\/17864","targetHints":{"allow":["GET"]}}],"collection":[{"href":"https:\/\/visionciudadana.com.mx\/oficial\/wp-json\/wp\/v2\/posts"}],"about":[{"href":"https:\/\/visionciudadana.com.mx\/oficial\/wp-json\/wp\/v2\/types\/post"}],"author":[{"embeddable":true,"href":"https:\/\/visionciudadana.com.mx\/oficial\/wp-json\/wp\/v2\/users\/1"}],"replies":[{"embeddable":true,"href":"https:\/\/visionciudadana.com.mx\/oficial\/wp-json\/wp\/v2\/comments?post=17864"}],"version-history":[{"count":1,"href":"https:\/\/visionciudadana.com.mx\/oficial\/wp-json\/wp\/v2\/posts\/17864\/revisions"}],"predecessor-version":[{"id":30455,"href":"https:\/\/visionciudadana.com.mx\/oficial\/wp-json\/wp\/v2\/posts\/17864\/revisions\/30455"}],"wp:featuredmedia":[{"embeddable":true,"href":"https:\/\/visionciudadana.com.mx\/oficial\/wp-json\/wp\/v2\/posts\/2163"}],"wp:attachment":[{"href":"https:\/\/visionciudadana.com.mx\/oficial\/wp-json\/wp\/v2\/media?parent=17864"}],"wp:term":[{"taxonomy":"category","embeddable":true,"href":"https:\/\/visionciudadana.com.mx\/oficial\/wp-json\/wp\/v2\/categories?post=17864"},{"taxonomy":"post_tag","embeddable":true,"href":"https:\/\/visionciudadana.com.mx\/oficial\/wp-json\/wp\/v2\/tags?post=17864"},{"taxonomy":"author","embeddable":true,"href":"https:\/\/visionciudadana.com.mx\/oficial\/wp-json\/wp\/v2\/ppma_author?post=17864"}],"curies":[{"name":"wp","href":"https:\/\/api.w.org\/{rel}","templated":true}]}}