{"id":17863,"date":"2021-11-03T22:23:42","date_gmt":"2021-11-03T22:23:42","guid":{"rendered":"https:\/\/visionciudadana.com.mx\/chio\/2021\/11\/03\/inaugura-alcalde-el-carcamo-de-bombeo-efrain-cortez-lopez\/"},"modified":"2025-06-24T23:30:56","modified_gmt":"2025-06-24T23:30:56","slug":"inaugura-alcalde-el-carcamo-de-bombeo-efrain-cortez-lopez","status":"publish","type":"post","link":"https:\/\/visionciudadana.com.mx\/oficial\/2021\/11\/03\/inaugura-alcalde-el-carcamo-de-bombeo-efrain-cortez-lopez\/","title":{"rendered":"Inaugura Alcalde el c\u00e1rcamo de bombeo \u201cEfra\u00edn Cortez L\u00f3pez\u201d"},"content":{"rendered":"<p style=\"text-align: justify;\"><span style=\"font-size: large;\"><img fetchpriority=\"high\" decoding=\"async\" src=\"images\/2021\/nov21\/ca\u0301rcamo.jpg\" alt=\"ca\u0301rcamo\" width=\"720\" height=\"480\" style=\"display: block; margin: 20px auto;\" \/><br aria-hidden=\"true\" \/><span style=\"font-size: 14pt;\">El alcalde, Lic. Jes\u00fas Estrada Ferreiro, inaugur\u00f3 junto al gerente general de la JAPAC, Jes\u00fas Higuera Laura, el c\u00e1rcamo de bombeo \u201cEfra\u00edn Cortez L\u00f3pez\u201d, infraestructura moderna que garantiza la continuidad en el servicio a los habitantes del sector norte, Humaya y zona centro de la ciudad.<\/span><\/span><\/p>\n<p style=\"text-align: justify;\"><span style=\"font-size: 14pt;\"><br aria-hidden=\"true\" \/><br aria-hidden=\"true\" \/>En el evento, el gerente general de JAPAC detall\u00f3 que al arrancar con la operaci\u00f3n de este nuevo c\u00e1rcamo de bombeo, donde se destin\u00f3 una inversi\u00f3n de 16.5 millones de pesos, se deja fuera de funcionamiento equipo con m\u00e1s de 40 a\u00f1os de uso, el cual por su antig\u00fcedad presentaba fallas recurrentes y por consecuencia, la constante falta de servicio en su zona de influencia.<\/span><\/p>\n<p style=\"text-align: justify;\"><span style=\"font-size: 14pt;\"><br aria-hidden=\"true\" \/><br aria-hidden=\"true\" \/>En su mensaje, el presidente municipal se comprometi\u00f3 a apoyar con recursos y gestiones la rehabilitaci\u00f3n y mejoramiento de la infraestructura que cumpli\u00f3 su vida \u00fatil, uno de los principales retos que enfrenta la JAPAC actualmente para mantener la calidad en los servicios que se prestan a la poblaci\u00f3n.<\/span><\/p>\n<p style=\"text-align: justify;\"><span style=\"font-size: 14pt;\"><br aria-hidden=\"true\" \/><br aria-hidden=\"true\" \/>Durante el acto, las autoridades presentes rindieron un homenaje a Don Efra\u00edn Cortez L\u00f3pez, tras develar la placa con su nombre de a esta infraestructura, como homenaje p\u00f3stumo a quien se distingui\u00f3 por su sensibilidad, responsabilidad y compromiso a favor de los culiacanenses, en la toma de decisiones como miembro del Consejo Directivo de JAPAC.<\/span><\/p>\n<p style=\"text-align: justify;\"><span style=\"font-size: 14pt;\"><br aria-hidden=\"true\" \/><br aria-hidden=\"true\" \/>Ante la presencia de la se\u00f1ora Hilda de Cortez, hijos y nietos de Don Efra\u00edn Cortez, se hizo un emotivo recuento de su vida y obra, a lo largo de m\u00e1s de 30 a\u00f1os dedicados a la paramunicipal, siendo su joven nieto, Eduardo Garc\u00eda Cortez, quien a nombre de la familia agradeci\u00f3 el homenaje rendido.<\/span><\/p>\n<p style=\"text-align: justify;\"><span style=\"font-size: 14pt;\"><br aria-hidden=\"true\" \/><br aria-hidden=\"true\" \/>Estuvieron presentes, los integrantes del Consejo Directivo de JAPAC quienes d\u00edas atr\u00e1s avalaron la propuesta de honrar la memoria de Don Efra\u00edn Cortez, poniendo su nombre a esta importante infraestructura.<br aria-hidden=\"true\" \/><\/span><\/p>\n<p style=\"text-align: justify;\">&nbsp;<\/p>\n<p style=\"text-align: justify;\">&nbsp;<\/p>\n<p style=\"text-align: justify;\"><span style=\"font-size: 14pt;\">REDACCI\u00d3N\/VISI\u00d3N CIUDADANA.<\/span><\/p>\n","protected":false},"excerpt":{"rendered":"<p>El alcalde, Lic. Jes\u00fas Estrada Ferreiro, inaugur\u00f3 junto al gerente general de la JAPAC, Jes\u00fas Higuera Laura, el c\u00e1rcamo de bombeo \u201cEfra\u00edn Cortez L\u00f3pez\u201d, infraestructura moderna que garantiza la continuidad en el servicio a los habitantes del sector norte, Humaya y zona centro de la ciudad. En el evento, el gerente general de JAPAC detall\u00f3 [&hellip;]<\/p>\n","protected":false},"author":1,"featured_media":2161,"comment_status":"closed","ping_status":"closed","sticky":false,"template":"","format":"standard","meta":{"footnotes":""},"categories":[13],"tags":[],"ppma_author":[31],"class_list":["post-17863","post","type-post","status-publish","format-standard","has-post-thumbnail","hentry","category-locales"],"aioseo_notices":[],"authors":[{"term_id":31,"user_id":1,"is_guest":0,"slug":"ivan3vino","display_name":"Iv\u00e1n Trevi\u00f1o","avatar_url":{"url":"https:\/\/visionciudadana.com.mx\/oficial\/wp-content\/uploads\/2025\/09\/columna-ivan-Trevino.png","url2x":"https:\/\/visionciudadana.com.mx\/oficial\/wp-content\/uploads\/2025\/09\/columna-ivan-Trevino.png"},"0":null,"1":"","2":"","3":"","4":"","5":"","6":"","7":"","8":""}],"_links":{"self":[{"href":"https:\/\/visionciudadana.com.mx\/oficial\/wp-json\/wp\/v2\/posts\/17863","targetHints":{"allow":["GET"]}}],"collection":[{"href":"https:\/\/visionciudadana.com.mx\/oficial\/wp-json\/wp\/v2\/posts"}],"about":[{"href":"https:\/\/visionciudadana.com.mx\/oficial\/wp-json\/wp\/v2\/types\/post"}],"author":[{"embeddable":true,"href":"https:\/\/visionciudadana.com.mx\/oficial\/wp-json\/wp\/v2\/users\/1"}],"replies":[{"embeddable":true,"href":"https:\/\/visionciudadana.com.mx\/oficial\/wp-json\/wp\/v2\/comments?post=17863"}],"version-history":[{"count":1,"href":"https:\/\/visionciudadana.com.mx\/oficial\/wp-json\/wp\/v2\/posts\/17863\/revisions"}],"predecessor-version":[{"id":30456,"href":"https:\/\/visionciudadana.com.mx\/oficial\/wp-json\/wp\/v2\/posts\/17863\/revisions\/30456"}],"wp:featuredmedia":[{"embeddable":true,"href":"https:\/\/visionciudadana.com.mx\/oficial\/wp-json\/wp\/v2\/posts\/2161"}],"wp:attachment":[{"href":"https:\/\/visionciudadana.com.mx\/oficial\/wp-json\/wp\/v2\/media?parent=17863"}],"wp:term":[{"taxonomy":"category","embeddable":true,"href":"https:\/\/visionciudadana.com.mx\/oficial\/wp-json\/wp\/v2\/categories?post=17863"},{"taxonomy":"post_tag","embeddable":true,"href":"https:\/\/visionciudadana.com.mx\/oficial\/wp-json\/wp\/v2\/tags?post=17863"},{"taxonomy":"author","embeddable":true,"href":"https:\/\/visionciudadana.com.mx\/oficial\/wp-json\/wp\/v2\/ppma_author?post=17863"}],"curies":[{"name":"wp","href":"https:\/\/api.w.org\/{rel}","templated":true}]}}