{"id":17861,"date":"2021-11-03T22:12:23","date_gmt":"2021-11-03T22:12:23","guid":{"rendered":"https:\/\/visionciudadana.com.mx\/chio\/2021\/11\/03\/arranca-segunda-jornada-nacional-de-salud-publica-en-sinaloa\/"},"modified":"2025-06-24T23:30:56","modified_gmt":"2025-06-24T23:30:56","slug":"arranca-segunda-jornada-nacional-de-salud-publica-en-sinaloa","status":"publish","type":"post","link":"https:\/\/visionciudadana.com.mx\/oficial\/2021\/11\/03\/arranca-segunda-jornada-nacional-de-salud-publica-en-sinaloa\/","title":{"rendered":"Arranca segunda jornada nacional de salud p\u00fablica en Sinaloa"},"content":{"rendered":"<div><img fetchpriority=\"high\" decoding=\"async\" src=\"images\/2021\/nov21\/vacuna.jpg\" alt=\"vacuna\" width=\"720\" height=\"480\" style=\"display: block; margin: 20px auto;\" \/><\/div>\n<div>&nbsp;<\/div>\n<div style=\"text-align: justify;\"><span style=\"font-size: 14pt;\">El Secretario de Salud de Sinaloa M.C. H\u00e9ctor Melesio Cu\u00e9n Ojeda, acompa\u00f1ado por el Subsecretario de Atenci\u00f3n M\u00e9dica, Dr.&nbsp; Carlos L\u00f3pez Portillo N\u00fa\u00f1ez y el Dr. Julio Cesar Quintero Ledesma, Subsecretario de Administraci\u00f3n y Finanzas, quienes recibieron su nombramiento esta ma\u00f1ana por el Gobernador del Estado, Rub\u00e9n Rocha Moya, dieron el arranque oficial de la Segunda Jornada Nacional de Salud P\u00fablica 2021.<\/span><\/div>\n<div style=\"text-align: justify;\">&nbsp;<\/div>\n<div style=\"text-align: justify;\"><span style=\"font-size: 14pt;\"><\/span><\/div>\n<div style=\"text-align: justify;\"><span style=\"font-size: 14pt;\">En su primer evento oficial como titular de la Salud en el Estado, el M. C. H\u00e9ctor Melesio Cu\u00e9n Ojeda, reiter\u00f3 que la prevenci\u00f3n ser\u00e1 la directriz de la Secretar\u00eda de Salud, es as\u00ed que a trav\u00e9s de esta Jornada de Salud la cual inicia del 3 de noviembre 2021 y concluye el 31 de marzo del 2022, se buscar\u00e1 proteger a la poblaci\u00f3n vulnerable contra la influenza estacional.<\/span><\/div>\n<div style=\"text-align: justify;\">&nbsp;<\/div>\n<div style=\"text-align: justify;\"><span style=\"font-size: 14pt;\"><\/span><\/div>\n<div style=\"text-align: justify;\"><span style=\"font-size: 14pt;\">Es por ello que inst\u00f3 a la ciudadan\u00eda a concientizar sobre la importancia de protegerse a trav\u00e9s de la vacunaci\u00f3n contra enfermedades end\u00e9micas como la influenza, sobre todo en estos tiempos donde muchas personas son contagiadas por Covid \u2013 19.<\/span><\/div>\n<div style=\"text-align: justify;\">&nbsp;<\/div>\n<div style=\"text-align: justify;\"><span style=\"font-size: 14pt;\"><\/span><\/div>\n<div style=\"text-align: justify;\"><span style=\"font-size: 14pt;\">\u201cSi algo sensible existe en este momento es la salud de las y los ciudadanos y hoy esta Segunda Jornada Nacional de Salud, para nosotros juega un papel muy importante por razones obvias, seguimos nosotros sinti\u00e9ndonos vulnerables por esta pandemia que existe, de tal manera que los cuidados tiene que continuar, y hoy no \u00fanicamente hay que cuidarnos del contagio del Covid \u2013 19, si no tambi\u00e9n evitar el contagio de otras enfermedades, que muchas veces son enfermedades end\u00e9micas como es el caso en este momento de la influenza\u201d, inform\u00f3.&nbsp;<\/span><\/div>\n<div style=\"text-align: justify;\">&nbsp;<\/div>\n<div style=\"text-align: justify;\"><span style=\"font-size: 14pt;\"><\/span><\/div>\n<div style=\"text-align: justify;\"><span style=\"font-size: 14pt;\">El tambi\u00e9n Director General de los Servicios de Salud, detall\u00f3 que actualmente a nivel nacional se cuenta con alrededor de 32.5 millones de dosis disponibles y Sinaloa cuenta con poco m\u00e1s de 777 mil vacunas contra la influenza, las cuales se estar\u00e1n aplicando en coordinaci\u00f3n con el ISSSTE y el IMSS, buscando siempre priorizar al sector vulnerable: ni\u00f1os de 6 a 59 meses, es decir casi los 5 a\u00f1os y para aquellas personas que tienen 60 y m\u00e1s, asimismo de 5 a 59 a\u00f1os que padecen alguna comorbilidad.<\/span><\/div>\n<div style=\"text-align: justify;\">&nbsp;<\/div>\n<div style=\"text-align: justify;\"><span style=\"font-size: 14pt;\"><\/span><\/div>\n<div style=\"text-align: justify;\"><span style=\"font-size: 14pt;\">Cabe se\u00f1alar que, en el 2020 se registraron un total de mil 739 casos probables de influenza y 182 casos confirmados, mientras que en este 2021 son 11 casos probables y se registra solo 1 caso confirmados por influenza.&nbsp;<\/span><\/div>\n<div style=\"text-align: justify;\"><span style=\"font-size: 14pt;\"><\/span><\/div>\n<div style=\"text-align: justify;\">&nbsp;<\/div>\n<div style=\"text-align: justify;\"><span style=\"font-size: 14pt;\">Durante la Segunda Jornada de Salud P\u00fablica se realizar\u00e1n acciones de promoci\u00f3n y prevenci\u00f3n de la salud como la continuidad al rezago de vacunas por COVID \u2013 19, as\u00ed mismo se buscar\u00e1n completar esquemas de vacunaci\u00f3n en ni\u00f1as y ni\u00f1os.<\/span><\/div>\n<div style=\"text-align: justify;\">&nbsp;<\/div>\n<div style=\"text-align: justify;\"><span style=\"font-size: 14pt;\"><\/span><\/div>\n<div style=\"text-align: justify;\"><span style=\"font-size: 14pt;\">Adem\u00e1s de la realizaci\u00f3n de tamizajes para la detecci\u00f3n de VIH, S\u00edfilis, Hepatitis C y pl\u00e1ticas sobre la orientaci\u00f3n sexual, salud bucal, salud mental, higiene personal, alimentaci\u00f3n saludable y actividad f\u00edsica, con el fin de detectar y atender a tiempo diversos padecimientos.<\/span><\/div>\n<div style=\"text-align: justify;\">&nbsp;<\/div>\n<div style=\"text-align: justify;\"><span style=\"font-size: 14pt;\"><\/span><\/div>\n<div style=\"text-align: justify;\"><span style=\"font-size: 14pt;\">En el evento, tambi\u00e9n estuvieron presentes la Dra. Tania Clarisa Medina L\u00f3pez, Delegada del IMSS; Dr. Marcial Silva G\u00f3mez, Delegado del ISSSTE; Dr. Filiberto Daniel S\u00e1nchez Beltr\u00e1n, Jefe del Programa de Salud de la Infancia y la Adolescencia, entre otras autoridades e invitados especiales.<\/span><\/div>\n<div style=\"text-align: justify;\">&nbsp;<\/div>\n<div style=\"text-align: justify;\">&nbsp;<\/div>\n<div style=\"text-align: justify;\">&nbsp;<\/div>\n<div style=\"text-align: justify;\">&nbsp;<\/div>\n<div style=\"text-align: justify;\"><span style=\"font-size: 14pt;\">REDACCI\u00d3N\/VISI\u00d3N CIUDADANA.<\/span><\/div>\n","protected":false},"excerpt":{"rendered":"<p>&nbsp; El Secretario de Salud de Sinaloa M.C. H\u00e9ctor Melesio Cu\u00e9n Ojeda, acompa\u00f1ado por el Subsecretario de Atenci\u00f3n M\u00e9dica, Dr.&nbsp; Carlos L\u00f3pez Portillo N\u00fa\u00f1ez y el Dr. Julio Cesar Quintero Ledesma, Subsecretario de Administraci\u00f3n y Finanzas, quienes recibieron su nombramiento esta ma\u00f1ana por el Gobernador del Estado, Rub\u00e9n Rocha Moya, dieron el arranque oficial de [&hellip;]<\/p>\n","protected":false},"author":1,"featured_media":2157,"comment_status":"closed","ping_status":"closed","sticky":false,"template":"","format":"standard","meta":{"footnotes":""},"categories":[24],"tags":[],"ppma_author":[31],"class_list":["post-17861","post","type-post","status-publish","format-standard","has-post-thumbnail","hentry","category-relevantes"],"aioseo_notices":[],"authors":[{"term_id":31,"user_id":1,"is_guest":0,"slug":"ivan3vino","display_name":"Iv\u00e1n Trevi\u00f1o","avatar_url":{"url":"https:\/\/visionciudadana.com.mx\/oficial\/wp-content\/uploads\/2025\/09\/columna-ivan-Trevino.png","url2x":"https:\/\/visionciudadana.com.mx\/oficial\/wp-content\/uploads\/2025\/09\/columna-ivan-Trevino.png"},"0":null,"1":"","2":"","3":"","4":"","5":"","6":"","7":"","8":""}],"_links":{"self":[{"href":"https:\/\/visionciudadana.com.mx\/oficial\/wp-json\/wp\/v2\/posts\/17861","targetHints":{"allow":["GET"]}}],"collection":[{"href":"https:\/\/visionciudadana.com.mx\/oficial\/wp-json\/wp\/v2\/posts"}],"about":[{"href":"https:\/\/visionciudadana.com.mx\/oficial\/wp-json\/wp\/v2\/types\/post"}],"author":[{"embeddable":true,"href":"https:\/\/visionciudadana.com.mx\/oficial\/wp-json\/wp\/v2\/users\/1"}],"replies":[{"embeddable":true,"href":"https:\/\/visionciudadana.com.mx\/oficial\/wp-json\/wp\/v2\/comments?post=17861"}],"version-history":[{"count":1,"href":"https:\/\/visionciudadana.com.mx\/oficial\/wp-json\/wp\/v2\/posts\/17861\/revisions"}],"predecessor-version":[{"id":30458,"href":"https:\/\/visionciudadana.com.mx\/oficial\/wp-json\/wp\/v2\/posts\/17861\/revisions\/30458"}],"wp:featuredmedia":[{"embeddable":true,"href":"https:\/\/visionciudadana.com.mx\/oficial\/wp-json\/wp\/v2\/media\/2157"}],"wp:attachment":[{"href":"https:\/\/visionciudadana.com.mx\/oficial\/wp-json\/wp\/v2\/media?parent=17861"}],"wp:term":[{"taxonomy":"category","embeddable":true,"href":"https:\/\/visionciudadana.com.mx\/oficial\/wp-json\/wp\/v2\/categories?post=17861"},{"taxonomy":"post_tag","embeddable":true,"href":"https:\/\/visionciudadana.com.mx\/oficial\/wp-json\/wp\/v2\/tags?post=17861"},{"taxonomy":"author","embeddable":true,"href":"https:\/\/visionciudadana.com.mx\/oficial\/wp-json\/wp\/v2\/ppma_author?post=17861"}],"curies":[{"name":"wp","href":"https:\/\/api.w.org\/{rel}","templated":true}]}}