{"id":17860,"date":"2021-11-03T21:54:41","date_gmt":"2021-11-03T21:54:41","guid":{"rendered":"https:\/\/visionciudadana.com.mx\/chio\/2021\/11\/03\/rocha-moya-toma-protesta-personalmente-a-subsecretarios-y-directores-de-organismos\/"},"modified":"2025-06-24T23:30:56","modified_gmt":"2025-06-24T23:30:56","slug":"rocha-moya-toma-protesta-personalmente-a-subsecretarios-y-directores-de-organismos","status":"publish","type":"post","link":"https:\/\/visionciudadana.com.mx\/oficial\/2021\/11\/03\/rocha-moya-toma-protesta-personalmente-a-subsecretarios-y-directores-de-organismos\/","title":{"rendered":"Rocha Moya toma protesta personalmente a subsecretarios y directores de organismos"},"content":{"rendered":"<p><img fetchpriority=\"high\" decoding=\"async\" src=\"images\/2021\/nov21\/Paquete.jpg\" alt=\"Paquete\" width=\"720\" height=\"480\" style=\"display: block; margin: 20px auto;\" \/><\/p>\n<p class=\"x_gmail-MsoNoSpacing\" style=\"text-align: justify;\"><span style=\"font-size: 14pt;\">En un hecho in\u00e9dito que nunca se hab\u00eda llevado a cabo, el propio gobernador Rub\u00e9n Rocha Moya tom\u00f3 protesta a subsecretarios y directores de organismos gubernamentales, a quienes exhort\u00f3 a trabajar en equipo con sus respectivos secretarios y ayudarse mutuamente para alcanzar el objetivo com\u00fan de transformar Sinaloa, as\u00ed como desarrollar un trabajo sin distingo de ninguna especie, sino atender a todos los sectores de la poblaci\u00f3n por igual.<\/span><\/p>\n<p style=\"text-align: justify;\">&nbsp;<\/p>\n<p class=\"x_gmail-MsoNoSpacing\" style=\"text-align: justify;\"><span style=\"font-size: 14pt;\">En el Sal\u00f3n de Gobernadores se realiz\u00f3 este inusual evento, pues en el pasado lo com\u00fan era que cada secretario de gabinete tomara protesta a sus subalternos de mandos medios, como son los subsecretarios y directores, pero ahora fue el propio gobernador Rocha Moya quien formaliz\u00f3 dicho acto protocolario, y al hacer entregar personalmente de los nombramientos, se deten\u00eda con cada uno de los nuevos funcionarios para recomendarles cuestiones en particular, como por ejemplo, con el director del ISSSTESIN, el de atender a todos los maestros por igual, sin importar su ideolog\u00eda pol\u00edtica; a la directora de la Defensor\u00eda P\u00fablica, a no dejar sin protecci\u00f3n legal a los m\u00e1s desamparados y personas vulnerables, acorde con su postulado de \u201cprimero por los pobres\u201d.<\/span><\/p>\n<p style=\"text-align: justify;\">&nbsp;<\/p>\n<p class=\"x_gmail-MsoNoSpacing\" style=\"text-align: justify;\"><span style=\"font-size: 14pt;\">Primeramente, el gobernador del estado tom\u00f3 protesta a un nutrido grupo de subsecretarios, pertenecientes a las distintas Secretar\u00edas de su gabinete, cuyo orden fue el siguiente:<\/span><\/p>\n<p class=\"x_gmail-MsoNoSpacing\" style=\"text-align: justify;\"><span style=\"font-size: 14pt;\">\u00b7&nbsp;&nbsp;&nbsp;&nbsp;&nbsp;&nbsp;&nbsp;&nbsp;&nbsp;Estrella Palacios Dom\u00ednguez, subsecretaria de Promoci\u00f3n y Operaci\u00f3n Tur\u00edstica.<\/span><\/p>\n<p class=\"x_gmail-MsoNoSpacing\" style=\"text-align: justify;\"><span style=\"font-size: 14pt;\">\u00b7&nbsp;&nbsp;&nbsp;&nbsp;&nbsp;&nbsp;&nbsp;&nbsp;&nbsp;Julio C\u00e9sar Saucedo Barr\u00f3n, subsecretario de Pesca.<\/span><\/p>\n<p class=\"x_gmail-MsoNoSpacing\" style=\"text-align: justify;\"><span style=\"font-size: 14pt;\">\u00b7&nbsp;&nbsp;&nbsp;&nbsp;&nbsp;&nbsp;&nbsp;&nbsp;&nbsp;Cindy Rebeca Montoya Armenta, subsecretaria de Acuacultura.<\/span><\/p>\n<p class=\"x_gmail-MsoNoSpacing\" style=\"text-align: justify;\"><span style=\"font-size: 14pt;\">\u00b7&nbsp;&nbsp;&nbsp;&nbsp;&nbsp;&nbsp;&nbsp;&nbsp;&nbsp;Ram\u00f3n Gallegos Araiza, subsecretario de Agricultura.<\/span><\/p>\n<p class=\"x_gmail-MsoNoSpacing\" style=\"text-align: justify;\"><span style=\"font-size: 14pt;\">\u00b7&nbsp;&nbsp;&nbsp;&nbsp;&nbsp;&nbsp;&nbsp;&nbsp;&nbsp;Alfredo Valdez Zazueta, subsecretario de Ganader\u00eda.<\/span><\/p>\n<p class=\"x_gmail-MsoNoSpacing\" style=\"text-align: justify;\"><span style=\"font-size: 14pt;\">\u00b7&nbsp;&nbsp;&nbsp;&nbsp;&nbsp;&nbsp;&nbsp;&nbsp;&nbsp;Mar\u00eda In\u00e9s P\u00e9rez Corral, subsecretaria de Evaluaci\u00f3n.<\/span><\/p>\n<p class=\"x_gmail-MsoNoSpacing\" style=\"text-align: justify;\"><span style=\"font-size: 14pt;\">\u00b7&nbsp;&nbsp;&nbsp;&nbsp;&nbsp;&nbsp;&nbsp;&nbsp;&nbsp;Carlos Alejandro Carrasco Cota, subsecretario de Desarrollo Sustentable.<\/span><\/p>\n<p class=\"x_gmail-MsoNoSpacing\" style=\"text-align: justify;\"><span style=\"font-size: 14pt;\">\u00b7&nbsp;&nbsp;&nbsp;&nbsp;&nbsp;&nbsp;&nbsp;&nbsp;&nbsp;Ra\u00fal Francisco Montero Zamudio, subsecretario de Programas y Contratos.<\/span><\/p>\n<p class=\"x_gmail-MsoNoSpacing\" style=\"text-align: justify;\"><span style=\"font-size: 14pt;\">\u00b7&nbsp;&nbsp;&nbsp;&nbsp;&nbsp;&nbsp;&nbsp;&nbsp;&nbsp;Jes\u00fas \u00c1ngel Arag\u00f3n Gaxiola, subsecretario de Obras P\u00fablicas.<\/span><\/p>\n<p class=\"x_gmail-MsoNoSpacing\" style=\"text-align: justify;\"><span style=\"font-size: 14pt;\">\u00b7&nbsp;&nbsp;&nbsp;&nbsp;&nbsp;&nbsp;&nbsp;&nbsp;&nbsp;Lucio Arturo L\u00f3pez \u00c1vila, subsecretario de Auditor\u00eda.<\/span><\/p>\n<p class=\"x_gmail-MsoNoSpacing\" style=\"text-align: justify;\"><span style=\"font-size: 14pt;\">\u00b7&nbsp;&nbsp;&nbsp;&nbsp;&nbsp;&nbsp;&nbsp;&nbsp;&nbsp;Talina L\u00f3pez Mart\u00ednez, subsecretaria de Transparencia y Contralor\u00eda Social.<\/span><\/p>\n<p class=\"x_gmail-MsoNoSpacing\" style=\"text-align: justify;\"><span style=\"font-size: 14pt;\">\u00b7&nbsp;&nbsp;&nbsp;&nbsp;&nbsp;&nbsp;&nbsp;&nbsp;&nbsp;Julio C\u00e9sar Quintero Ledesma, subsecretario de Servicios Administrativos de la Secretar\u00eda de Salud.<\/span><\/p>\n<p class=\"x_gmail-MsoNoSpacing\" style=\"text-align: justify;\"><span style=\"font-size: 14pt;\">\u00b7&nbsp;&nbsp;&nbsp;&nbsp;&nbsp;&nbsp;&nbsp;&nbsp;&nbsp;Carlos L\u00f3pez Portillo N\u00fa\u00f1ez, subsecretario de Atenci\u00f3n M\u00e9dica.<\/span><\/p>\n<p class=\"x_gmail-MsoNoSpacing\" style=\"text-align: justify;\"><span style=\"font-size: 14pt;\">\u00b7&nbsp;&nbsp;&nbsp;&nbsp;&nbsp;&nbsp;&nbsp;&nbsp;&nbsp;Rosa Elena Mill\u00e1n Bueno, subsecretaria de Igualdad Sustantiva y Perspectiva de G\u00e9nero.<\/span><\/p>\n<p class=\"x_gmail-MsoNoSpacing\" style=\"text-align: justify;\"><span style=\"font-size: 14pt;\">\u00b7&nbsp;&nbsp;&nbsp;&nbsp;&nbsp;&nbsp;&nbsp;&nbsp;&nbsp;Consuelo Guti\u00e9rrez Guti\u00e9rrez, subsecretaria de Acceso a las Mujeres a una Vida Libre de Violencia.<\/span><\/p>\n<p class=\"x_gmail-MsoNoSpacing\" style=\"text-align: justify;\"><span style=\"font-size: 14pt;\">\u00b7&nbsp;&nbsp;&nbsp;&nbsp;&nbsp;&nbsp;&nbsp;&nbsp;&nbsp;Horacio Lora Oliva, subsecretario de Educaci\u00f3n B\u00e1sica.<\/span><\/p>\n<p class=\"x_gmail-MsoNoSpacing\" style=\"text-align: justify;\"><span style=\"font-size: 14pt;\">\u00b7&nbsp;&nbsp;&nbsp;&nbsp;&nbsp;&nbsp;&nbsp;&nbsp;&nbsp;Rodrigo L\u00f3pez Zavala, subsecretario de Educaci\u00f3n Media Superior y Superior.<\/span><\/p>\n<p class=\"x_gmail-MsoNoSpacing\" style=\"text-align: justify;\"><span style=\"font-size: 14pt;\">\u00b7&nbsp;&nbsp;&nbsp;&nbsp;&nbsp;&nbsp;&nbsp;&nbsp;&nbsp;Jorge Rafael Quintero Salazar, subsecretario de Vinculaci\u00f3n Social.<\/span><\/p>\n<p class=\"x_gmail-MsoNoSpacing\" style=\"text-align: justify;\"><span style=\"font-size: 14pt;\">\u00b7&nbsp;&nbsp;&nbsp;&nbsp;&nbsp;&nbsp;&nbsp;&nbsp;&nbsp;Catalina Esparza Navarrete, subsecretaria de Planeaci\u00f3n Educativa.<\/span><\/p>\n<p style=\"text-align: justify;\">&nbsp;<\/p>\n<p class=\"x_gmail-MsoNoSpacing\" style=\"text-align: justify;\"><span style=\"font-size: 14pt;\">Enseguida, el gobernador Rub\u00e9n Rocha Moya tom\u00f3 protesta a un segundo grupo de nuevos funcionarios, correspondiendo ahora a directores de organismos gubernamentales, cuyo orden fue el siguiente:<\/span><\/p>\n<p class=\"x_gmail-MsoNoSpacing\" style=\"text-align: justify;\"><span style=\"font-size: 14pt;\">\u00b7&nbsp;&nbsp;&nbsp;&nbsp;&nbsp;&nbsp;&nbsp;&nbsp;&nbsp;Ana Cecilia Zavala Bueno, vocal ejecutiva de la Comisi\u00f3n Estatal de Agua Potable y Alcantarillado de Sinaloa (CEAPAS).<\/span><\/p>\n<p class=\"x_gmail-MsoNoSpacing\" style=\"text-align: justify;\"><span style=\"font-size: 14pt;\">\u00b7&nbsp;&nbsp;&nbsp;&nbsp;&nbsp;&nbsp;&nbsp;&nbsp;&nbsp;Teodosio Joel Fausto Garc\u00eda, director de Instituto de Seguridad y Servicios Sociales de los Trabajadores de la Educaci\u00f3n del Estado de Sinaloa (ISSSTESIN).<\/span><\/p>\n<p class=\"x_gmail-MsoNoSpacing\" style=\"text-align: justify;\"><span style=\"font-size: 14pt;\">\u00b7&nbsp;&nbsp;&nbsp;&nbsp;&nbsp;&nbsp;&nbsp;&nbsp;&nbsp;Tom\u00e1s Saucedo Carre\u00f1o, director general del Sistema Sinaloense de Radio y Televisi\u00f3n (Radio Sinaloa).<\/span><\/p>\n<p class=\"x_gmail-MsoNoSpacing\" style=\"text-align: justify;\"><span style=\"font-size: 14pt;\">\u00b7&nbsp;&nbsp;&nbsp;&nbsp;&nbsp;&nbsp;&nbsp;&nbsp;&nbsp;Rub\u00e9n Miranda L\u00f3pez, director general del Instituto Sinaloense para la Educaci\u00f3n de los J\u00f3venes y los Adultos (ISEJA).<\/span><\/p>\n<p class=\"x_gmail-MsoNoSpacing\" style=\"text-align: justify;\"><span style=\"font-size: 14pt;\">\u00b7&nbsp;&nbsp;&nbsp;&nbsp;&nbsp;&nbsp;&nbsp;&nbsp;&nbsp;Mar\u00eda Obdulia Fern\u00e1ndez Germ\u00e1n, directora del Instituto de la Defensor\u00eda P\u00fablica.<\/span><\/p>\n<p class=\"x_gmail-MsoNoSpacing\" style=\"text-align: justify;\"><span style=\"font-size: 14pt;\">\u00b7&nbsp;&nbsp;&nbsp;&nbsp;&nbsp;&nbsp;&nbsp;&nbsp;&nbsp;Francisco Higuera Castro, director general de la Comisi\u00f3n Estatal de Mejora Regulatoria y Gesti\u00f3n Empresarial.<\/span><\/p>\n<p class=\"x_gmail-MsoNoSpacing\" style=\"text-align: justify;\"><span style=\"font-size: 14pt;\">\u00b7&nbsp;&nbsp;&nbsp;&nbsp;&nbsp;&nbsp;&nbsp;&nbsp;&nbsp;Eduardo Alarc\u00f3n L\u00f3pez, director del Instituto Catastral del Estado de Sinaloa.<\/span><\/p>\n<p class=\"x_gmail-MsoNoSpacing\" style=\"text-align: justify;\"><span style=\"font-size: 14pt;\">\u00b7&nbsp;&nbsp;&nbsp;&nbsp;&nbsp;&nbsp;&nbsp;&nbsp;&nbsp;H\u00e9ctor Modesto F\u00e9lix Carrillo, director del Instituto Estatal de Protecci\u00f3n Civil.<\/span><\/p>\n<p class=\"x_gmail-MsoNoSpacing\" style=\"text-align: justify;\"><span style=\"font-size: 14pt;\">\u00b7&nbsp;&nbsp;&nbsp;&nbsp;&nbsp;&nbsp;&nbsp;&nbsp;&nbsp;Julio S\u00e1nchez Aguilar, director general del Instituto de Pensiones del Estado de Sinaloa (IPES).<\/span><\/p>\n<p class=\"x_gmail-MsoNoSpacing\" style=\"text-align: justify;\"><span style=\"font-size: 14pt;\">\u00b7&nbsp;&nbsp;&nbsp;&nbsp;&nbsp;&nbsp;&nbsp;&nbsp;&nbsp;Julio C\u00e9sar Cascajares Ram\u00edrez, director general del Instituto Sinaloense de Cultura F\u00edsica y Deporte (ISDE).<\/span><\/p>\n<p class=\"x_gmail-MsoNoSpacing\" style=\"text-align: justify;\"><span style=\"font-size: 14pt;\">\u00b7&nbsp;&nbsp;&nbsp;&nbsp;&nbsp;&nbsp;&nbsp;&nbsp;&nbsp;Wilfredo V\u00e9liz Figueroa, director general del Conalep.<\/span><\/p>\n<p class=\"x_gmail-MsoNoSpacing\" style=\"text-align: justify;\"><span style=\"font-size: 14pt;\">\u00b7&nbsp;&nbsp;&nbsp;&nbsp;&nbsp;&nbsp;&nbsp;&nbsp;&nbsp;Francisco Antonio Casta\u00f1eda Verduzco, director del Desarrollo Urbano Tres R\u00edos.<\/span><\/p>\n<p class=\"x_gmail-MsoNoSpacing\" style=\"text-align: justify;\"><span style=\"font-size: 14pt;\">\u00b7&nbsp;&nbsp;&nbsp;&nbsp;&nbsp;&nbsp;&nbsp;&nbsp;&nbsp;Luis Alonso Garc\u00eda Corrales, comisionado estatal para la Protecci\u00f3n contra Riesgos Sanitarios del Estado de Sinaloa (COEPRISS).<\/span><\/p>\n<p class=\"x_gmail-MsoNoSpacing\" style=\"text-align: justify;\"><span style=\"font-size: 14pt;\">\u00b7&nbsp;&nbsp;&nbsp;&nbsp;&nbsp;&nbsp;&nbsp;&nbsp;&nbsp;Rafael S\u00e1nchez Molina, director general del Instituto Sinaloense de Acuacultura y Pesca<\/span><\/p>\n<p class=\"x_gmail-MsoNoSpacing\" style=\"text-align: justify;\"><span style=\"font-size: 14pt;\">\u00b7&nbsp;&nbsp;&nbsp;&nbsp;&nbsp;&nbsp;&nbsp;&nbsp;&nbsp;Juan Salvador Avil\u00e9s Ochoa, director general del Instituto Sinaloense de Cultura (ISIC).<\/span><\/p>\n<p style=\"text-align: justify;\">&nbsp;<\/p>\n<p style=\"text-align: justify;\">&nbsp;<\/p>\n<p style=\"text-align: justify;\"><span style=\"font-size: 14pt;\">REDACCI\u00d3N\/VISI\u00d3N CIUDADANA.<\/span><\/p>\n","protected":false},"excerpt":{"rendered":"<p>En un hecho in\u00e9dito que nunca se hab\u00eda llevado a cabo, el propio gobernador Rub\u00e9n Rocha Moya tom\u00f3 protesta a subsecretarios y directores de organismos gubernamentales, a quienes exhort\u00f3 a trabajar en equipo con sus respectivos secretarios y ayudarse mutuamente para alcanzar el objetivo com\u00fan de transformar Sinaloa, as\u00ed como desarrollar un trabajo sin distingo [&hellip;]<\/p>\n","protected":false},"author":1,"featured_media":2155,"comment_status":"closed","ping_status":"closed","sticky":false,"template":"","format":"standard","meta":{"footnotes":""},"categories":[24],"tags":[],"ppma_author":[31],"class_list":["post-17860","post","type-post","status-publish","format-standard","has-post-thumbnail","hentry","category-relevantes"],"aioseo_notices":[],"authors":[{"term_id":31,"user_id":1,"is_guest":0,"slug":"ivan3vino","display_name":"Iv\u00e1n Trevi\u00f1o","avatar_url":{"url":"https:\/\/visionciudadana.com.mx\/oficial\/wp-content\/uploads\/2025\/09\/columna-ivan-Trevino.png","url2x":"https:\/\/visionciudadana.com.mx\/oficial\/wp-content\/uploads\/2025\/09\/columna-ivan-Trevino.png"},"0":null,"1":"","2":"","3":"","4":"","5":"","6":"","7":"","8":""}],"_links":{"self":[{"href":"https:\/\/visionciudadana.com.mx\/oficial\/wp-json\/wp\/v2\/posts\/17860","targetHints":{"allow":["GET"]}}],"collection":[{"href":"https:\/\/visionciudadana.com.mx\/oficial\/wp-json\/wp\/v2\/posts"}],"about":[{"href":"https:\/\/visionciudadana.com.mx\/oficial\/wp-json\/wp\/v2\/types\/post"}],"author":[{"embeddable":true,"href":"https:\/\/visionciudadana.com.mx\/oficial\/wp-json\/wp\/v2\/users\/1"}],"replies":[{"embeddable":true,"href":"https:\/\/visionciudadana.com.mx\/oficial\/wp-json\/wp\/v2\/comments?post=17860"}],"version-history":[{"count":1,"href":"https:\/\/visionciudadana.com.mx\/oficial\/wp-json\/wp\/v2\/posts\/17860\/revisions"}],"predecessor-version":[{"id":30459,"href":"https:\/\/visionciudadana.com.mx\/oficial\/wp-json\/wp\/v2\/posts\/17860\/revisions\/30459"}],"wp:featuredmedia":[{"embeddable":true,"href":"https:\/\/visionciudadana.com.mx\/oficial\/wp-json\/wp\/v2\/media\/2155"}],"wp:attachment":[{"href":"https:\/\/visionciudadana.com.mx\/oficial\/wp-json\/wp\/v2\/media?parent=17860"}],"wp:term":[{"taxonomy":"category","embeddable":true,"href":"https:\/\/visionciudadana.com.mx\/oficial\/wp-json\/wp\/v2\/categories?post=17860"},{"taxonomy":"post_tag","embeddable":true,"href":"https:\/\/visionciudadana.com.mx\/oficial\/wp-json\/wp\/v2\/tags?post=17860"},{"taxonomy":"author","embeddable":true,"href":"https:\/\/visionciudadana.com.mx\/oficial\/wp-json\/wp\/v2\/ppma_author?post=17860"}],"curies":[{"name":"wp","href":"https:\/\/api.w.org\/{rel}","templated":true}]}}