{"id":17859,"date":"2021-11-03T21:46:27","date_gmt":"2021-11-03T21:46:27","guid":{"rendered":"https:\/\/visionciudadana.com.mx\/chio\/2021\/11\/03\/operativo-en-panteones-registra-saldo-positivo-durante-el-pasado-fin-de-semana-festivo\/"},"modified":"2025-06-24T23:30:56","modified_gmt":"2025-06-24T23:30:56","slug":"operativo-en-panteones-registra-saldo-positivo-durante-el-pasado-fin-de-semana-festivo","status":"publish","type":"post","link":"https:\/\/visionciudadana.com.mx\/oficial\/2021\/11\/03\/operativo-en-panteones-registra-saldo-positivo-durante-el-pasado-fin-de-semana-festivo\/","title":{"rendered":"Operativo en panteones registra saldo positivo durante el pasado fin de semana festivo"},"content":{"rendered":"<p style=\"text-align: justify;\"><img fetchpriority=\"high\" decoding=\"async\" src=\"images\/2021\/nov21\/operativo.jpg\" alt=\"operativo\" width=\"720\" height=\"480\" style=\"display: block; margin: 20px auto;\" \/><br aria-hidden=\"true\" \/><br aria-hidden=\"true\" \/><span style=\"font-size: 14pt;\">El pasado D\u00eda de Muertos tras la espera derivada de la pandemia por Covid-19 trajo consigo un incremento importante en la afluencia de personas a los panteones de Culiac\u00e1n.<\/span><br aria-hidden=\"true\" \/><\/p>\n<p style=\"text-align: justify;\"><br aria-hidden=\"true\" \/><span style=\"font-size: 14pt;\">Al respecto, el director del \u00e1rea Danilo Burgos Garc\u00eda resalt\u00f3 que la limpieza se realiz\u00f3 en d\u00edas anteriores a estos festejos y durante el operativo no se registr\u00f3 ning\u00fan percance, esto hasta ayer a las 6 de la tarde cuando se realiz\u00f3 el corte del mismo.<\/span><\/p>\n<p style=\"text-align: justify;\"><br aria-hidden=\"true\" \/><br aria-hidden=\"true\" \/><span style=\"font-size: 14pt;\">En este sentido, se\u00f1al\u00f3 que aunque s\u00ed se recibi\u00f3 un mayor n\u00famero de personas de las que se estimaba, destac\u00f3 tambi\u00e9n que es razonable, pues al permanecer cerrados durante las festividades pasadas las personas extra\u00f1aban atender esta tradici\u00f3n como corresponde.<\/span><\/p>\n<p style=\"text-align: justify;\"><br aria-hidden=\"true\" \/><br aria-hidden=\"true\" \/><span style=\"font-size: 14pt;\">Durante el operativo particip\u00f3 tambi\u00e9n el \u00e1rea de Inspecci\u00f3n y Vigilancia, la Secretar\u00eda de Seguridad P\u00fablica y Tr\u00e1nsito Municipal, as\u00ed como elementos de Protecci\u00f3n Civil, quienes establecieron los filtros sanitarios.<\/span><\/p>\n<p style=\"text-align: justify;\"><br aria-hidden=\"true\" \/><br aria-hidden=\"true\" \/><span style=\"font-size: 14pt;\">El funcionario municipal dijo que es de destacar el hecho de que la poblaci\u00f3n apoy\u00f3 en gran medida acatando los protocolos sanitarios por s\u00ed mismos, es decir, cada uno manteniendo colocado el cubrebocas y usando gel antibacterial.<\/span><br aria-hidden=\"true\" \/><\/p>\n<p style=\"text-align: justify;\"><br aria-hidden=\"true\" \/><span style=\"font-size: 14pt;\">De igual forma, especific\u00f3 que en el caso de los vendedores no existi\u00f3 ning\u00fan inconveniente, ya que el n\u00famero de ellos era apropiado para la cantidad de personas que asistieron a los camposantos, adem\u00e1s se colocaron y retiraron en orden.<\/span><\/p>\n<p style=\"text-align: justify;\"><br aria-hidden=\"true\" \/><br aria-hidden=\"true\" \/><span style=\"font-size: 14pt;\">En el tema de la basura se indic\u00f3 que se recolectaron alrededor de 8 toneladas en los 7 panteones municipales al concluir la jornada, y el d\u00eda de hoy se reanudaron las labores habituales de limpieza en ellos.<\/span><br aria-hidden=\"true\" \/><\/p>\n<p style=\"text-align: justify;\"><br aria-hidden=\"true\" \/><span style=\"font-size: 14pt;\">Finalmente, inform\u00f3 que fue alrededor del 70 por ciento la afluencia registrada en los panteones m\u00e1s grandes, tal es el caso del 21 de Marzo y el Pante\u00f3n Civil, igualmente en el resto de ellos tambi\u00e9n hubo un n\u00famero importante que acudi\u00f3 a celebrar a sus deudos.<\/span><\/p>\n<p style=\"text-align: justify;\">&nbsp;<\/p>\n<p style=\"text-align: justify;\">&nbsp;<\/p>\n<p style=\"text-align: justify;\">&nbsp;<\/p>\n<p style=\"text-align: justify;\"><span style=\"font-size: 14pt;\">REDACCI\u00d3N\/VISI\u00d3N CIUDADANA.<\/span><\/p>\n","protected":false},"excerpt":{"rendered":"<p>El pasado D\u00eda de Muertos tras la espera derivada de la pandemia por Covid-19 trajo consigo un incremento importante en la afluencia de personas a los panteones de Culiac\u00e1n. Al respecto, el director del \u00e1rea Danilo Burgos Garc\u00eda resalt\u00f3 que la limpieza se realiz\u00f3 en d\u00edas anteriores a estos festejos y durante el operativo no [&hellip;]<\/p>\n","protected":false},"author":1,"featured_media":2153,"comment_status":"closed","ping_status":"closed","sticky":false,"template":"","format":"standard","meta":{"footnotes":""},"categories":[24],"tags":[],"ppma_author":[31],"class_list":["post-17859","post","type-post","status-publish","format-standard","has-post-thumbnail","hentry","category-relevantes"],"aioseo_notices":[],"authors":[{"term_id":31,"user_id":1,"is_guest":0,"slug":"ivan3vino","display_name":"Iv\u00e1n Trevi\u00f1o","avatar_url":{"url":"https:\/\/visionciudadana.com.mx\/oficial\/wp-content\/uploads\/2025\/09\/columna-ivan-Trevino.png","url2x":"https:\/\/visionciudadana.com.mx\/oficial\/wp-content\/uploads\/2025\/09\/columna-ivan-Trevino.png"},"0":null,"1":"","2":"","3":"","4":"","5":"","6":"","7":"","8":""}],"_links":{"self":[{"href":"https:\/\/visionciudadana.com.mx\/oficial\/wp-json\/wp\/v2\/posts\/17859","targetHints":{"allow":["GET"]}}],"collection":[{"href":"https:\/\/visionciudadana.com.mx\/oficial\/wp-json\/wp\/v2\/posts"}],"about":[{"href":"https:\/\/visionciudadana.com.mx\/oficial\/wp-json\/wp\/v2\/types\/post"}],"author":[{"embeddable":true,"href":"https:\/\/visionciudadana.com.mx\/oficial\/wp-json\/wp\/v2\/users\/1"}],"replies":[{"embeddable":true,"href":"https:\/\/visionciudadana.com.mx\/oficial\/wp-json\/wp\/v2\/comments?post=17859"}],"version-history":[{"count":1,"href":"https:\/\/visionciudadana.com.mx\/oficial\/wp-json\/wp\/v2\/posts\/17859\/revisions"}],"predecessor-version":[{"id":30460,"href":"https:\/\/visionciudadana.com.mx\/oficial\/wp-json\/wp\/v2\/posts\/17859\/revisions\/30460"}],"wp:featuredmedia":[{"embeddable":true,"href":"https:\/\/visionciudadana.com.mx\/oficial\/wp-json\/wp\/v2\/posts\/2153"}],"wp:attachment":[{"href":"https:\/\/visionciudadana.com.mx\/oficial\/wp-json\/wp\/v2\/media?parent=17859"}],"wp:term":[{"taxonomy":"category","embeddable":true,"href":"https:\/\/visionciudadana.com.mx\/oficial\/wp-json\/wp\/v2\/categories?post=17859"},{"taxonomy":"post_tag","embeddable":true,"href":"https:\/\/visionciudadana.com.mx\/oficial\/wp-json\/wp\/v2\/tags?post=17859"},{"taxonomy":"author","embeddable":true,"href":"https:\/\/visionciudadana.com.mx\/oficial\/wp-json\/wp\/v2\/ppma_author?post=17859"}],"curies":[{"name":"wp","href":"https:\/\/api.w.org\/{rel}","templated":true}]}}