{"id":17858,"date":"2021-11-03T21:41:31","date_gmt":"2021-11-03T21:41:31","guid":{"rendered":"https:\/\/visionciudadana.com.mx\/chio\/2021\/11\/03\/capacitan-a-unidades-academicas-y-organizacionales-para-una-eficiente-planeacion-y-evaluacion\/"},"modified":"2025-06-24T23:30:57","modified_gmt":"2025-06-24T23:30:57","slug":"capacitan-a-unidades-academicas-y-organizacionales-para-una-eficiente-planeacion-y-evaluacion","status":"publish","type":"post","link":"https:\/\/visionciudadana.com.mx\/oficial\/2021\/11\/03\/capacitan-a-unidades-academicas-y-organizacionales-para-una-eficiente-planeacion-y-evaluacion\/","title":{"rendered":"Capacitan a unidades acad\u00e9micas y organizacionales para una eficiente planeaci\u00f3n y evaluaci\u00f3n  \u00a0"},"content":{"rendered":"<p style=\"text-align: justify;\"><img fetchpriority=\"high\" decoding=\"async\" src=\"images\/2021\/nov21\/organiz.jpg\" alt=\"organiz\" width=\"720\" height=\"480\" style=\"display: block; margin: 20px auto;\" \/><\/p>\n<p class=\"x_MsoNormal\" style=\"text-align: justify;\"><span lang=\"ES\" style=\"font-size: 14pt;\">Las 119 unidades acad\u00e9micas de nivel medio superior y superior y las 57 unidades organizacionales que integran a la Universidad Aut\u00f3noma de Sinaloa (UAS) iniciaron capacitaci\u00f3n para llevar a cabo la aplicaci\u00f3n correcta y eficiente con planeaci\u00f3n y evaluaci\u00f3n del Plan de Desarrollo Institucional&nbsp;<i>Con Visi\u00f3n de Futuro 2025<\/i>.<\/span><\/p>\n<p class=\"x_MsoNormal\" style=\"text-align: justify;\"><span lang=\"ES\" style=\"font-size: 14pt;\"><\/span><\/p>\n<p class=\"x_MsoNormal\" style=\"text-align: justify;\"><span lang=\"ES\" style=\"font-size: 14pt;\">El Rector de la UAS, doctor Jes\u00fas Madue\u00f1a Molina inaugur\u00f3 la Reuni\u00f3n de Capacitaci\u00f3n y Sensibilizaci\u00f3n sobre la Importancia de la Planeaci\u00f3n y Evaluaci\u00f3n de la Universidad organizada por la Coordinaci\u00f3n General de Planeaci\u00f3n y Desarrollo a cargo de la doctora Soila Maribel Gaxiola Camacho.<\/span><\/p>\n<p class=\"x_MsoNormal\" style=\"text-align: justify;\"><span lang=\"ES\" style=\"font-size: 14pt;\"><\/span><\/p>\n<p class=\"x_MsoNormal\" style=\"text-align: justify;\"><span lang=\"ES\" style=\"font-size: 14pt;\">\u201cLa cultura de la planeaci\u00f3n es una de las fortalezas que han permitido a nuestra M\u00e1xima Casa de Estudios construir procesos de desarrollo cada vez m\u00e1s s\u00f3lidos y duraderos (\u2026) es un concepto que hemos institucionalizado a trav\u00e9s de nuestra Ley Org\u00e1nica, el Estatuto General y el Reglamento de Planeaci\u00f3n\u201d, dijo Madue\u00f1a Molina.<\/span><\/p>\n<p class=\"x_MsoNormal\" style=\"text-align: justify;\"><span lang=\"ES\" style=\"font-size: 14pt;\"><\/span><\/p>\n<p class=\"x_MsoNormal\" style=\"text-align: justify;\"><span lang=\"ES\" style=\"font-size: 14pt;\">Consider\u00f3 que la planeaci\u00f3n no ser\u00eda efectiva sin una cultura de evaluaci\u00f3n y ambas llevan a una mejora continua, pero no es f\u00e1cil traducirlas a los hechos, pues se requiere de un dominio de herramientas, hacer ajustes y emprender nuevas acciones, adem\u00e1s de una actitud de cambio, de perfeccionamiento y colaboraci\u00f3n.<\/span><\/p>\n<p class=\"x_MsoNormal\" style=\"text-align: justify;\"><span lang=\"ES\" style=\"font-size: 14pt;\"><\/span><\/p>\n<p class=\"x_MsoNormal\" style=\"text-align: justify;\"><span lang=\"ES\" style=\"font-size: 14pt;\">\u201cPor ello aprecio mucho que se lleve a cabo esta reuni\u00f3n, pues nos brinda nuevas pautas para estar al d\u00eda en esta din\u00e1mica, la cual no debe detenerse a pesar de la insuficiencia financiera porque es cuando m\u00e1s se requiere optimizar los recursos sin poner en riesgo los resultados\u201d, enfatiz\u00f3.<\/span><\/p>\n<p class=\"x_MsoNormal\" style=\"text-align: justify;\"><span lang=\"ES\" style=\"font-size: 14pt;\"><\/span><\/p>\n<p class=\"x_MsoNormal\" style=\"text-align: justify;\"><span lang=\"ES\" style=\"font-size: 14pt;\">Por su parte, la Coordinadora General de Planeaci\u00f3n y Desarrollo, doctora Soila Maribel Gaxiola Camacho, expuso los principales puntos del Plan de Desarrollo Institucional y se\u00f1al\u00f3 que planear es tan importante como organizar y dirigir, y asegur\u00f3 que la eficiencia no se logra con improvisaci\u00f3n.<\/span><\/p>\n<p class=\"x_MsoNormal\" style=\"text-align: justify;\"><span lang=\"ES\" style=\"font-size: 14pt;\"><\/span><\/p>\n<p class=\"x_MsoNormal\" style=\"text-align: justify;\"><span lang=\"ES\" style=\"font-size: 14pt;\">\u201cQue nosotros podamos trabajar organizadamente y con planeaci\u00f3n para realizar nuestro trabajo nos permite poder llevar a cabo los planes de desarrollo que nos planteemos\u201d, expres\u00f3 Gaxiola Camacho.<\/span><\/p>\n<p style=\"text-align: justify;\">&nbsp;<\/p>\n<p style=\"text-align: justify;\">&nbsp;<\/p>\n<p class=\"x_MsoNormal\" style=\"text-align: justify;\"><span lang=\"ES\" style=\"font-size: 14pt;\">REDACCI\u00d3N\/VISI\u00d3N CIUDADANA.&nbsp;<\/span><\/p>\n","protected":false},"excerpt":{"rendered":"<p>Las 119 unidades acad\u00e9micas de nivel medio superior y superior y las 57 unidades organizacionales que integran a la Universidad Aut\u00f3noma de Sinaloa (UAS) iniciaron capacitaci\u00f3n para llevar a cabo la aplicaci\u00f3n correcta y eficiente con planeaci\u00f3n y evaluaci\u00f3n del Plan de Desarrollo Institucional&nbsp;Con Visi\u00f3n de Futuro 2025. El Rector de la UAS, doctor Jes\u00fas [&hellip;]<\/p>\n","protected":false},"author":1,"featured_media":2151,"comment_status":"closed","ping_status":"closed","sticky":false,"template":"","format":"standard","meta":{"footnotes":""},"categories":[13],"tags":[],"ppma_author":[31],"class_list":["post-17858","post","type-post","status-publish","format-standard","has-post-thumbnail","hentry","category-locales"],"aioseo_notices":[],"authors":[{"term_id":31,"user_id":1,"is_guest":0,"slug":"ivan3vino","display_name":"Iv\u00e1n Trevi\u00f1o","avatar_url":{"url":"https:\/\/visionciudadana.com.mx\/oficial\/wp-content\/uploads\/2025\/09\/columna-ivan-Trevino.png","url2x":"https:\/\/visionciudadana.com.mx\/oficial\/wp-content\/uploads\/2025\/09\/columna-ivan-Trevino.png"},"0":null,"1":"","2":"","3":"","4":"","5":"","6":"","7":"","8":""}],"_links":{"self":[{"href":"https:\/\/visionciudadana.com.mx\/oficial\/wp-json\/wp\/v2\/posts\/17858","targetHints":{"allow":["GET"]}}],"collection":[{"href":"https:\/\/visionciudadana.com.mx\/oficial\/wp-json\/wp\/v2\/posts"}],"about":[{"href":"https:\/\/visionciudadana.com.mx\/oficial\/wp-json\/wp\/v2\/types\/post"}],"author":[{"embeddable":true,"href":"https:\/\/visionciudadana.com.mx\/oficial\/wp-json\/wp\/v2\/users\/1"}],"replies":[{"embeddable":true,"href":"https:\/\/visionciudadana.com.mx\/oficial\/wp-json\/wp\/v2\/comments?post=17858"}],"version-history":[{"count":1,"href":"https:\/\/visionciudadana.com.mx\/oficial\/wp-json\/wp\/v2\/posts\/17858\/revisions"}],"predecessor-version":[{"id":30461,"href":"https:\/\/visionciudadana.com.mx\/oficial\/wp-json\/wp\/v2\/posts\/17858\/revisions\/30461"}],"wp:featuredmedia":[{"embeddable":true,"href":"https:\/\/visionciudadana.com.mx\/oficial\/wp-json\/wp\/v2\/posts\/2151"}],"wp:attachment":[{"href":"https:\/\/visionciudadana.com.mx\/oficial\/wp-json\/wp\/v2\/media?parent=17858"}],"wp:term":[{"taxonomy":"category","embeddable":true,"href":"https:\/\/visionciudadana.com.mx\/oficial\/wp-json\/wp\/v2\/categories?post=17858"},{"taxonomy":"post_tag","embeddable":true,"href":"https:\/\/visionciudadana.com.mx\/oficial\/wp-json\/wp\/v2\/tags?post=17858"},{"taxonomy":"author","embeddable":true,"href":"https:\/\/visionciudadana.com.mx\/oficial\/wp-json\/wp\/v2\/ppma_author?post=17858"}],"curies":[{"name":"wp","href":"https:\/\/api.w.org\/{rel}","templated":true}]}}