{"id":17853,"date":"2021-11-02T23:57:40","date_gmt":"2021-11-02T23:57:40","guid":{"rendered":"https:\/\/visionciudadana.com.mx\/chio\/2021\/11\/02\/fomenta-la-uas-las-tradiciones-mexicanas-con-la-celebracion-del-dia-de-muertos\/"},"modified":"2025-06-24T23:30:57","modified_gmt":"2025-06-24T23:30:57","slug":"fomenta-la-uas-las-tradiciones-mexicanas-con-la-celebracion-del-dia-de-muertos","status":"publish","type":"post","link":"https:\/\/visionciudadana.com.mx\/oficial\/2021\/11\/02\/fomenta-la-uas-las-tradiciones-mexicanas-con-la-celebracion-del-dia-de-muertos\/","title":{"rendered":"Fomenta la UAS las tradiciones mexicanas con la celebraci\u00f3n del D\u00eda de Muertos"},"content":{"rendered":"<p class=\"x_MsoNormal\"><b><span lang=\"ES\">&nbsp;<img fetchpriority=\"high\" decoding=\"async\" src=\"images\/2021\/nov21\/tradicio\u0301n_uas.jpg\" alt=\"tradicio\u0301n uas\" width=\"720\" height=\"480\" style=\"display: block; margin: 20px auto;\" \/><\/span><\/b><\/p>\n<p class=\"x_MsoNormal\" style=\"text-align: justify;\"><span lang=\"ES\" style=\"font-size: 14pt;\">Las catrinas y los altares se adue\u00f1aron de los espacios universitarios en una labor de la Universidad Aut\u00f3noma de Sinaloa (UAS) por fomentar una de las tradiciones mexicanas m\u00e1s arraigada: la Celebraci\u00f3n del D\u00eda de Muertos.<\/span><\/p>\n<p class=\"x_MsoNormal\" style=\"text-align: justify;\"><span lang=\"ES\" style=\"font-size: 14pt;\"><\/span><\/p>\n<p class=\"x_MsoNormal\" style=\"text-align: justify;\"><span lang=\"ES\" style=\"font-size: 14pt;\">En la Casa de la Cultura \u201cMiguel Tamayo Espinosa de los Monteros\u201d, el Rector de la UAS, doctor Jes\u00fas Madue\u00f1a Molina inaugur\u00f3 la XLII Celebraci\u00f3n Universitaria del D\u00eda de Muertos,<\/span><\/p>\n<p style=\"text-align: justify;\">&nbsp;<\/p>\n<p class=\"x_MsoNormal\" style=\"text-align: justify;\"><span style=\"font-size: 14pt;\"><span lang=\"ES\">que organiza la&nbsp;<\/span>Coordinaci\u00f3n General de Extensi\u00f3n de la Cultura a trav\u00e9s de la Direcci\u00f3n de Actividades Art\u00edsticas.<\/span><\/p>\n<p class=\"x_MsoNormal\" style=\"text-align: justify;\"><span lang=\"ES\" style=\"font-size: 14pt;\"><\/span><\/p>\n<p class=\"x_MsoNormal\" style=\"text-align: justify;\"><span lang=\"ES\" style=\"font-size: 14pt;\">A diferencia del a\u00f1o pasado que se realiz\u00f3 de manera virtual, hoy congreg\u00f3 a alumnos, maestros y p\u00fablico en general para admirar los majestuosos altares.<\/span><\/p>\n<p class=\"x_MsoNormal\" style=\"text-align: justify;\"><span lang=\"ES\" style=\"font-size: 14pt;\">&nbsp;&nbsp;<\/span><\/p>\n<p class=\"x_MsoNormal\" style=\"text-align: justify;\"><span style=\"font-size: 14pt;\">El Rector, quien acudi\u00f3 acompa\u00f1ado de su esposa y directora de la Unidad de Bienestar Universitario (UBU), maestra Sof\u00eda Angulo de Madue\u00f1a, expres\u00f3 que este tipo de eventos refrendan esta tradici\u00f3n mexicana que tiene su origen en nuestros antepasados.<\/span><\/p>\n<p style=\"text-align: justify;\">&nbsp;<\/p>\n<p class=\"x_MsoNormal\" style=\"text-align: justify;\"><span style=\"font-size: 14pt;\">\u201cEs algo muy satisfactorio que a\u00f1o tras a\u00f1o, que ya se cumplieron 42, la Universidad sigue manteniendo este tipo de eventos que sin duda alimentan el alma y las tradiciones y ponen en alto el nombre de nuestra instituci\u00f3n (\u2026) reiterarles que sigamos manteniendo viva esta tradici\u00f3n mexicana, que es de mucho colorido (\u2026) festejamos la muerte con alegr\u00eda, en M\u00e9xico la muerte se festeja con cantos y bailes y eso nos distingue a los mexicanos\u201d, dijo Madue\u00f1a Molina.<\/span><\/p>\n<p style=\"text-align: justify;\">&nbsp;<\/p>\n<p class=\"x_MsoNormal\" style=\"text-align: justify;\"><span style=\"font-size: 14pt;\">Reconoci\u00f3 a maestros universitarios que cada a\u00f1o encabezan esta iniciativa que convoca a las escuelas y facultades a participar para que los alumnos no pierdan esta tradici\u00f3n y ponder\u00f3 que una instituci\u00f3n educativa como la Universidad Aut\u00f3noma de Sinaloa mantenga este esp\u00edritu de celebraci\u00f3n.<\/span><\/p>\n<p style=\"text-align: justify;\">&nbsp;<\/p>\n<p class=\"x_MsoNormal\" style=\"text-align: justify;\"><span style=\"font-size: 14pt;\">En el evento particip\u00f3 el coordinador general de Extensi\u00f3n de la Cultura, maestro Homar Medina Barreda para exponer los or\u00edgenes de esta Celebraci\u00f3n Universitaria.<\/span><\/p>\n<p style=\"text-align: justify;\">&nbsp;<\/p>\n<p class=\"x_MsoNormal\" style=\"text-align: justify;\"><span style=\"font-size: 14pt;\">En la Plazuela Rosales y en el Edificio Central de la UAS se colocaron 18 altares elaborados por estudiantes de facultades como Ciencias de la Tierra, Inform\u00e1tica, Contabilidad y Administraci\u00f3n, Estudios Internacionales, Derecho, Arquitectura, Ingenier\u00eda, Nutrici\u00f3n, Educaci\u00f3n F\u00edsica, Medicina, Historia, Biolog\u00eda, Enfermer\u00eda y por alumnos de las preparatorias 2 de Octubre, Central y Sandino Extensi\u00f3n El Diez.<\/span><\/p>\n<p style=\"text-align: justify;\">&nbsp;<\/p>\n<p class=\"x_MsoNormal\" style=\"text-align: justify;\"><span style=\"font-size: 14pt;\">Se record\u00f3 en los altares a personajes de la cultura mexicana, a cient\u00edficos, universitarios, artistas, a v\u00edctimas del COVID-19, entre otros.<\/span><\/p>\n<p style=\"text-align: justify;\">&nbsp;<\/p>\n<p style=\"text-align: justify;\">&nbsp;<\/p>\n<p style=\"text-align: justify;\">&nbsp;<\/p>\n<p style=\"text-align: justify;\"><span style=\"font-size: 14pt;\">REDACCI\u00d3N\/VISI\u00d3N CIUDADANA.<\/span><\/p>\n<div style=\"text-align: justify;\"><br aria-hidden=\"true\" \/><\/div>\n","protected":false},"excerpt":{"rendered":"<p>&nbsp; Las catrinas y los altares se adue\u00f1aron de los espacios universitarios en una labor de la Universidad Aut\u00f3noma de Sinaloa (UAS) por fomentar una de las tradiciones mexicanas m\u00e1s arraigada: la Celebraci\u00f3n del D\u00eda de Muertos. En la Casa de la Cultura \u201cMiguel Tamayo Espinosa de los Monteros\u201d, el Rector de la UAS, doctor [&hellip;]<\/p>\n","protected":false},"author":1,"featured_media":2144,"comment_status":"closed","ping_status":"closed","sticky":false,"template":"","format":"standard","meta":{"footnotes":""},"categories":[13],"tags":[],"ppma_author":[31],"class_list":["post-17853","post","type-post","status-publish","format-standard","has-post-thumbnail","hentry","category-locales"],"aioseo_notices":[],"authors":[{"term_id":31,"user_id":1,"is_guest":0,"slug":"ivan3vino","display_name":"Iv\u00e1n Trevi\u00f1o","avatar_url":{"url":"https:\/\/visionciudadana.com.mx\/oficial\/wp-content\/uploads\/2025\/09\/columna-ivan-Trevino.png","url2x":"https:\/\/visionciudadana.com.mx\/oficial\/wp-content\/uploads\/2025\/09\/columna-ivan-Trevino.png"},"0":null,"1":"","2":"","3":"","4":"","5":"","6":"","7":"","8":""}],"_links":{"self":[{"href":"https:\/\/visionciudadana.com.mx\/oficial\/wp-json\/wp\/v2\/posts\/17853","targetHints":{"allow":["GET"]}}],"collection":[{"href":"https:\/\/visionciudadana.com.mx\/oficial\/wp-json\/wp\/v2\/posts"}],"about":[{"href":"https:\/\/visionciudadana.com.mx\/oficial\/wp-json\/wp\/v2\/types\/post"}],"author":[{"embeddable":true,"href":"https:\/\/visionciudadana.com.mx\/oficial\/wp-json\/wp\/v2\/users\/1"}],"replies":[{"embeddable":true,"href":"https:\/\/visionciudadana.com.mx\/oficial\/wp-json\/wp\/v2\/comments?post=17853"}],"version-history":[{"count":1,"href":"https:\/\/visionciudadana.com.mx\/oficial\/wp-json\/wp\/v2\/posts\/17853\/revisions"}],"predecessor-version":[{"id":30463,"href":"https:\/\/visionciudadana.com.mx\/oficial\/wp-json\/wp\/v2\/posts\/17853\/revisions\/30463"}],"wp:featuredmedia":[{"embeddable":true,"href":"https:\/\/visionciudadana.com.mx\/oficial\/wp-json\/wp\/v2\/posts\/2144"}],"wp:attachment":[{"href":"https:\/\/visionciudadana.com.mx\/oficial\/wp-json\/wp\/v2\/media?parent=17853"}],"wp:term":[{"taxonomy":"category","embeddable":true,"href":"https:\/\/visionciudadana.com.mx\/oficial\/wp-json\/wp\/v2\/categories?post=17853"},{"taxonomy":"post_tag","embeddable":true,"href":"https:\/\/visionciudadana.com.mx\/oficial\/wp-json\/wp\/v2\/tags?post=17853"},{"taxonomy":"author","embeddable":true,"href":"https:\/\/visionciudadana.com.mx\/oficial\/wp-json\/wp\/v2\/ppma_author?post=17853"}],"curies":[{"name":"wp","href":"https:\/\/api.w.org\/{rel}","templated":true}]}}