{"id":17852,"date":"2021-11-02T23:53:14","date_gmt":"2021-11-02T23:53:14","guid":{"rendered":"https:\/\/visionciudadana.com.mx\/chio\/2021\/11\/02\/exponen-ciudadanos-casos-de-exito-al-culminar-tercer-seminario-de-ceaip\/"},"modified":"2025-06-24T23:30:57","modified_gmt":"2025-06-24T23:30:57","slug":"exponen-ciudadanos-casos-de-exito-al-culminar-tercer-seminario-de-ceaip","status":"publish","type":"post","link":"https:\/\/visionciudadana.com.mx\/oficial\/2021\/11\/02\/exponen-ciudadanos-casos-de-exito-al-culminar-tercer-seminario-de-ceaip\/","title":{"rendered":"Exponen ciudadanos casos de \u00e9xito al culminar tercer seminario de Ceaip"},"content":{"rendered":"<p class=\"x_MsoNormal\" style=\"text-align: justify;\" align=\"center\"><b><img fetchpriority=\"high\" decoding=\"async\" src=\"images\/2021\/nov21\/graduacio\u0301n.jpg\" alt=\"graduacio\u0301n\" width=\"720\" height=\"480\" style=\"display: block; margin: 20px auto;\" \/><\/b><span style=\"font-size: 14pt;\">Participantes del tercer seminario para el aprovechamiento del derecho de acceso a la informaci\u00f3n p\u00fablica plantearon experiencias y casos de \u00e9xito, durante la clausura de este ejercicio de 3 meses.<\/span><\/p>\n<p style=\"text-align: justify;\">&nbsp;<\/p>\n<p class=\"x_MsoNormal\" style=\"text-align: justify;\"><span style=\"font-size: 14pt;\">Jos\u00e9 Alfredo Beltr\u00e1n Estrada, presidente de la Comisi\u00f3n Estatal para el Acceso a la Informaci\u00f3n P\u00fablica, dijo que en el organismo garante han buscado nuevas alternativas para conectar con los ciudadanos, bajando de las \u00e9lites este derecho, y una de ellas es la impartici\u00f3n del actual seminario que culmina su tercera edici\u00f3n.<\/span><\/p>\n<p style=\"text-align: justify;\">&nbsp;<\/p>\n<p class=\"x_MsoNormal\" style=\"text-align: justify;\"><span style=\"font-size: 14pt;\">&nbsp;\u201cRefrendamos el compromiso de seguir construyendo ciudadan\u00eda para que cada vez m\u00e1s organizaciones de la sociedad civil, colegios de profesionistas, agrupaciones y ciudadanos de a pie descubran el potencial camino hacia la infinidad de aplicaciones que tiene el derecho a la informaci\u00f3n en la vida diaria de las personas\u201d, afirm\u00f3.<\/span><\/p>\n<p style=\"text-align: justify;\">&nbsp;<\/p>\n<p class=\"x_MsoNormal\" style=\"text-align: justify;\"><span style=\"font-size: 14pt;\">Se pronunci\u00f3 por construir redes de socializaci\u00f3n del acceso a la informaci\u00f3n p\u00fablica desde la base social.<\/span><\/p>\n<p style=\"text-align: justify;\">&nbsp;<\/p>\n<p class=\"x_MsoNormal\" style=\"text-align: justify;\"><span style=\"font-size: 14pt;\">La Comisionada Liliana Margarita Campuzano Vega se dijo sorprendida de los alcances obtenidos por los cursantes en el seminario con sus solicitudes de informaci\u00f3n, as\u00ed como por replicar este derecho con grupos cercanos.<\/span><\/p>\n<p style=\"text-align: justify;\">&nbsp;<\/p>\n<p class=\"x_MsoNormal\" style=\"text-align: justify;\"><span style=\"font-size: 14pt;\">Les agradeci\u00f3 los esfuerzos y el tiempo dedicado a este tan importante tema.<\/span><\/p>\n<p style=\"text-align: justify;\">&nbsp;<\/p>\n<p class=\"x_MsoNormal\" style=\"text-align: justify;\"><span style=\"font-size: 14pt;\">Destac\u00f3 el compromiso de continuar desarrollando estas l\u00edneas de acci\u00f3n hacia la socializaci\u00f3n con ciudadanos.<\/span><\/p>\n<p style=\"text-align: justify;\">&nbsp;<\/p>\n<p class=\"x_MsoNormal\" style=\"text-align: justify;\"><span style=\"font-size: 14pt;\">Por su parte Samuel Bonilla N\u00fa\u00f1ez, el expositor, especialista en el tema, dijo que el acceso a la informaci\u00f3n debe ser desconcentrado de las esferas para acercarlo a quienes m\u00e1s lo necesitan.<\/span><\/p>\n<p style=\"text-align: justify;\">&nbsp;<\/p>\n<p class=\"x_MsoNormal\" style=\"text-align: justify;\"><span style=\"font-size: 14pt;\">\u201cLa mejor legitimaci\u00f3n social que pueda tener un organismo garante ser\u00e1 por el impacto que su trabajo tenga en mejorar la calidad de vida de las personas y hacia all\u00e1 van dirigidos estos esfuerzos de formaci\u00f3n ciudadana, de capacitaci\u00f3n y desarrollo de las capacidades de las personas\u201d, explic\u00f3.<\/span><\/p>\n<p style=\"text-align: justify;\">&nbsp;<\/p>\n<p class=\"x_MsoNormal\" style=\"text-align: justify;\"><span style=\"font-size: 14pt;\">Y consider\u00f3 muy necesario dirigir los trabajos de socializaci\u00f3n del acceso a la informaci\u00f3n hacia personas en estado de vulnerabilidad.<\/span><\/p>\n<p style=\"text-align: justify;\">&nbsp;<\/p>\n<p class=\"x_MsoNormal\" style=\"text-align: justify;\"><span style=\"font-size: 14pt;\">Por su parte el cursante Luis Fernando N\u00e1jera P\u00e9rez expuso que organiz\u00f3 con sus compa\u00f1eros de trabajo una din\u00e1mica de utilizar el acceso a la informaci\u00f3n p\u00fablica y motiv\u00f3 a un grupo de 43 personas pensionadas a ejercer su derecho en el tema de cr\u00e9ditos de Fovissste, avanzando con distintos tr\u00e1mites.<\/span><\/p>\n<p style=\"text-align: justify;\">&nbsp;<\/p>\n<p class=\"x_MsoNormal\" style=\"text-align: justify;\"><span style=\"font-size: 14pt;\">Flor Reyes Vega, maestra de bachillerato rural, formul\u00f3 solicitudes para promover la cobertura de Internet en las regiones serranas en la idea de que sus alumnos cuenten con conexi\u00f3n para realizar sus actividades escolares.<\/span><\/p>\n<p style=\"text-align: justify;\">&nbsp;<\/p>\n<p class=\"x_MsoNormal\" style=\"text-align: justify;\"><span style=\"font-size: 14pt;\">Yobani Mart\u00ednez Ram\u00edrez calific\u00f3 como un gran aprendizaje el acceso a la informaci\u00f3n, ya que con \u00e9l influy\u00f3 en que la maquinaria de gobierno se pusiera en movimiento sobre un tema de escrituraci\u00f3n de viviendas.<\/span><\/p>\n<p style=\"text-align: justify;\">&nbsp;<\/p>\n<p class=\"x_MsoNormal\" style=\"text-align: justify;\"><span style=\"font-size: 14pt;\">\u201cLo que no se avanz\u00f3 en 5 a\u00f1os se logr\u00f3 en 3 meses con el acceso a la informaci\u00f3n\u201d, destac\u00f3.<\/span><\/p>\n<p style=\"text-align: justify;\">&nbsp;<\/p>\n<p class=\"x_MsoNormal\" style=\"text-align: justify;\"><span style=\"font-size: 14pt;\">La cursante Celina Janeth Fonseca Aguirre dijo que aprendi\u00f3 a visibilizar que para obtener la informaci\u00f3n que se requiere, la solicitud debe contar con el planteamiento apegado a la necesidad que se tiene.<\/span><\/p>\n<p style=\"text-align: justify;\">&nbsp;<\/p>\n<p class=\"x_MsoNormal\" style=\"text-align: justify;\"><span style=\"font-size: 14pt;\">\u201cMe pronuncio porque este derecho de acceso a la informaci\u00f3n siga empoderando a los ciudadanos y contin\u00fae socializ\u00e1ndose intensamente\u201d, afirm\u00f3.<\/span><\/p>\n<p style=\"text-align: justify;\">&nbsp;<\/p>\n<p class=\"x_MsoNormal\" style=\"text-align: justify;\"><span style=\"font-size: 14pt;\">Dora Alicia Ib\u00e1\u00f1ez \u00c1lvarez indic\u00f3 ser primeriza en estos ejercicios y al formular solicitudes se sorprendi\u00f3 al dar cuenta de la informaci\u00f3n que pod\u00eda obtener. As\u00ed tambi\u00e9n explic\u00f3 encontrarse con dificultades que le ser\u00e1n \u00fatiles como aprendizaje en el ejercicio de este derecho.<\/span><\/p>\n<p style=\"text-align: justify;\">&nbsp;<\/p>\n<p class=\"x_MsoNormal\" style=\"text-align: justify;\"><span style=\"font-size: 14pt;\">Todos los graduados agradecieron el apoyo y las facilidades otorgadas por Ceaip para llevar a cabo este seminario.<\/span><\/p>\n<p style=\"text-align: justify;\">&nbsp;<\/p>\n<p style=\"text-align: justify;\">&nbsp;<\/p>\n<p style=\"text-align: justify;\">&nbsp;<\/p>\n<p style=\"text-align: justify;\"><span style=\"font-size: 14pt;\">REDACCI\u00d3N\/VISI\u00d3N CIUDADANA.<\/span><\/p>\n","protected":false},"excerpt":{"rendered":"<p>Participantes del tercer seminario para el aprovechamiento del derecho de acceso a la informaci\u00f3n p\u00fablica plantearon experiencias y casos de \u00e9xito, durante la clausura de este ejercicio de 3 meses. &nbsp; Jos\u00e9 Alfredo Beltr\u00e1n Estrada, presidente de la Comisi\u00f3n Estatal para el Acceso a la Informaci\u00f3n P\u00fablica, dijo que en el organismo garante han buscado [&hellip;]<\/p>\n","protected":false},"author":1,"featured_media":2142,"comment_status":"closed","ping_status":"closed","sticky":false,"template":"","format":"standard","meta":{"footnotes":""},"categories":[13],"tags":[],"ppma_author":[31],"class_list":["post-17852","post","type-post","status-publish","format-standard","has-post-thumbnail","hentry","category-locales"],"aioseo_notices":[],"authors":[{"term_id":31,"user_id":1,"is_guest":0,"slug":"ivan3vino","display_name":"Iv\u00e1n Trevi\u00f1o","avatar_url":{"url":"https:\/\/visionciudadana.com.mx\/oficial\/wp-content\/uploads\/2025\/09\/columna-ivan-Trevino.png","url2x":"https:\/\/visionciudadana.com.mx\/oficial\/wp-content\/uploads\/2025\/09\/columna-ivan-Trevino.png"},"0":null,"1":"","2":"","3":"","4":"","5":"","6":"","7":"","8":""}],"_links":{"self":[{"href":"https:\/\/visionciudadana.com.mx\/oficial\/wp-json\/wp\/v2\/posts\/17852","targetHints":{"allow":["GET"]}}],"collection":[{"href":"https:\/\/visionciudadana.com.mx\/oficial\/wp-json\/wp\/v2\/posts"}],"about":[{"href":"https:\/\/visionciudadana.com.mx\/oficial\/wp-json\/wp\/v2\/types\/post"}],"author":[{"embeddable":true,"href":"https:\/\/visionciudadana.com.mx\/oficial\/wp-json\/wp\/v2\/users\/1"}],"replies":[{"embeddable":true,"href":"https:\/\/visionciudadana.com.mx\/oficial\/wp-json\/wp\/v2\/comments?post=17852"}],"version-history":[{"count":1,"href":"https:\/\/visionciudadana.com.mx\/oficial\/wp-json\/wp\/v2\/posts\/17852\/revisions"}],"predecessor-version":[{"id":30464,"href":"https:\/\/visionciudadana.com.mx\/oficial\/wp-json\/wp\/v2\/posts\/17852\/revisions\/30464"}],"wp:featuredmedia":[{"embeddable":true,"href":"https:\/\/visionciudadana.com.mx\/oficial\/wp-json\/wp\/v2\/posts\/2142"}],"wp:attachment":[{"href":"https:\/\/visionciudadana.com.mx\/oficial\/wp-json\/wp\/v2\/media?parent=17852"}],"wp:term":[{"taxonomy":"category","embeddable":true,"href":"https:\/\/visionciudadana.com.mx\/oficial\/wp-json\/wp\/v2\/categories?post=17852"},{"taxonomy":"post_tag","embeddable":true,"href":"https:\/\/visionciudadana.com.mx\/oficial\/wp-json\/wp\/v2\/tags?post=17852"},{"taxonomy":"author","embeddable":true,"href":"https:\/\/visionciudadana.com.mx\/oficial\/wp-json\/wp\/v2\/ppma_author?post=17852"}],"curies":[{"name":"wp","href":"https:\/\/api.w.org\/{rel}","templated":true}]}}