{"id":17851,"date":"2021-11-02T23:46:39","date_gmt":"2021-11-02T23:46:39","guid":{"rendered":"https:\/\/visionciudadana.com.mx\/chio\/2021\/11\/02\/en-proteccion-de-datos-personales-la-tecnologia-avanza-mas-rapido-que-la-normatividad-liliana-campuzano\/"},"modified":"2025-06-24T23:30:57","modified_gmt":"2025-06-24T23:30:57","slug":"en-proteccion-de-datos-personales-la-tecnologia-avanza-mas-rapido-que-la-normatividad-liliana-campuzano","status":"publish","type":"post","link":"https:\/\/visionciudadana.com.mx\/oficial\/2021\/11\/02\/en-proteccion-de-datos-personales-la-tecnologia-avanza-mas-rapido-que-la-normatividad-liliana-campuzano\/","title":{"rendered":"En Protecci\u00f3n de Datos Personales, la tecnolog\u00eda avanza m\u00e1s r\u00e1pido que la normatividad: Liliana Campuzano"},"content":{"rendered":"<p style=\"text-align: justify;\"><img fetchpriority=\"high\" decoding=\"async\" src=\"images\/2021\/nov21\/campuzano.jpg\" alt=\"campuzano\" width=\"720\" height=\"480\" style=\"display: block; margin: 20px auto;\" \/><span style=\"font-size: 14pt;\">Si bien el uso de las tecnolog\u00edas significa un reto para la Protecci\u00f3n de los Datos Personales, tambi\u00e9n puede representar un \u00e1rea de oportunidad y utilizarse a favor para difundir las medidas compensatorias.<\/span><\/p>\n<p class=\"x_MsoNormal\" style=\"text-align: justify;\"><br aria-hidden=\"true\" \/><\/p>\n<p class=\"x_MsoNormal\" style=\"text-align: justify;\"><span style=\"font-size: 14pt;\">Algunas de estas medidas son el uso de c\u00f3digos QR que contengan los avisos de privacidad, colocarlos en engomados de ventanillas de atenci\u00f3n al p\u00fablico, anuncios de difusi\u00f3n masiva con medidas para proteger la informaci\u00f3n privada, entre otros.<\/span><\/p>\n<p class=\"x_MsoNormal\" style=\"text-align: justify;\"><br aria-hidden=\"true\" \/><\/p>\n<p class=\"x_MsoNormal\" style=\"text-align: justify;\"><span style=\"font-size: 14pt;\">Lo anterior lo dijo la Comisionada Liliana Margarita Campuzano Vega al participar en el panel \u201cAcciones de los organismos garantes en M\u00e9xico para garantizar la Protecci\u00f3n de los Datos Personales\u201d.<\/span><\/p>\n<p class=\"x_MsoNormal\" style=\"text-align: justify;\"><br aria-hidden=\"true\" \/><\/p>\n<p class=\"x_MsoNormal\" style=\"text-align: justify;\"><span style=\"font-size: 14pt;\">Esto durante su participaci\u00f3n en la presentaci\u00f3n virtual de la&nbsp;<i>GU\u00cdA ORIENTADORA \u201cLa protecci\u00f3n de Datos Personales en plataformas digitales<\/i>\u201d, organizada por el INAI y la Comisi\u00f3n de Protecci\u00f3n de Datos Personales, ambos integrantes Sistema Nacional de Transparencia, en el que la Comisionada Campuzano Vega, colabor\u00f3 al desarrollar el tema n\u00famero 14 de la gu\u00eda, titulado \u201c<i>La importancia de los Organismos Garantes en la protecci\u00f3n de datos personales\u201d.<\/i><\/span><\/p>\n<p class=\"x_MsoNormal\" style=\"text-align: justify;\"><span style=\"font-size: 14pt;\"><i>&nbsp;<\/i><\/span><\/p>\n<p class=\"x_MsoNormal\" style=\"text-align: justify;\"><span style=\"font-size: 14pt;\">Mencion\u00f3 la necesidad de que en las instituciones p\u00fablicas se cuente con la figura de Oficial de Protecci\u00f3n de Datos Personales, siendo una tarea que debido a cuestiones presupuestales o de falta de personal, dualmente es desempe\u00f1ada por los Titulares de las Unidades de Transparencia.<\/span><\/p>\n<p class=\"x_MsoNormal\" style=\"text-align: justify;\"><br aria-hidden=\"true\" \/><\/p>\n<p class=\"x_MsoNormal\" style=\"text-align: justify;\"><span style=\"font-size: 14pt;\">La Comisionada de la Comisi\u00f3n Estatal para el Acceso a la Informaci\u00f3n P\u00fablica consider\u00f3 que el principal reto para la Protecci\u00f3n de los Datos Personales es que las tecnolog\u00edas avanzan mucho m\u00e1s r\u00e1pido que el marco normativo.<\/span><\/p>\n<p class=\"x_MsoNormal\" style=\"text-align: justify;\"><br aria-hidden=\"true\" \/><\/p>\n<p class=\"x_MsoNormal\" style=\"text-align: justify;\"><span style=\"font-size: 14pt;\">Dijo que a\u00fan falta mucho por concientizar a las personas sobre la inteligencia artificial y el internet de las cosas, dado que la vida cotidiana est\u00e1 siendo cada vez m\u00e1s regida por los medios electr\u00f3nicos.<\/span><\/p>\n<p style=\"text-align: justify;\">&nbsp;<\/p>\n<p class=\"x_gmail-Default\" style=\"text-align: justify;\"><span style=\"font-size: 14pt;\"><i>\u201cBasta con la ca\u00edda de&nbsp;Whatsapp,&nbsp;Facebook e Instagram hace unas semanas, para que muchas personas sufrieran del s\u00edndrome de abstinencia digital<\/i>\u201d, indic\u00f3.Otro reto, dijo, es el flujo internacional de datos, dado que una gran cantidad de plataformas tienen sus servidores en el extranjero o que incluso estando en el pa\u00eds, recaban informaci\u00f3n personal mediante el uso de cookies, con casillas preseleccionadas, para autorizar su transmisi\u00f3n a terceros.<\/span><br aria-hidden=\"true\" \/><\/p>\n<p style=\"text-align: justify;\">&nbsp;<\/p>\n<p class=\"x_gmail-Default\" style=\"text-align: justify;\"><span style=\"font-size: 14pt;\">&nbsp;La Comisionada de Ceaip se pronunci\u00f3 por adecuar los lineamientos vigentes en la materia, para incluir las disposiciones del&nbsp;Convenio para la Protecci\u00f3n de las Personas con respecto al Tratamiento Automatizado de Datos de Car\u00e1cter Personal, mejor conocido como&nbsp;Convenio 108, a fin de actualizar el marco normativo acorde al citado convenio.<\/span><\/p>\n<p style=\"text-align: justify;\">&nbsp;<\/p>\n<p style=\"text-align: justify;\">&nbsp;<\/p>\n<p style=\"text-align: justify;\"><span style=\"font-size: 14pt;\">REDACCI\u00d3N\/VISI\u00d3N CIUDADANA.<\/span><\/p>\n","protected":false},"excerpt":{"rendered":"<p>Si bien el uso de las tecnolog\u00edas significa un reto para la Protecci\u00f3n de los Datos Personales, tambi\u00e9n puede representar un \u00e1rea de oportunidad y utilizarse a favor para difundir las medidas compensatorias. Algunas de estas medidas son el uso de c\u00f3digos QR que contengan los avisos de privacidad, colocarlos en engomados de ventanillas de [&hellip;]<\/p>\n","protected":false},"author":1,"featured_media":2140,"comment_status":"closed","ping_status":"closed","sticky":false,"template":"","format":"standard","meta":{"footnotes":""},"categories":[24],"tags":[],"ppma_author":[31],"class_list":["post-17851","post","type-post","status-publish","format-standard","has-post-thumbnail","hentry","category-relevantes"],"aioseo_notices":[],"authors":[{"term_id":31,"user_id":1,"is_guest":0,"slug":"ivan3vino","display_name":"Iv\u00e1n Trevi\u00f1o","avatar_url":{"url":"https:\/\/visionciudadana.com.mx\/oficial\/wp-content\/uploads\/2025\/09\/columna-ivan-Trevino.png","url2x":"https:\/\/visionciudadana.com.mx\/oficial\/wp-content\/uploads\/2025\/09\/columna-ivan-Trevino.png"},"0":null,"1":"","2":"","3":"","4":"","5":"","6":"","7":"","8":""}],"_links":{"self":[{"href":"https:\/\/visionciudadana.com.mx\/oficial\/wp-json\/wp\/v2\/posts\/17851","targetHints":{"allow":["GET"]}}],"collection":[{"href":"https:\/\/visionciudadana.com.mx\/oficial\/wp-json\/wp\/v2\/posts"}],"about":[{"href":"https:\/\/visionciudadana.com.mx\/oficial\/wp-json\/wp\/v2\/types\/post"}],"author":[{"embeddable":true,"href":"https:\/\/visionciudadana.com.mx\/oficial\/wp-json\/wp\/v2\/users\/1"}],"replies":[{"embeddable":true,"href":"https:\/\/visionciudadana.com.mx\/oficial\/wp-json\/wp\/v2\/comments?post=17851"}],"version-history":[{"count":1,"href":"https:\/\/visionciudadana.com.mx\/oficial\/wp-json\/wp\/v2\/posts\/17851\/revisions"}],"predecessor-version":[{"id":30465,"href":"https:\/\/visionciudadana.com.mx\/oficial\/wp-json\/wp\/v2\/posts\/17851\/revisions\/30465"}],"wp:featuredmedia":[{"embeddable":true,"href":"https:\/\/visionciudadana.com.mx\/oficial\/wp-json\/wp\/v2\/posts\/2140"}],"wp:attachment":[{"href":"https:\/\/visionciudadana.com.mx\/oficial\/wp-json\/wp\/v2\/media?parent=17851"}],"wp:term":[{"taxonomy":"category","embeddable":true,"href":"https:\/\/visionciudadana.com.mx\/oficial\/wp-json\/wp\/v2\/categories?post=17851"},{"taxonomy":"post_tag","embeddable":true,"href":"https:\/\/visionciudadana.com.mx\/oficial\/wp-json\/wp\/v2\/tags?post=17851"},{"taxonomy":"author","embeddable":true,"href":"https:\/\/visionciudadana.com.mx\/oficial\/wp-json\/wp\/v2\/ppma_author?post=17851"}],"curies":[{"name":"wp","href":"https:\/\/api.w.org\/{rel}","templated":true}]}}