{"id":17844,"date":"2021-10-29T22:12:13","date_gmt":"2021-10-29T22:12:13","guid":{"rendered":"https:\/\/visionciudadana.com.mx\/chio\/2021\/10\/29\/convocatoria-para-cortometraje-juvenil-2021-finaliza-el-05-de-noviembre\/"},"modified":"2025-06-24T23:30:57","modified_gmt":"2025-06-24T23:30:57","slug":"convocatoria-para-cortometraje-juvenil-2021-finaliza-el-05-de-noviembre","status":"publish","type":"post","link":"https:\/\/visionciudadana.com.mx\/oficial\/2021\/10\/29\/convocatoria-para-cortometraje-juvenil-2021-finaliza-el-05-de-noviembre\/","title":{"rendered":"Convocatoria para cortometraje Juvenil 2021 finaliza el 05 de noviembre"},"content":{"rendered":"<p style=\"text-align: justify;\"><img fetchpriority=\"high\" decoding=\"async\" src=\"images\/Oct21\/corto_iees.png\" alt=\"corto iees\" width=\"720\" height=\"480\" style=\"display: block; margin: 20px auto;\" \/><span style=\"font-size: 14pt;\">El pr\u00f3ximo viernes 05 de noviembre se cierra la convocatoria de registro para participar en el Segundo Concurso Estatal de Cortometraje Juvenil 2021, que organiza el Instituto Electoral del Estado de Sinaloa (IEES), y cuya tem\u00e1tica es: \u201cLa pandemia y tu participaci\u00f3n en las elecciones de 2021\u201d, por lo que se reitera la invitaci\u00f3n a las y los j\u00f3venes sinaloenses que tengan entre 18 y 29 a\u00f1os, de plasmar en audiovisuales sus propuestas respecto a los derechos y deberes c\u00edvicos.<\/span><\/p>\n<p style=\"text-align: justify;\">&nbsp;<\/p>\n<p style=\"text-align: justify;\"><span style=\"font-size: 14pt;\">De acuerdo a la convocatoria, que se puede consultar en:<\/span><\/p>\n<p style=\"text-align: justify;\"><span style=\"font-size: 14pt;\"><a href=\"https:\/\/www.ieesinaloa.mx\/wp-content\/uploads\/Transparencia\/EducacionCivica\/Eventos2021\/Convo_CortoMetraje_2021.pdf\">https:\/\/www.ieesinaloa.mx\/wpcontent\/uploads\/Transparencia\/EducacionCivica\/Eventos2021\/Convo_CortoMetraje_2021.pdf<\/a>, las y los participantes deber\u00e1n residir en Sinaloa, contar con credencial para votar vigente, o bien, hayan iniciado el tr\u00e1mite para obtenerla; de igual forma se establece que los trabajos podr\u00e1n hacerse de manera individual o por equipos de m\u00e1ximo 4 integrantes, y podr\u00e1n entregarse al IEES de forma f\u00edsica o en l\u00ednea.<\/span><\/p>\n<p style=\"text-align: justify;\">&nbsp;<\/p>\n<p style=\"text-align: justify;\"><span style=\"font-size: 14pt;\">El formato de registro est\u00e1 disponible en el espacio web, donde se ubica el Segundo Concurso Estatal de Cortometraje Juvenil 2021, en el link: <a href=\"https:\/\/registroieesinaloa.mx\/eventos_convocatorias\/cortometraje2021;\">https:\/\/registroieesinaloa.mx\/eventos_convocatorias\/cortometraje2021;<\/a> de igual manera, se deber\u00e1 llenar en ese mismo formato el manifiesto de autorizaci\u00f3n de derechos de uso de imagen y sus elementos en la difusi\u00f3n del mismo.<\/span><\/p>\n<p style=\"text-align: justify;\">&nbsp;<\/p>\n<p style=\"text-align: justify;\"><span style=\"font-size: 14pt;\">S\u00f3lo se podr\u00e1 registrar un cortometraje por persona o equipo; cada equipo deber\u00e1 contar con m\u00e1ximo 4 participantes. Ser\u00e1n dos categor\u00edas para participar en este concurso: Ficci\u00f3n o Documental y Animaci\u00f3n. Cabe destacar que las y los participantes no deben ser trabajadores del IEES ni sus familiares, incluyendo su estructura desconcentrada.<\/span><\/p>\n<p style=\"text-align: justify;\">&nbsp;<\/p>\n<p style=\"text-align: justify;\"><span style=\"font-size: 14pt;\">El Jurado Calificador recibir\u00e1 los cortometrajes que cumplan con los requisitos establecidos en la presente convocatoria, los cuales tendr\u00e1n como \u00fanica identificaci\u00f3n, el folio con el que qued\u00f3 registrado. Los datos de los autores de cada video s\u00f3lo se har\u00e1n del conocimiento de los jurados una vez que se emita el dictamen final.<\/span><\/p>\n<p style=\"text-align: justify;\">&nbsp;<\/p>\n<p style=\"text-align: justify;\"><span style=\"font-size: 14pt;\">Los premios a los tres lugares de cada categor\u00eda, ser\u00e1n los siguientes, tanto para Ficci\u00f3n o Documental, y Animaci\u00f3n: Primer lugar: $20,000.00; Segundo lugar: $15,000.00; y Tercer lugar: $10,000.00.<\/span><\/p>\n<p style=\"text-align: justify;\">&nbsp;<\/p>\n<p style=\"text-align: justify;\">&nbsp;<\/p>\n<p style=\"text-align: justify;\"><span style=\"font-size: 14pt;\">REDACCI\u00d3N\/VISI\u00d3N CIUDADANA.<\/span><\/p>\n","protected":false},"excerpt":{"rendered":"<p>El pr\u00f3ximo viernes 05 de noviembre se cierra la convocatoria de registro para participar en el Segundo Concurso Estatal de Cortometraje Juvenil 2021, que organiza el Instituto Electoral del Estado de Sinaloa (IEES), y cuya tem\u00e1tica es: \u201cLa pandemia y tu participaci\u00f3n en las elecciones de 2021\u201d, por lo que se reitera la invitaci\u00f3n a [&hellip;]<\/p>\n","protected":false},"author":1,"featured_media":2131,"comment_status":"closed","ping_status":"closed","sticky":false,"template":"","format":"standard","meta":{"footnotes":""},"categories":[13],"tags":[],"ppma_author":[31],"class_list":["post-17844","post","type-post","status-publish","format-standard","has-post-thumbnail","hentry","category-locales"],"aioseo_notices":[],"authors":[{"term_id":31,"user_id":1,"is_guest":0,"slug":"ivan3vino","display_name":"Iv\u00e1n Trevi\u00f1o","avatar_url":{"url":"https:\/\/visionciudadana.com.mx\/oficial\/wp-content\/uploads\/2025\/09\/columna-ivan-Trevino.png","url2x":"https:\/\/visionciudadana.com.mx\/oficial\/wp-content\/uploads\/2025\/09\/columna-ivan-Trevino.png"},"0":null,"1":"","2":"","3":"","4":"","5":"","6":"","7":"","8":""}],"_links":{"self":[{"href":"https:\/\/visionciudadana.com.mx\/oficial\/wp-json\/wp\/v2\/posts\/17844","targetHints":{"allow":["GET"]}}],"collection":[{"href":"https:\/\/visionciudadana.com.mx\/oficial\/wp-json\/wp\/v2\/posts"}],"about":[{"href":"https:\/\/visionciudadana.com.mx\/oficial\/wp-json\/wp\/v2\/types\/post"}],"author":[{"embeddable":true,"href":"https:\/\/visionciudadana.com.mx\/oficial\/wp-json\/wp\/v2\/users\/1"}],"replies":[{"embeddable":true,"href":"https:\/\/visionciudadana.com.mx\/oficial\/wp-json\/wp\/v2\/comments?post=17844"}],"version-history":[{"count":1,"href":"https:\/\/visionciudadana.com.mx\/oficial\/wp-json\/wp\/v2\/posts\/17844\/revisions"}],"predecessor-version":[{"id":30467,"href":"https:\/\/visionciudadana.com.mx\/oficial\/wp-json\/wp\/v2\/posts\/17844\/revisions\/30467"}],"wp:featuredmedia":[{"embeddable":true,"href":"https:\/\/visionciudadana.com.mx\/oficial\/wp-json\/wp\/v2\/media\/2131"}],"wp:attachment":[{"href":"https:\/\/visionciudadana.com.mx\/oficial\/wp-json\/wp\/v2\/media?parent=17844"}],"wp:term":[{"taxonomy":"category","embeddable":true,"href":"https:\/\/visionciudadana.com.mx\/oficial\/wp-json\/wp\/v2\/categories?post=17844"},{"taxonomy":"post_tag","embeddable":true,"href":"https:\/\/visionciudadana.com.mx\/oficial\/wp-json\/wp\/v2\/tags?post=17844"},{"taxonomy":"author","embeddable":true,"href":"https:\/\/visionciudadana.com.mx\/oficial\/wp-json\/wp\/v2\/ppma_author?post=17844"}],"curies":[{"name":"wp","href":"https:\/\/api.w.org\/{rel}","templated":true}]}}