{"id":17843,"date":"2021-10-29T22:06:18","date_gmt":"2021-10-29T22:06:18","guid":{"rendered":"https:\/\/visionciudadana.com.mx\/chio\/2021\/10\/29\/limpieza-de-panteones-registra-90-por-ciento-previo-al-dia-de-los-angelitos-y-dia-de-muertos\/"},"modified":"2025-06-24T23:30:57","modified_gmt":"2025-06-24T23:30:57","slug":"limpieza-de-panteones-registra-90-por-ciento-previo-al-dia-de-los-angelitos-y-dia-de-muertos","status":"publish","type":"post","link":"https:\/\/visionciudadana.com.mx\/oficial\/2021\/10\/29\/limpieza-de-panteones-registra-90-por-ciento-previo-al-dia-de-los-angelitos-y-dia-de-muertos\/","title":{"rendered":"Limpieza de panteones registra 90 por ciento previo al D\u00eda de los Angelitos y D\u00eda de Muertos"},"content":{"rendered":"<p><span style=\"font-size: large;\"><b><img fetchpriority=\"high\" decoding=\"async\" src=\"images\/Oct21\/Panteo\u0301ns.jpg\" alt=\"Panteo\u0301ns\" width=\"720\" height=\"480\" style=\"display: block; margin: 20px auto;\" \/><\/b>Las actividades de acondicionamiento y limpieza de los cementerios administrados por el Gobierno de Culiac\u00e1n registran un 90 por ciento de avance, esto de cara a la festividad por el D\u00eda de los Angelitos y D\u00eda de Muertos a realizarse los d\u00edas 1 y 2 de noviembre en todo el municipio.<\/span><\/p>\n<p><span style=\"font-size: large;\"><br \/>Los trabajos de retiro de basura, poda de \u00e1rboles y ramas iniciaron a principios del presente mes a trav\u00e9s de la participaci\u00f3n de trabajadores de la Direcci\u00f3n de Panteones del Municipio y la Direcci\u00f3n General de Servicios P\u00fablicos, esto en seguimiento a la instrucci\u00f3n del alcalde, Lic. Jes\u00fas Estrada Ferreiro.<\/span><\/p>\n<p><span style=\"font-size: large;\"><br \/>Ser\u00e1 este fin de semana cuando se alcance la meta en su totalidad retirando por completo los desechos almacenados en los \u00faltimos d\u00edas en todos los panteones, San Juan, 21 de Marzo, Loma de Rodriguera, La Lima, Pante\u00f3n Civil, Pante\u00f3n de Bachigualato, El Ranchito, bajo el Programa de Limpieza de interiores que ha logrado procesar alrededor de 22 toneladas, afirm\u00f3 el titular de la Direcci\u00f3n de Panteones, Danilo Burgos Garc\u00eda.<\/span><\/p>\n<p><span style=\"font-size: large;\"><br \/>Respecto a las posibles restricciones que se aplicar\u00e1n para estas fechas, el funcionario municipal inform\u00f3 que \u00fanicamente se recordar\u00e1 a la gente el uso del cubrebocas, sana distancia, no ingreso de bebidas alcoh\u00f3licas, m\u00fasicos y alg\u00fan tipo de alimento que podr\u00eda contaminarse al interior del campo santo.<\/span><\/p>\n<p><span style=\"font-size: large;\"><br \/>Este viernes las acciones de limpieza continuaron al interior del pante\u00f3n 21 de marzo, ya que este es el de mayor superficie en el municipio y debido a esto representa un gran esfuerzo para la Comuna completar las tareas de saneamiento, es por ello que se recomienda a los visitantes depositen sus desechos donde corresponde para que estos puedan ser recolectados por el personal de Aseo y Limpia.<\/span><\/p>\n<p><span style=\"font-size: large;\"><\/p>\n<p>En el marco de la tradicional festividad, se recomienda a la poblaci\u00f3n tomar sus precauciones, evitando en la medida de lo posible acudir con ni\u00f1os y personas de la tercera edad y de esta forma garantizar la salud de todos los asistentes.<br \/><\/span><\/p>\n<p>&nbsp;<\/p>\n<p>&nbsp;<\/p>\n<p>&nbsp;<\/p>\n<p>REDACCI\u00d3N\/VISI\u00d3N CIUDADANA.<\/p>\n","protected":false},"excerpt":{"rendered":"<p>Las actividades de acondicionamiento y limpieza de los cementerios administrados por el Gobierno de Culiac\u00e1n registran un 90 por ciento de avance, esto de cara a la festividad por el D\u00eda de los Angelitos y D\u00eda de Muertos a realizarse los d\u00edas 1 y 2 de noviembre en todo el municipio. Los trabajos de retiro [&hellip;]<\/p>\n","protected":false},"author":1,"featured_media":2129,"comment_status":"closed","ping_status":"closed","sticky":false,"template":"","format":"standard","meta":{"footnotes":""},"categories":[24],"tags":[],"ppma_author":[31],"class_list":["post-17843","post","type-post","status-publish","format-standard","has-post-thumbnail","hentry","category-relevantes"],"aioseo_notices":[],"authors":[{"term_id":31,"user_id":1,"is_guest":0,"slug":"ivan3vino","display_name":"Iv\u00e1n Trevi\u00f1o","avatar_url":{"url":"https:\/\/visionciudadana.com.mx\/oficial\/wp-content\/uploads\/2025\/09\/columna-ivan-Trevino.png","url2x":"https:\/\/visionciudadana.com.mx\/oficial\/wp-content\/uploads\/2025\/09\/columna-ivan-Trevino.png"},"0":null,"1":"","2":"","3":"","4":"","5":"","6":"","7":"","8":""}],"_links":{"self":[{"href":"https:\/\/visionciudadana.com.mx\/oficial\/wp-json\/wp\/v2\/posts\/17843","targetHints":{"allow":["GET"]}}],"collection":[{"href":"https:\/\/visionciudadana.com.mx\/oficial\/wp-json\/wp\/v2\/posts"}],"about":[{"href":"https:\/\/visionciudadana.com.mx\/oficial\/wp-json\/wp\/v2\/types\/post"}],"author":[{"embeddable":true,"href":"https:\/\/visionciudadana.com.mx\/oficial\/wp-json\/wp\/v2\/users\/1"}],"replies":[{"embeddable":true,"href":"https:\/\/visionciudadana.com.mx\/oficial\/wp-json\/wp\/v2\/comments?post=17843"}],"version-history":[{"count":1,"href":"https:\/\/visionciudadana.com.mx\/oficial\/wp-json\/wp\/v2\/posts\/17843\/revisions"}],"predecessor-version":[{"id":30468,"href":"https:\/\/visionciudadana.com.mx\/oficial\/wp-json\/wp\/v2\/posts\/17843\/revisions\/30468"}],"wp:featuredmedia":[{"embeddable":true,"href":"https:\/\/visionciudadana.com.mx\/oficial\/wp-json\/wp\/v2\/posts\/2129"}],"wp:attachment":[{"href":"https:\/\/visionciudadana.com.mx\/oficial\/wp-json\/wp\/v2\/media?parent=17843"}],"wp:term":[{"taxonomy":"category","embeddable":true,"href":"https:\/\/visionciudadana.com.mx\/oficial\/wp-json\/wp\/v2\/categories?post=17843"},{"taxonomy":"post_tag","embeddable":true,"href":"https:\/\/visionciudadana.com.mx\/oficial\/wp-json\/wp\/v2\/tags?post=17843"},{"taxonomy":"author","embeddable":true,"href":"https:\/\/visionciudadana.com.mx\/oficial\/wp-json\/wp\/v2\/ppma_author?post=17843"}],"curies":[{"name":"wp","href":"https:\/\/api.w.org\/{rel}","templated":true}]}}