{"id":17841,"date":"2021-10-29T21:54:30","date_gmt":"2021-10-29T21:54:30","guid":{"rendered":"https:\/\/visionciudadana.com.mx\/chio\/2021\/10\/29\/personal-de-salud-recibira-pago-por-incremento-salarial\/"},"modified":"2025-06-24T23:30:58","modified_gmt":"2025-06-24T23:30:58","slug":"personal-de-salud-recibira-pago-por-incremento-salarial","status":"publish","type":"post","link":"https:\/\/visionciudadana.com.mx\/oficial\/2021\/10\/29\/personal-de-salud-recibira-pago-por-incremento-salarial\/","title":{"rendered":"Personal de salud recibir\u00e1 pago por incremento salarial"},"content":{"rendered":"<p><img fetchpriority=\"high\" decoding=\"async\" src=\"images\/Oct21\/personal.jpg\" alt=\"personal\" width=\"720\" height=\"480\" style=\"display: block; margin: 20px auto;\" \/><\/p>\n<p style=\"text-align: justify;\"><span style=\"font-size: 14pt;\">Como m\u00e1s que merecido, as\u00ed calific\u00f3 el Secretario de Salud de Sinaloa, Dr. Efr\u00e9n Encinas Torres la autorizaci\u00f3n en la modificaci\u00f3n (Incremento Salarial) del Cat\u00e1logo de Puestos y Tabulador de Sueldos y Salarios del personal de la rama M\u00e9dica, Param\u00e9dica y Grupos afines, el cual tendr\u00e1 vigencia a partir de 1 de mayo del 2021, as\u00ed como las actualizados de los conceptos de Ayuda de Servicios, Despensa y Previsi\u00f3n Social M\u00faltiple con vigencia del 1 de enero del 2010, al personal de Base Federal, Homologados, Regularizados y Formalizados, de estos Servicios de Salud de Sinaloa.<\/span><\/p>\n<p style=\"text-align: justify;\">\n<p><span style=\"font-size: 14pt;\">El tambi\u00e9n Director General de los Servicios de Salud, detall\u00f3 que dicha prestaci\u00f3n se pagar\u00e1 a 6 mil 806 trabajadores con un importe de 44 millones 806 mil 531.37 pesos.<\/span><\/p>\n<div style=\"text-align: justify;\"><span style=\"font-size: 14pt;\">\u201cBuenas tardes, con el gusto de saludarlos siempre hoy deseo darles una informaci\u00f3n muy importante que derivado de la autorizaci\u00f3n ya de la modificaci\u00f3n del cat\u00e1logo de puestos con el incremento salarial, en pr\u00f3ximos d\u00edas iniciar\u00e1 el pago en retroactivo a partir del 1 de mayo de este 2021, a todo el personal de base, homologados tambi\u00e9n, regularizados y formalizados, tengan todos en verdad y reciban una felicitaci\u00f3n porque es m\u00e1s que merecido, much\u00edsimas gracias y aprovech\u00f3 tambi\u00e9n para decirles que estamos pr\u00f3ximos a la entrega de este proceso, pero sin embargo seguiremos haciendo el mejor de los esfuerzos donde quiera que estemos\u201d, expres\u00f3.<\/span><\/div>\n<div style=\"text-align: justify;\">&nbsp;<\/div>\n<div style=\"text-align: justify;\"><span style=\"font-size: 14pt;\">Asimismo, el Responsable de la Salud en Sinaloa, concluy\u00f3 su mensaje manifestando a la poblaci\u00f3n en general que en este momento de la pandemia del Covid \u2013 19 Sinaloa va bien, pero reiter\u00f3 que esta no ha acabado en el mundo por tal motivo hay que seguir cuid\u00e1ndonos.<\/span><\/div>\n<div style=\"text-align: justify;\">&nbsp;<\/div>\n<div style=\"text-align: justify;\">&nbsp;<\/div>\n<div style=\"text-align: justify;\">&nbsp;<\/div>\n<div style=\"text-align: justify;\">&nbsp;<\/div>\n<div style=\"text-align: justify;\"><span style=\"font-size: 14pt;\">REDACCI\u00d3N\/VISI\u00d3N CIUDADANA.<\/span><\/div>\n","protected":false},"excerpt":{"rendered":"<p>Como m\u00e1s que merecido, as\u00ed calific\u00f3 el Secretario de Salud de Sinaloa, Dr. Efr\u00e9n Encinas Torres la autorizaci\u00f3n en la modificaci\u00f3n (Incremento Salarial) del Cat\u00e1logo de Puestos y Tabulador de Sueldos y Salarios del personal de la rama M\u00e9dica, Param\u00e9dica y Grupos afines, el cual tendr\u00e1 vigencia a partir de 1 de mayo del 2021, [&hellip;]<\/p>\n","protected":false},"author":1,"featured_media":2125,"comment_status":"closed","ping_status":"closed","sticky":false,"template":"","format":"standard","meta":{"footnotes":""},"categories":[24],"tags":[],"ppma_author":[31],"class_list":["post-17841","post","type-post","status-publish","format-standard","has-post-thumbnail","hentry","category-relevantes"],"aioseo_notices":[],"authors":[{"term_id":31,"user_id":1,"is_guest":0,"slug":"ivan3vino","display_name":"Iv\u00e1n Trevi\u00f1o","avatar_url":{"url":"https:\/\/visionciudadana.com.mx\/oficial\/wp-content\/uploads\/2025\/09\/columna-ivan-Trevino.png","url2x":"https:\/\/visionciudadana.com.mx\/oficial\/wp-content\/uploads\/2025\/09\/columna-ivan-Trevino.png"},"0":null,"1":"","2":"","3":"","4":"","5":"","6":"","7":"","8":""}],"_links":{"self":[{"href":"https:\/\/visionciudadana.com.mx\/oficial\/wp-json\/wp\/v2\/posts\/17841","targetHints":{"allow":["GET"]}}],"collection":[{"href":"https:\/\/visionciudadana.com.mx\/oficial\/wp-json\/wp\/v2\/posts"}],"about":[{"href":"https:\/\/visionciudadana.com.mx\/oficial\/wp-json\/wp\/v2\/types\/post"}],"author":[{"embeddable":true,"href":"https:\/\/visionciudadana.com.mx\/oficial\/wp-json\/wp\/v2\/users\/1"}],"replies":[{"embeddable":true,"href":"https:\/\/visionciudadana.com.mx\/oficial\/wp-json\/wp\/v2\/comments?post=17841"}],"version-history":[{"count":1,"href":"https:\/\/visionciudadana.com.mx\/oficial\/wp-json\/wp\/v2\/posts\/17841\/revisions"}],"predecessor-version":[{"id":30470,"href":"https:\/\/visionciudadana.com.mx\/oficial\/wp-json\/wp\/v2\/posts\/17841\/revisions\/30470"}],"wp:featuredmedia":[{"embeddable":true,"href":"https:\/\/visionciudadana.com.mx\/oficial\/wp-json\/wp\/v2\/posts\/2125"}],"wp:attachment":[{"href":"https:\/\/visionciudadana.com.mx\/oficial\/wp-json\/wp\/v2\/media?parent=17841"}],"wp:term":[{"taxonomy":"category","embeddable":true,"href":"https:\/\/visionciudadana.com.mx\/oficial\/wp-json\/wp\/v2\/categories?post=17841"},{"taxonomy":"post_tag","embeddable":true,"href":"https:\/\/visionciudadana.com.mx\/oficial\/wp-json\/wp\/v2\/tags?post=17841"},{"taxonomy":"author","embeddable":true,"href":"https:\/\/visionciudadana.com.mx\/oficial\/wp-json\/wp\/v2\/ppma_author?post=17841"}],"curies":[{"name":"wp","href":"https:\/\/api.w.org\/{rel}","templated":true}]}}