{"id":17840,"date":"2021-10-29T21:49:55","date_gmt":"2021-10-29T21:49:55","guid":{"rendered":"https:\/\/visionciudadana.com.mx\/chio\/2021\/10\/29\/quirino-inaugura-complejo-deportivo-de-alto-rendimiento\/"},"modified":"2025-06-24T23:30:58","modified_gmt":"2025-06-24T23:30:58","slug":"quirino-inaugura-complejo-deportivo-de-alto-rendimiento","status":"publish","type":"post","link":"https:\/\/visionciudadana.com.mx\/oficial\/2021\/10\/29\/quirino-inaugura-complejo-deportivo-de-alto-rendimiento\/","title":{"rendered":"Quirino inaugura complejo deportivo de alto rendimiento"},"content":{"rendered":"<p class=\"x_MsoNormal\" style=\"text-align: justify;\" align=\"center\"><span style=\"font-size: 14pt;\"><b><span lang=\"ES-TRAD\"><img fetchpriority=\"high\" decoding=\"async\" src=\"images\/Oct21\/complejo.jpg\" alt=\"complejo\" width=\"720\" height=\"480\" style=\"display: block; margin: 20px auto;\" \/><\/span><\/b><\/span><span style=\"font-size: 14pt;\"><span lang=\"ES-TRAD\">En lo que se convirti\u00f3 en una fiesta para la comunidad deportiva, el gobernador Quirino Ordaz Coppel, acompa\u00f1ado de destacados deportistas ol\u00edmpicos como Mar\u00eda del Rosario Espinoza, Yareli Salazar V\u00e1zquez, Benjam\u00edn Gonz\u00e1lez, Tamara Cruz y Jorge Ad\u00e1n C\u00e1rdenas, inaugur\u00f3 un complejo para el deporte de alto rendimiento, en el cual se invirtieron 123 millones de pesos.<\/span><\/span><\/p>\n<p class=\"x_MsoNormal\" style=\"text-align: justify;\"><span lang=\"ES-TRAD\" style=\"font-size: 14pt;\"><\/span><\/p>\n<p class=\"x_MsoNormal\" style=\"text-align: justify;\"><span lang=\"ES-TRAD\" style=\"font-size: 14pt;\">Adem\u00e1s de ser acompa\u00f1ado por los ol\u00edmpicos sinaloenses, su esposa Rosy Fuentes de Ordaz y sus tres hijos, el mandatario estatal arrib\u00f3 al complejo deportivo, ubicado a costado del Centro de Alto Rendimiento \u201cMar\u00eda del Rosario Espinoza\u201d, junto con el gobernador electo, Rub\u00e9n Rocha Moya, quien lo felicit\u00f3 por este magn\u00edfico centro deportivo de donde seguramente saldr\u00e1n m\u00e1s medallistas de eventos nacionales e internacionales, y por ello, ante la comunidad deportiva, se comprometi\u00f3 a continuar con este mismo apoyo al deporte, como lo hizo Quirino Ordaz Coppel.<\/span><\/p>\n<p class=\"x_MsoNormal\" style=\"text-align: justify;\"><span lang=\"ES-TRAD\" style=\"font-size: 14pt;\"><\/span><\/p>\n<p class=\"x_MsoNormal\" style=\"text-align: justify;\"><span lang=\"ES-TRAD\" style=\"font-size: 14pt;\">En su mensaje a los cientos de deportistas que se dieron cita en \u00e9sta, que consideraron su fiesta, el gobernador del estado coincidi\u00f3 en que efectivamente se trata de una gran celebraci\u00f3n, porque el haber concluido este gran centro de alto rendimiento, permitir\u00e1 a los atletas sinaloenses ser campeones nacionales y mundiales, y adem\u00e1s posibilitar\u00e1 que Sinaloa sea sede de grandes eventos internacionales.<\/span><\/p>\n<p class=\"x_MsoNormal\" style=\"text-align: justify;\"><span lang=\"ES-TRAD\" style=\"font-size: 14pt;\"><\/span><\/p>\n<p class=\"x_MsoNormal\" style=\"text-align: justify;\"><span lang=\"ES-TRAD\" style=\"font-size: 14pt;\">\u201cLo m\u00e1s importante es la apuesta al deporte, porque es apostar por los ni\u00f1os, los j\u00f3venes, pero tambi\u00e9n por los adultos. Esto es lo que necesitan, tener estos espacios, estas herramientas, para poder desarrollar el gran talento que tienen los ni\u00f1os y las ni\u00f1as sinaloenses, porque Sinaloa es tierra de campeones\u201d, afirm\u00f3.<\/span><\/p>\n<p class=\"x_MsoNormal\" style=\"text-align: justify;\"><span lang=\"ES-TRAD\" style=\"font-size: 14pt;\"><\/span><\/p>\n<p class=\"x_MsoNormal\" style=\"text-align: justify;\"><span lang=\"ES-TRAD\" style=\"font-size: 14pt;\">Ordaz Coppel consider\u00f3 que el doctor Rub\u00e9n Rocha Moya, pr\u00f3ximo gobernador a partir del lunes, sin duda ser\u00e1 un extraordinario gobernador y seguir\u00e1 impulsando a los j\u00f3venes deportistas.<\/span><\/p>\n<p class=\"x_MsoNormal\" style=\"text-align: justify;\"><span lang=\"ES-TRAD\" style=\"font-size: 14pt;\"><\/span><\/p>\n<p class=\"x_MsoNormal\" style=\"text-align: justify;\"><span lang=\"ES-TRAD\" style=\"font-size: 14pt;\">En su intervenci\u00f3n, el gobernador electo, sus primeras palabras fueron para felicitar al gobernador del estado y a la comunidad deportista. \u201cNo es muy com\u00fan que los gobiernos dediquen un esfuerzo como lo estuvo haciendo durante su gesti\u00f3n y todav\u00eda el gobernador Quirino Ordaz, para el caso del deporte\u201d.<\/span><\/p>\n<p class=\"x_MsoNormal\" style=\"text-align: justify;\"><span lang=\"ES-TRAD\" style=\"font-size: 14pt;\"><\/span><\/p>\n<p class=\"x_MsoNormal\" style=\"text-align: justify;\"><span lang=\"ES-TRAD\" style=\"font-size: 14pt;\">\u201cYo me comprometo a darle continuidad al trabajo de apoyo a los deportistas, adem\u00e1s de la infraestructura necesitamos estar permanentemente en la formaci\u00f3n, en el apoyo con becas, no tengan dudas que lo vamos a hacer. Vamos a continuar este trabajo, es un ejemplo y me da mucho gusto eso, que sea por las ni\u00f1as, por los ni\u00f1os, por los j\u00f3venes, y por los viejos, porque a toda edad el deporte se puede practicar, y esto es el mejor legado, felicidades gobernador\u201d, dijo.<\/span><\/p>\n<p class=\"x_MsoNormal\" style=\"text-align: justify;\"><span lang=\"ES-TRAD\" style=\"font-size: 14pt;\"><\/span><\/p>\n<p class=\"x_MsoNormal\" style=\"text-align: justify;\"><span lang=\"ES-TRAD\" style=\"font-size: 14pt;\">A nombre de los deportistas, la multimedallista ol\u00edmpica y mundial en Tae kwon Do, Mar\u00eda del Rosario Espinoza, dijo sentirse muy contenta de ver grandes obras de infraestructura aqu\u00ed en el estado para tantos atletas, con una calidad impresionante. \u201cLe quiero dar las gracias se\u00f1or gobernador, por todo el apoyo que nos ha brindado a nosotros los atletas, que muchos de nosotros hemos representado en Juegos Ol\u00edmpicos, campeonatos mundiales, juegos paral\u00edmpicos, y hemos tenido grandes resultados, pero estos resultados han sido la base de todas las personas que han estado al frente del deporte en el estado\u201d, reconoci\u00f3.<\/span><\/p>\n<p class=\"x_MsoNormal\" style=\"text-align: justify;\"><span lang=\"ES-TRAD\" style=\"font-size: 14pt;\"><\/span><\/p>\n<p class=\"x_MsoNormal\" style=\"text-align: justify;\"><span lang=\"ES-TRAD\" style=\"font-size: 14pt;\">Consider\u00f3 que Sinaloa siempre ha sido un gran exponente y tiene gran potencia no solamente a nivel M\u00e9xico, sino a nivel mundial, y aprovech\u00f3 para hacer un reconocimiento a los directores del ISDE durante el gobierno de Quirino Ordaz, a Paola Moncayo, y al actual, Carlos Verdugo Aguilar.<\/span><\/p>\n<p class=\"x_MsoNormal\" style=\"text-align: justify;\"><span lang=\"ES-TRAD\" style=\"font-size: 14pt;\"><\/span><\/p>\n<p class=\"x_MsoNormal\" style=\"text-align: justify;\"><span lang=\"ES-TRAD\" style=\"font-size: 14pt;\">\u201cAs\u00ed que le quiero decir al pr\u00f3ximo gobernador \u2013Rub\u00e9n Rocha Moya- que siga este apoyo a los deportistas, pues como les digo, hay una gran calidad y creo que hay que saberla explotar para que cada vez haya m\u00e1s ejemplos sinaloenses que den la cara por M\u00e9xico\u201d, concluy\u00f3.<\/span><\/p>\n<p class=\"x_MsoNormal\" style=\"text-align: justify;\"><span lang=\"ES-TRAD\" style=\"font-size: 14pt;\"><\/span><\/p>\n<p class=\"x_MsoNormal\" style=\"text-align: justify;\"><span lang=\"ES-TRAD\" style=\"font-size: 14pt;\">Durante la bienvenida al evento, el titular del ISDE, Carlos Verdugo Aguilar, dio a conocer que el apoyo que otorg\u00f3 el gobernador Quirino Ordaz Coppel al deporte sinaloense se traduce en una inversi\u00f3n que alcanz\u00f3 los dos mil millones de pesos en infraestructura deportiva en todo Sinaloa, incluyendo estadios para futbol y beisbol profesional, tambi\u00e9n estadios y unidades para el deporte popular amateur, como es este centro de alto rendimiento, el cual consider\u00f3 como la joya de la corona.<\/span><\/p>\n<p class=\"x_MsoNormal\" style=\"text-align: justify;\"><span lang=\"ES-TRAD\" style=\"font-size: 14pt;\"><\/span><\/p>\n<p class=\"x_MsoNormal\" style=\"text-align: justify;\"><span style=\"font-size: 14pt;\"><b><span lang=\"ES-TRAD\">El centro de alto rendimiento se integra por:<\/span><\/b><\/span><\/p>\n<p class=\"x_MsoNormal\" style=\"text-align: justify;\"><span lang=\"ES-TRAD\" style=\"font-size: 14pt;\">Pista de atletismo de tart\u00e1n, certificada internacionalmente por la IAAF<\/span><\/p>\n<p class=\"x_MsoNormal\" style=\"text-align: justify;\"><span lang=\"ES-TRAD\" style=\"font-size: 14pt;\">Pista de ciclismo BMX con arrancador electr\u00f3nico \u00fanico en M\u00e9xico<\/span><\/p>\n<p class=\"x_MsoNormal\" style=\"text-align: justify;\"><span lang=\"ES-TRAD\" style=\"font-size: 14pt;\">Campo de tiro con arco<\/span><\/p>\n<p class=\"x_MsoNormal\" style=\"text-align: justify;\"><span lang=\"ES-TRAD\" style=\"font-size: 14pt;\">Dos canchas de voleibol de playa<\/span><\/p>\n<p class=\"x_MsoNormal\" style=\"text-align: justify;\"><span lang=\"ES-TRAD\" style=\"font-size: 14pt;\">Centro de alto rendimiento de boxeo<\/span><\/p>\n<p class=\"x_MsoNormal\" style=\"text-align: justify;\"><span lang=\"ES-TRAD\" style=\"font-size: 14pt;\">Centro de Halterofilia<\/span><\/p>\n<p class=\"x_MsoNormal\" style=\"text-align: justify;\"><span lang=\"ES-TRAD\" style=\"font-size: 14pt;\">Centro de Fuerza<\/span><\/p>\n<p class=\"x_MsoNormal\" style=\"text-align: justify;\"><span lang=\"ES-TRAD\" style=\"font-size: 14pt;\">Estacionamiento de 207 cajones<\/span><\/p>\n<p class=\"x_MsoNormal\" style=\"text-align: justify;\"><span lang=\"ES-TRAD\" style=\"font-size: 14pt;\">Gradas en cada una de las canchas&nbsp;<\/span><\/p>\n<p style=\"text-align: justify;\">&nbsp;<\/p>\n<p style=\"text-align: justify;\">&nbsp;<\/p>\n<p style=\"text-align: justify;\">&nbsp;<\/p>\n<p style=\"text-align: justify;\"><span style=\"font-size: 14pt;\">REDACCI\u00d3N\/VISI\u00d3N CIUDADANA.<\/span><\/p>\n","protected":false},"excerpt":{"rendered":"<p>En lo que se convirti\u00f3 en una fiesta para la comunidad deportiva, el gobernador Quirino Ordaz Coppel, acompa\u00f1ado de destacados deportistas ol\u00edmpicos como Mar\u00eda del Rosario Espinoza, Yareli Salazar V\u00e1zquez, Benjam\u00edn Gonz\u00e1lez, Tamara Cruz y Jorge Ad\u00e1n C\u00e1rdenas, inaugur\u00f3 un complejo para el deporte de alto rendimiento, en el cual se invirtieron 123 millones de [&hellip;]<\/p>\n","protected":false},"author":1,"featured_media":2123,"comment_status":"closed","ping_status":"closed","sticky":false,"template":"","format":"standard","meta":{"footnotes":""},"categories":[24],"tags":[],"ppma_author":[31],"class_list":["post-17840","post","type-post","status-publish","format-standard","has-post-thumbnail","hentry","category-relevantes"],"aioseo_notices":[],"authors":[{"term_id":31,"user_id":1,"is_guest":0,"slug":"ivan3vino","display_name":"Iv\u00e1n Trevi\u00f1o","avatar_url":{"url":"https:\/\/visionciudadana.com.mx\/oficial\/wp-content\/uploads\/2025\/09\/columna-ivan-Trevino.png","url2x":"https:\/\/visionciudadana.com.mx\/oficial\/wp-content\/uploads\/2025\/09\/columna-ivan-Trevino.png"},"0":null,"1":"","2":"","3":"","4":"","5":"","6":"","7":"","8":""}],"_links":{"self":[{"href":"https:\/\/visionciudadana.com.mx\/oficial\/wp-json\/wp\/v2\/posts\/17840","targetHints":{"allow":["GET"]}}],"collection":[{"href":"https:\/\/visionciudadana.com.mx\/oficial\/wp-json\/wp\/v2\/posts"}],"about":[{"href":"https:\/\/visionciudadana.com.mx\/oficial\/wp-json\/wp\/v2\/types\/post"}],"author":[{"embeddable":true,"href":"https:\/\/visionciudadana.com.mx\/oficial\/wp-json\/wp\/v2\/users\/1"}],"replies":[{"embeddable":true,"href":"https:\/\/visionciudadana.com.mx\/oficial\/wp-json\/wp\/v2\/comments?post=17840"}],"version-history":[{"count":1,"href":"https:\/\/visionciudadana.com.mx\/oficial\/wp-json\/wp\/v2\/posts\/17840\/revisions"}],"predecessor-version":[{"id":30471,"href":"https:\/\/visionciudadana.com.mx\/oficial\/wp-json\/wp\/v2\/posts\/17840\/revisions\/30471"}],"wp:featuredmedia":[{"embeddable":true,"href":"https:\/\/visionciudadana.com.mx\/oficial\/wp-json\/wp\/v2\/posts\/2123"}],"wp:attachment":[{"href":"https:\/\/visionciudadana.com.mx\/oficial\/wp-json\/wp\/v2\/media?parent=17840"}],"wp:term":[{"taxonomy":"category","embeddable":true,"href":"https:\/\/visionciudadana.com.mx\/oficial\/wp-json\/wp\/v2\/categories?post=17840"},{"taxonomy":"post_tag","embeddable":true,"href":"https:\/\/visionciudadana.com.mx\/oficial\/wp-json\/wp\/v2\/tags?post=17840"},{"taxonomy":"author","embeddable":true,"href":"https:\/\/visionciudadana.com.mx\/oficial\/wp-json\/wp\/v2\/ppma_author?post=17840"}],"curies":[{"name":"wp","href":"https:\/\/api.w.org\/{rel}","templated":true}]}}