{"id":17839,"date":"2021-10-29T21:41:29","date_gmt":"2021-10-29T21:41:29","guid":{"rendered":"https:\/\/visionciudadana.com.mx\/chio\/2021\/10\/29\/aprueba-congreso-crear-secretaria-de-las-mujeres-del-poder-ejecutivo-del-estado-de-sinaloa\/"},"modified":"2025-06-24T23:30:58","modified_gmt":"2025-06-24T23:30:58","slug":"aprueba-congreso-crear-secretaria-de-las-mujeres-del-poder-ejecutivo-del-estado-de-sinaloa","status":"publish","type":"post","link":"https:\/\/visionciudadana.com.mx\/oficial\/2021\/10\/29\/aprueba-congreso-crear-secretaria-de-las-mujeres-del-poder-ejecutivo-del-estado-de-sinaloa\/","title":{"rendered":"Aprueba Congreso crear Secretar\u00eda de las Mujeres del Poder Ejecutivo del Estado de Sinaloa"},"content":{"rendered":"<p style=\"text-align: justify;\"><img fetchpriority=\"high\" decoding=\"async\" src=\"images\/Oct21\/sria._mujer.jpg\" alt=\"sria. mujer\" width=\"720\" height=\"480\" style=\"display: block; margin: 20px auto;\" \/><span style=\"font-size: 14pt;\">El Congreso del Estado de Sinaloa aprob\u00f3 por unanimidad crear la Secretar\u00eda de las Mujeres del Poder Ejecutivo. <\/span><\/p>\n<p style=\"text-align: justify;\">&nbsp;<\/p>\n<p style=\"text-align: justify;\"><span style=\"font-size: 14pt;\">En la sesi\u00f3n ordinaria, diputadas y diputados resolvieron pertinente las modificaciones a diversas leyes estatales para crear esta nueva Secretar\u00eda y, a la vez para desaparecer el Instituto Sinaloense de las Mujeres.<\/span><\/p>\n<p style=\"text-align: justify;\">&nbsp;<\/p>\n<p style=\"text-align: justify;\"><span style=\"font-size: 14pt;\">Al someterse a votaci\u00f3n, las 38 diputadas y diputados presentes emitieron su voto a favor. Hablaron a favor de crear esta secretar\u00eda las diputadas Juana Minerva V\u00e1zquez Gonz\u00e1lez, de Morena; Alba Virgen Montes \u00c1lvarez, del PAS, y Concepci\u00f3n Zazueta Castro, del PRI. Antes de someterse a votaci\u00f3n el dictamen correspondiente, el Congreso del Estado realiz\u00f3 un ejercicio m\u00e1s de Parlamento Abierto para recoger opiniones de colectivos de mujeres y de activistas de la lucha por los derechos de las mujeres. <\/span><\/p>\n<p style=\"text-align: justify;\">&nbsp;<\/p>\n<p style=\"text-align: justify;\"><span style=\"font-size: 14pt;\">La Secretar\u00eda de las Mujeres tiene las atribuciones, infraestructura y recursos necesarios para prevenir, atender y combatir el problema de la desigualdad entre hombres y mujeres. <\/span><\/p>\n<p style=\"text-align: justify;\">&nbsp;<\/p>\n<p style=\"text-align: justify;\"><span style=\"font-size: 14pt;\">Encargada de dise\u00f1ar y ejecutar la pol\u00edtica de igualdad, as\u00ed como coordinadora interinstitucional para la atenci\u00f3n de las necesidades en los \u00e1mbitos correspondientes. <\/span><\/p>\n<p style=\"text-align: justify;\">&nbsp;<\/p>\n<p style=\"text-align: justify;\"><span style=\"font-size: 14pt;\">La Secretar\u00eda estar\u00e1 en condiciones de establecer una proyecci\u00f3n inmediata, eficaz y podr\u00e1 decidir, y participar de manera activa e independiente, en la procuraci\u00f3n de justicia, la protecci\u00f3n de los derechos humanos y en la transversalidad jur\u00eddica, protegiendo en todo momento los derechos de las mujeres. <\/span><\/p>\n<p style=\"text-align: justify;\">&nbsp;<\/p>\n<p style=\"text-align: justify;\"><span style=\"font-size: 14pt;\">La propuesta de crear esta Secretar\u00eda fue presentada por las cuarenta diputadas y diputados que integran la Sesenta y Cuatro Legislatura y fue dictaminada por las comisiones de Puntos Constitucionales y Gobernaci\u00f3n y la Comisi\u00f3n de Igualdad de G\u00e9nero y Familia. <\/span><\/p>\n<p style=\"text-align: justify;\">&nbsp;<\/p>\n<p style=\"text-align: justify;\"><span style=\"font-size: 14pt;\">La creaci\u00f3n de la Secretar\u00eda de las Mujeres es para disminuir la brecha de la desigualdad en la participaci\u00f3n de la mujer, tanto en la vida pol\u00edtica, social, econ\u00f3mica y cultural, como en la de desarrollo de la econom\u00eda, eliminando obst\u00e1culos que entorpecen el pleno desarrollo de las posibilidades de la mujer. <\/span><\/p>\n<p style=\"text-align: justify;\">&nbsp;<\/p>\n<p style=\"text-align: justify;\"><span style=\"font-size: 14pt;\">Para crear esta secretaria se aprob\u00f3 reformar, adicionar y derogar diversas leyes del Estado de Sinaloa: Ley Org\u00e1nica de la Administraci\u00f3n P\u00fablica. <\/span><\/p>\n<p style=\"text-align: justify;\"><span style=\"font-size: 14pt;\">Ley de Acceso de las Mujeres a una Vida Libre de Violencia para el Estado. <\/span><\/p>\n<p style=\"text-align: justify;\"><span style=\"font-size: 14pt;\">Ley para la Igualdad entre Mujeres y Hombres. <\/span><\/p>\n<p style=\"text-align: justify;\"><span style=\"font-size: 14pt;\">Ley para la Prevenci\u00f3n y Atenci\u00f3n de la Violencia Familiar. <\/span><\/p>\n<p style=\"text-align: justify;\"><span style=\"font-size: 14pt;\">Ley para la Protecci\u00f3n, Atenci\u00f3n y Asistencia a las V\u00edctimas de los Delitos en materia de Trata de Personas. <\/span><\/p>\n<p style=\"text-align: justify;\"><span style=\"font-size: 14pt;\">Ley de los Derechos de las Personas Adultas Mayores. <\/span><\/p>\n<p style=\"text-align: justify;\"><span style=\"font-size: 14pt;\">Ley para Prevenir, Atender y Reparar Integralmente el Desplazamiento Forzado Interno en el Estado. <\/span><\/p>\n<p style=\"text-align: justify;\"><span style=\"font-size: 14pt;\">Ley de Atenci\u00f3n y Protecci\u00f3n a V\u00edctimas.<\/span><\/p>\n<p style=\"text-align: justify;\">&nbsp;<\/p>\n<p style=\"text-align: justify;\">&nbsp;<\/p>\n<p style=\"text-align: justify;\"><span style=\"font-size: 14pt;\">REDACCI\u00d3N\/VISI\u00d3N CIUDADANA.<\/span><\/p>\n","protected":false},"excerpt":{"rendered":"<p>El Congreso del Estado de Sinaloa aprob\u00f3 por unanimidad crear la Secretar\u00eda de las Mujeres del Poder Ejecutivo. &nbsp; En la sesi\u00f3n ordinaria, diputadas y diputados resolvieron pertinente las modificaciones a diversas leyes estatales para crear esta nueva Secretar\u00eda y, a la vez para desaparecer el Instituto Sinaloense de las Mujeres. &nbsp; Al someterse a [&hellip;]<\/p>\n","protected":false},"author":1,"featured_media":2121,"comment_status":"closed","ping_status":"closed","sticky":false,"template":"","format":"standard","meta":{"footnotes":""},"categories":[24],"tags":[],"ppma_author":[31],"class_list":["post-17839","post","type-post","status-publish","format-standard","has-post-thumbnail","hentry","category-relevantes"],"aioseo_notices":[],"authors":[{"term_id":31,"user_id":1,"is_guest":0,"slug":"ivan3vino","display_name":"Iv\u00e1n Trevi\u00f1o","avatar_url":{"url":"https:\/\/visionciudadana.com.mx\/oficial\/wp-content\/uploads\/2025\/09\/columna-ivan-Trevino.png","url2x":"https:\/\/visionciudadana.com.mx\/oficial\/wp-content\/uploads\/2025\/09\/columna-ivan-Trevino.png"},"0":null,"1":"","2":"","3":"","4":"","5":"","6":"","7":"","8":""}],"_links":{"self":[{"href":"https:\/\/visionciudadana.com.mx\/oficial\/wp-json\/wp\/v2\/posts\/17839","targetHints":{"allow":["GET"]}}],"collection":[{"href":"https:\/\/visionciudadana.com.mx\/oficial\/wp-json\/wp\/v2\/posts"}],"about":[{"href":"https:\/\/visionciudadana.com.mx\/oficial\/wp-json\/wp\/v2\/types\/post"}],"author":[{"embeddable":true,"href":"https:\/\/visionciudadana.com.mx\/oficial\/wp-json\/wp\/v2\/users\/1"}],"replies":[{"embeddable":true,"href":"https:\/\/visionciudadana.com.mx\/oficial\/wp-json\/wp\/v2\/comments?post=17839"}],"version-history":[{"count":1,"href":"https:\/\/visionciudadana.com.mx\/oficial\/wp-json\/wp\/v2\/posts\/17839\/revisions"}],"predecessor-version":[{"id":30472,"href":"https:\/\/visionciudadana.com.mx\/oficial\/wp-json\/wp\/v2\/posts\/17839\/revisions\/30472"}],"wp:featuredmedia":[{"embeddable":true,"href":"https:\/\/visionciudadana.com.mx\/oficial\/wp-json\/wp\/v2\/posts\/2121"}],"wp:attachment":[{"href":"https:\/\/visionciudadana.com.mx\/oficial\/wp-json\/wp\/v2\/media?parent=17839"}],"wp:term":[{"taxonomy":"category","embeddable":true,"href":"https:\/\/visionciudadana.com.mx\/oficial\/wp-json\/wp\/v2\/categories?post=17839"},{"taxonomy":"post_tag","embeddable":true,"href":"https:\/\/visionciudadana.com.mx\/oficial\/wp-json\/wp\/v2\/tags?post=17839"},{"taxonomy":"author","embeddable":true,"href":"https:\/\/visionciudadana.com.mx\/oficial\/wp-json\/wp\/v2\/ppma_author?post=17839"}],"curies":[{"name":"wp","href":"https:\/\/api.w.org\/{rel}","templated":true}]}}