{"id":17838,"date":"2021-10-29T21:36:48","date_gmt":"2021-10-29T21:36:48","guid":{"rendered":"https:\/\/visionciudadana.com.mx\/chio\/2021\/10\/29\/inicia-seminario-de-capacitacion-politica-los-desafios-economicos-y-sociales-de-mexico-frente-al-populismo\/"},"modified":"2025-06-24T23:30:58","modified_gmt":"2025-06-24T23:30:58","slug":"inicia-seminario-de-capacitacion-politica-los-desafios-economicos-y-sociales-de-mexico-frente-al-populismo","status":"publish","type":"post","link":"https:\/\/visionciudadana.com.mx\/oficial\/2021\/10\/29\/inicia-seminario-de-capacitacion-politica-los-desafios-economicos-y-sociales-de-mexico-frente-al-populismo\/","title":{"rendered":"Inicia seminario de capacitaci\u00f3n pol\u00edtica, \u201cLos desaf\u00edos econ\u00f3micos y sociales de M\u00e9xico frente al populismo"},"content":{"rendered":"<p><img fetchpriority=\"high\" decoding=\"async\" src=\"images\/Oct21\/semi_pri.jpg\" alt=\"semi pri\" width=\"720\" height=\"480\" style=\"display: block; margin: 20px auto;\" \/><\/p>\n<p class=\"x_MsoNormal\" style=\"text-align: justify;\"><span style=\"font-size: 14pt;\">Con el objetivo de prepararnos para el debate pol\u00edtico, de cara a los escenarios del PRI como oposici\u00f3n en Sinaloa, damos por iniciados los trabajos del seminario de capacitaci\u00f3n pol\u00edtica, \u201cLos desaf\u00edos econ\u00f3micos y sociales de M\u00e9xico frente al populismo\u201d, se\u00f1al\u00f3 la presidenta del Comit\u00e9 Directivo Estatal del PRI Sinaloa, Cinthia Valenzuela Langarica.<\/span><\/p>\n<p style=\"text-align: justify;\">&nbsp;<\/p>\n<p class=\"x_MsoNormal\" style=\"text-align: justify;\"><span style=\"font-size: 14pt;\">El PRI Estatal, en coordinaci\u00f3n con el Instituto Reyes Heroles filial Sinaloa, que dirige G\u00f3mer Mon\u00e1rrez Lara, inauguraron los trabajos del seminario, y 3n cuyo marco expres\u00f3 \u201cestoy convencida que va hacer muy \u00fatil para quienes formamos parte de nuestro partido, pero tambi\u00e9n hay que hacerlo llegar a quienes deseen conocer de este tema\u201d.<\/span><\/p>\n<p style=\"text-align: justify;\">&nbsp;<\/p>\n<p class=\"x_MsoNormal\" style=\"text-align: justify;\"><span style=\"font-size: 14pt;\">Por su parte, Mon\u00e1rrez Lara, manifest\u00f3 que \u201cel hecho de que tengamos la oportunidad de iniciar un seminario, que m\u00e1s all\u00e1 del contexto pol\u00edtico, en el cual nosotros estamos viviendo, pudi\u00e9ramos profundizar un tema muy importante, que para nosotros como priistas, debe de ser fundamental y es el generar ideas en base a una filosof\u00eda de pensamiento ideol\u00f3gico, del cual, nos dio origen como partido y nos ha permitido transitar, en este caminar hist\u00f3rico que hemos tenido en cada uno de sus procesos\u201d.<\/span><\/p>\n<p style=\"text-align: justify;\">&nbsp;<\/p>\n<p class=\"x_MsoNormal\" style=\"text-align: justify;\"><span style=\"font-size: 14pt;\">Dicho seminario, se estar\u00e1 realizando cada jueves, a partir de hoy, hasta el 2 de diciembre, de manera virtual y presencial; consistir\u00e1 en cinco ponencias magistrales y un taller sobre la din\u00e1mica econ\u00f3mica, social y pol\u00edtica del pa\u00eds, asimismo el analizar las propuestas y mecanismos de gobierno de nuestra competencia pol\u00edtica, se entregar\u00e1 un reconocimiento con validez curricular.<\/span><\/p>\n<p style=\"text-align: justify;\">&nbsp;<\/p>\n<p class=\"x_MsoNormal\" style=\"text-align: justify;\"><span style=\"font-size: 14pt;\">La primera ponencia de hoy, estuvo a cargo de Itzel Panamb\u00ed Garc\u00e9s M\u00e9ndez, polit\u00f3loga por la UNAM, diplomados en an\u00e1lisis pol\u00edtico estrat\u00e9gico y en historia y teor\u00edas de la conservaci\u00f3n \u2013 restauraci\u00f3n del patrimonio cultural. En investigaciones tiene colaboraci\u00f3n en \u201cDiagn\u00f3stico, plan de trabajo, estrategia de implementaci\u00f3n y contenidos del portal para la agenda de Parlamento Abierto\u201d (UNAM-Senado de la Rep\u00fablica, 2020); \u201cSituaciones y retos a los que hacen frente las mujeres que se desempe\u00f1an como presidentas municipales en M\u00e9xico\u201d (ONU Mujeres, 2019) y asistencia en investigaci\u00f3n \u201cModernidad vs Retraso: Rezago de una Asamblea Legislativa en una Ciudad de vanguardia\u201d (Polithink, 2014).<\/span><\/p>\n<p style=\"text-align: justify;\">&nbsp;<\/p>\n<p class=\"x_MsoNormal\" style=\"text-align: justify;\"><span style=\"font-size: 14pt;\">La segunda ponencia, estuvo a cargo de \u00d3scar Rivas, economista, quien tiene estudios en Darla Moore School of Business, Tecnologico de Monterrey, Georgetown University, The Heritage Foundation, Universidad Aut\u00f3noma de Sinaloa, entre otros.<\/span><\/p>\n<p style=\"text-align: justify;\">&nbsp;<\/p>\n<p style=\"text-align: justify;\">&nbsp;<\/p>\n<p style=\"text-align: justify;\"><span style=\"font-size: 14pt;\">REDACCI\u00d3N\/VISI\u00d3N CIUDADANA.<\/span><\/p>\n<div style=\"text-align: justify;\"><span style=\"font-size: 14pt;\"><\/span><\/div>\n","protected":false},"excerpt":{"rendered":"<p>Con el objetivo de prepararnos para el debate pol\u00edtico, de cara a los escenarios del PRI como oposici\u00f3n en Sinaloa, damos por iniciados los trabajos del seminario de capacitaci\u00f3n pol\u00edtica, \u201cLos desaf\u00edos econ\u00f3micos y sociales de M\u00e9xico frente al populismo\u201d, se\u00f1al\u00f3 la presidenta del Comit\u00e9 Directivo Estatal del PRI Sinaloa, Cinthia Valenzuela Langarica. &nbsp; El [&hellip;]<\/p>\n","protected":false},"author":1,"featured_media":2119,"comment_status":"closed","ping_status":"closed","sticky":false,"template":"","format":"standard","meta":{"footnotes":""},"categories":[13],"tags":[],"ppma_author":[31],"class_list":["post-17838","post","type-post","status-publish","format-standard","has-post-thumbnail","hentry","category-locales"],"aioseo_notices":[],"authors":[{"term_id":31,"user_id":1,"is_guest":0,"slug":"ivan3vino","display_name":"Iv\u00e1n Trevi\u00f1o","avatar_url":{"url":"https:\/\/visionciudadana.com.mx\/oficial\/wp-content\/uploads\/2025\/09\/columna-ivan-Trevino.png","url2x":"https:\/\/visionciudadana.com.mx\/oficial\/wp-content\/uploads\/2025\/09\/columna-ivan-Trevino.png"},"0":null,"1":"","2":"","3":"","4":"","5":"","6":"","7":"","8":""}],"_links":{"self":[{"href":"https:\/\/visionciudadana.com.mx\/oficial\/wp-json\/wp\/v2\/posts\/17838","targetHints":{"allow":["GET"]}}],"collection":[{"href":"https:\/\/visionciudadana.com.mx\/oficial\/wp-json\/wp\/v2\/posts"}],"about":[{"href":"https:\/\/visionciudadana.com.mx\/oficial\/wp-json\/wp\/v2\/types\/post"}],"author":[{"embeddable":true,"href":"https:\/\/visionciudadana.com.mx\/oficial\/wp-json\/wp\/v2\/users\/1"}],"replies":[{"embeddable":true,"href":"https:\/\/visionciudadana.com.mx\/oficial\/wp-json\/wp\/v2\/comments?post=17838"}],"version-history":[{"count":1,"href":"https:\/\/visionciudadana.com.mx\/oficial\/wp-json\/wp\/v2\/posts\/17838\/revisions"}],"predecessor-version":[{"id":30473,"href":"https:\/\/visionciudadana.com.mx\/oficial\/wp-json\/wp\/v2\/posts\/17838\/revisions\/30473"}],"wp:featuredmedia":[{"embeddable":true,"href":"https:\/\/visionciudadana.com.mx\/oficial\/wp-json\/wp\/v2\/media\/2119"}],"wp:attachment":[{"href":"https:\/\/visionciudadana.com.mx\/oficial\/wp-json\/wp\/v2\/media?parent=17838"}],"wp:term":[{"taxonomy":"category","embeddable":true,"href":"https:\/\/visionciudadana.com.mx\/oficial\/wp-json\/wp\/v2\/categories?post=17838"},{"taxonomy":"post_tag","embeddable":true,"href":"https:\/\/visionciudadana.com.mx\/oficial\/wp-json\/wp\/v2\/tags?post=17838"},{"taxonomy":"author","embeddable":true,"href":"https:\/\/visionciudadana.com.mx\/oficial\/wp-json\/wp\/v2\/ppma_author?post=17838"}],"curies":[{"name":"wp","href":"https:\/\/api.w.org\/{rel}","templated":true}]}}