{"id":17835,"date":"2021-10-29T21:24:34","date_gmt":"2021-10-29T21:24:34","guid":{"rendered":"https:\/\/visionciudadana.com.mx\/chio\/2021\/10\/29\/ya-inicio-el-proceso-de-revocacion-de-mandato-a-nivel-nacional\/"},"modified":"2025-06-24T23:30:59","modified_gmt":"2025-06-24T23:30:59","slug":"ya-inicio-el-proceso-de-revocacion-de-mandato-a-nivel-nacional","status":"publish","type":"post","link":"https:\/\/visionciudadana.com.mx\/oficial\/2021\/10\/29\/ya-inicio-el-proceso-de-revocacion-de-mandato-a-nivel-nacional\/","title":{"rendered":"Ya inici\u00f3 el proceso de Revocaci\u00f3n de Mandato a nivel nacional."},"content":{"rendered":"<div style=\"text-align: justify;\"><img fetchpriority=\"high\" decoding=\"async\" src=\"images\/Oct21\/mele.jpg\" alt=\"mele\" width=\"720\" height=\"480\" style=\"display: block; margin: 20px auto;\" \/><\/p>\n<p><span style=\"font-size: 14pt;\">H\u00e9ctor Melesio Cu\u00e9n Ojeda informa que este domingo renuncia a la presidencia estatal del Partido Sinaloense y ser\u00e1 la Asamblea de Delegados la que defina qui\u00e9n y c\u00f3mo asume la presidencia.<\/span><\/div>\n<div style=\"text-align: justify;\">\n<p><span style=\"font-size: 14pt;\">De entrada, est\u00e1 la propuesta del Dr. V\u00edctor Antonio Corrales Burgue\u00f1o, actual secretario general del Comit\u00e9 Ejecutivo Estatal.<\/span><\/div>\n<div style=\"text-align: justify;\">\n<p><span style=\"font-size: 14pt;\">Cu\u00e9n Ojeda coment\u00f3 que como ciudadanos vamos a darle seguimiento al proceso de Revocaci\u00f3n de Mandato que ya inici\u00f3 a nivel nacional, en este momento ya se curs\u00f3 el registro de monitores ante el Instituto Nacional Electoral (INE), mismos que recoger\u00e1n firmas para que se lleve a cabo la participaci\u00f3n ciudadana.<\/span><\/div>\n<div style=\"text-align: justify;\">\n<p><span style=\"font-size: 14pt;\">Recu\u00e9rdese que la Constituci\u00f3n Pol\u00edtica de los Estados Unidos Mexicanos indica que ser\u00e1n los ciudadanos los que soliciten se lleve a cabo la Revocaci\u00f3n de Mandato, requiri\u00e9ndose el 3 % del Listado Nominal, que suma una cantidad de 2.85 millones de firmas.<\/span><\/div>\n<div style=\"text-align: justify;\">\n<p><span style=\"font-size: 14pt;\">En respeto a lo que establece la ley, el PAS dej\u00f3 en libertad a su militancia para que se registraran como monitores si as\u00ed lo consideraban pertinentes, y el resultado es que la gran cantidad de monitores aceptados por el INE tienen relaci\u00f3n con el Partido Sinaloense.<\/span><\/div>\n<div style=\"text-align: justify;\">\n<p><span style=\"font-size: 14pt;\">En Sinaloa hubo 4620 monitores registrados, y de ese total 4278 tienen relaci\u00f3n con el PAS. Esta acci\u00f3n es de apoyo al presidente Andr\u00e9s Manuel L\u00f3pez Obrador, dado que mucha gente habla de que lo apoyan, pero en la pr\u00e1ctica no lo hacen, es decir \u201ces de dientes para fuera\u201d. El PAS se aplicar\u00e1 en impulsar este proceso.<\/span><\/div>\n<div style=\"text-align: justify;\">\n<p><span style=\"font-size: 14pt;\">La captaci\u00f3n de firmas inicia el pr\u00f3ximo lunes y concluye el 15 de diciembre, ser\u00e1n promovidas por los monitores ya registrados y aceptados por el INE.<\/span><\/div>\n<div style=\"text-align: justify;\">\n<p><span style=\"font-size: 14pt;\">Si la cantidad de firmas que se junten alcanzan m\u00ednimamente el 3 % del Listado Electoral, el INE tendr\u00e1 que emitir la convocatoria el pr\u00f3ximo 12 de enero.<\/span><\/div>\n<div style=\"text-align: justify;\">\n<p><span style=\"font-size: 14pt;\">En la participaci\u00f3n ciudadana tendr\u00e1 que participar un m\u00ednimo del 40 % del Listado Electoral y si la mayor\u00eda simple de esta participaci\u00f3n expresa que, si se aplique la revocaci\u00f3n, Andr\u00e9s Manuel L\u00f3pez Obrador continuar\u00e1 su mandato.<\/span><\/div>\n<div style=\"text-align: justify;\">\n<p><span style=\"font-size: 14pt;\">El PAS siempre le ha apostado a la participaci\u00f3n ciudadana, ya hemos llevado al Congreso de la Uni\u00f3n 6 iniciativas ciudadanas avaladas por 1 mill\u00f3n 430 mil firmas, y la primera que entregamos fue la de Revocaci\u00f3n de Mandato y la Segunda Vuelta Electoral con m\u00e1s de 227 mil firmas de apoyo. As\u00ed termin\u00f3 su informaci\u00f3n Cu\u00e9n Ojeda.<\/span><\/div>\n<div style=\"text-align: justify;\">&nbsp;<\/div>\n<div style=\"text-align: justify;\">&nbsp;<\/div>\n<div style=\"text-align: justify;\">&nbsp;<\/div>\n<div style=\"text-align: justify;\">&nbsp;<\/div>\n<div style=\"text-align: justify;\">&nbsp;<\/div>\n<div style=\"text-align: justify;\"><span style=\"font-size: 14pt;\">REDACCI\u00d3N\/VISI\u00d3N CIUDADANA.<\/span><\/div>\n<div>&nbsp;<\/div>\n<div>&nbsp;<\/div>\n","protected":false},"excerpt":{"rendered":"<p>H\u00e9ctor Melesio Cu\u00e9n Ojeda informa que este domingo renuncia a la presidencia estatal del Partido Sinaloense y ser\u00e1 la Asamblea de Delegados la que defina qui\u00e9n y c\u00f3mo asume la presidencia. De entrada, est\u00e1 la propuesta del Dr. V\u00edctor Antonio Corrales Burgue\u00f1o, actual secretario general del Comit\u00e9 Ejecutivo Estatal. Cu\u00e9n Ojeda coment\u00f3 que como ciudadanos [&hellip;]<\/p>\n","protected":false},"author":1,"featured_media":2113,"comment_status":"closed","ping_status":"closed","sticky":false,"template":"","format":"standard","meta":{"footnotes":""},"categories":[24],"tags":[],"ppma_author":[31],"class_list":["post-17835","post","type-post","status-publish","format-standard","has-post-thumbnail","hentry","category-relevantes"],"aioseo_notices":[],"authors":[{"term_id":31,"user_id":1,"is_guest":0,"slug":"ivan3vino","display_name":"Iv\u00e1n Trevi\u00f1o","avatar_url":{"url":"https:\/\/visionciudadana.com.mx\/oficial\/wp-content\/uploads\/2025\/09\/columna-ivan-Trevino.png","url2x":"https:\/\/visionciudadana.com.mx\/oficial\/wp-content\/uploads\/2025\/09\/columna-ivan-Trevino.png"},"0":null,"1":"","2":"","3":"","4":"","5":"","6":"","7":"","8":""}],"_links":{"self":[{"href":"https:\/\/visionciudadana.com.mx\/oficial\/wp-json\/wp\/v2\/posts\/17835","targetHints":{"allow":["GET"]}}],"collection":[{"href":"https:\/\/visionciudadana.com.mx\/oficial\/wp-json\/wp\/v2\/posts"}],"about":[{"href":"https:\/\/visionciudadana.com.mx\/oficial\/wp-json\/wp\/v2\/types\/post"}],"author":[{"embeddable":true,"href":"https:\/\/visionciudadana.com.mx\/oficial\/wp-json\/wp\/v2\/users\/1"}],"replies":[{"embeddable":true,"href":"https:\/\/visionciudadana.com.mx\/oficial\/wp-json\/wp\/v2\/comments?post=17835"}],"version-history":[{"count":1,"href":"https:\/\/visionciudadana.com.mx\/oficial\/wp-json\/wp\/v2\/posts\/17835\/revisions"}],"predecessor-version":[{"id":30476,"href":"https:\/\/visionciudadana.com.mx\/oficial\/wp-json\/wp\/v2\/posts\/17835\/revisions\/30476"}],"wp:featuredmedia":[{"embeddable":true,"href":"https:\/\/visionciudadana.com.mx\/oficial\/wp-json\/wp\/v2\/media\/2113"}],"wp:attachment":[{"href":"https:\/\/visionciudadana.com.mx\/oficial\/wp-json\/wp\/v2\/media?parent=17835"}],"wp:term":[{"taxonomy":"category","embeddable":true,"href":"https:\/\/visionciudadana.com.mx\/oficial\/wp-json\/wp\/v2\/categories?post=17835"},{"taxonomy":"post_tag","embeddable":true,"href":"https:\/\/visionciudadana.com.mx\/oficial\/wp-json\/wp\/v2\/tags?post=17835"},{"taxonomy":"author","embeddable":true,"href":"https:\/\/visionciudadana.com.mx\/oficial\/wp-json\/wp\/v2\/ppma_author?post=17835"}],"curies":[{"name":"wp","href":"https:\/\/api.w.org\/{rel}","templated":true}]}}