{"id":17826,"date":"2021-10-27T22:05:02","date_gmt":"2021-10-27T22:05:02","guid":{"rendered":"https:\/\/visionciudadana.com.mx\/chio\/2021\/10\/27\/toman-protesta-consejero-y-consejeras-electorales-del-iees\/"},"modified":"2025-06-24T23:30:59","modified_gmt":"2025-06-24T23:30:59","slug":"toman-protesta-consejero-y-consejeras-electorales-del-iees","status":"publish","type":"post","link":"https:\/\/visionciudadana.com.mx\/oficial\/2021\/10\/27\/toman-protesta-consejero-y-consejeras-electorales-del-iees\/","title":{"rendered":"Toman protesta consejero y consejeras electorales del IEES"},"content":{"rendered":"<p style=\"text-align: justify;\"><img fetchpriority=\"high\" decoding=\"async\" src=\"images\/Oct21\/consejeroas.jpg\" alt=\"consejeroas\" width=\"720\" height=\"480\" style=\"display: block; margin: 20px auto;\" \/><span style=\"font-size: 14pt;\">En sesi\u00f3n extraordinaria del Consejo General del Instituto Electoral del Estado de Sinaloa (IEES), la Consejera Presidenta de este \u00f3rgano, Karla Gabriela Peraza Zazueta, les tom\u00f3 protesta a Mart\u00edn Gonz\u00e1lez Burgos, Marisol Quevedo Gonz\u00e1lez y Judith Gabriela L\u00f3pez del Rinc\u00f3n, como nuevos Consejero y Consejeras Electorales designados por el Consejo General del Instituto Nacional Electoral (INE), para un periodo de siete a\u00f1os.<\/span><\/p>\n<p style=\"text-align: justify;\">&nbsp;<\/p>\n<p style=\"text-align: justify;\"><span style=\"font-size: 14pt;\">La Presidenta del IEES, felicit\u00f3 a sus compa\u00f1eras y compa\u00f1ero, quienes a partir de hoy asumen su cargo para desarrollarlo con responsabilidad, y en el que promover\u00e1n y aplicar\u00e1n los principios rectores que fomenta el Instituto, por lo que, asegur\u00f3, se formar\u00e1 un gran equipo para continuar contribuyendo en el fortalecimiento y legitimidad de la democracia y participaci\u00f3n ciudadana.<\/span><\/p>\n<p style=\"text-align: justify;\">&nbsp;<\/p>\n<p style=\"text-align: justify;\"><span style=\"font-size: 14pt;\">Peraza Zazueta record\u00f3 que el pasado 03 de septiembre finalizaron labores dos Consejeros y una Consejera de este \u00f3rgano electoral, motivo por lo cual, el INE realiz\u00f3 un proceso de selecci\u00f3n y designaci\u00f3n para sustituir dichos espacios, mediante una convocatoria emitida por su Consejo General el 28 de abril y que culmin\u00f3 el 14 de mayo.<\/span><\/p>\n<p style=\"text-align: justify;\">&nbsp;<\/p>\n<p style=\"text-align: justify;\"><span style=\"font-size: 14pt;\">Derivado de este proceso se obtuvo el registro de 45 personas, de las cuales 44 cumplieron con los requisitos legales, 20 mujeres y 24 hombres, cuyos nombres fueron publicados el 25 de junio en la p\u00e1gina web del INE.<\/span><\/p>\n<p style=\"text-align: justify;\">&nbsp;<\/p>\n<p style=\"text-align: justify;\"><span style=\"font-size: 14pt;\">Precis\u00f3 que la siguiente etapa consisti\u00f3 en la aplicaci\u00f3n de un examen de conocimientos, efectuado el 10 de julio, teniendo como resultado la selecci\u00f3n de 10 mujeres y 11 hombres con las mejores calificaciones, por lo que consiguieron acceder a la etapa de la elaboraci\u00f3n de un ensayo que se llev\u00f3 a cabo el 14 de agosto, y en el que calificaron cinco mujeres y cinco hombres para la fase de entrevistas virtuales, realizadas el 7 octubre. Finalmente, la Comisi\u00f3n de Vinculaci\u00f3n con los OPLES del INE, present\u00f3 los resultados con los nombres ya descritos, los cuales fueron aprobados por unanimidad en la sesi\u00f3n de ayer del Consejo General del INE.<\/span><\/p>\n<p style=\"text-align: justify;\">&nbsp;<\/p>\n<p style=\"text-align: justify;\"><span style=\"font-size: 14pt;\">Por su parte, la Consejera Electoral, Gloria Icela Garc\u00eda Cuadras, dio la bienvenida al nuevo y las nuevas integrantes a nombre de sus compa\u00f1eros Consejeros, donde resalt\u00f3 el perfil profesional y buen desempe\u00f1o mostrado durante el proceso de selecci\u00f3n, afirmando que vendr\u00e1n a sumar a este \u00f3rgano colegiado, por lo que augur\u00f3 \u00e9xito en los trabajos por venir.<\/span><\/p>\n<p style=\"text-align: justify;\">&nbsp;<\/p>\n<p style=\"text-align: justify;\"><span style=\"font-size: 14pt;\">En tanto, la Consejera Marisol Quevedo Gonz\u00e1lez, enfatiz\u00f3 que asume esta nueva encomienda con toda la convicci\u00f3n de sumar y conducirse apegada a los valores que rigen la columna vertebral de este Instituto, en aras de contribuir en la construcci\u00f3n de un Sinaloa m\u00e1s democr\u00e1tico.<\/span><\/p>\n<p style=\"text-align: justify;\">&nbsp;<\/p>\n<p style=\"text-align: justify;\"><span style=\"font-size: 14pt;\">Por su parte, la Consejera, Judith Gabriela L\u00f3pez, se comprometi\u00f3 a dirigirse apegada a los principios rectores del Instituto, y sumar toda su capacidad para trabajar en equipo para que los procesos democr\u00e1ticos en Sinaloa contin\u00faen y sigan consolid\u00e1ndose.<\/span><\/p>\n<p style=\"text-align: justify;\">&nbsp;<\/p>\n<p style=\"text-align: justify;\"><span style=\"font-size: 14pt;\">Finalmente, el Consejero Mart\u00edn Gonz\u00e1lez Burgos se\u00f1al\u00f3 su compromiso de satisfacer los intereses democr\u00e1ticos de Sinaloa y de su sociedad, privilegiando los principios de la materia electoral, resaltando fundamentalmente: la paridad de g\u00e9nero, la legalidad, la imparcialidad, la independencia y la autonom\u00eda.<\/span><\/p>\n<p style=\"text-align: justify;\">&nbsp;<\/p>\n<p style=\"text-align: justify;\">&nbsp;<\/p>\n<p style=\"text-align: justify;\"><span style=\"font-size: 14pt;\">REDACCI\u00d3N\/VISI\u00d3N CIUDADANA.<\/span><\/p>\n","protected":false},"excerpt":{"rendered":"<p>En sesi\u00f3n extraordinaria del Consejo General del Instituto Electoral del Estado de Sinaloa (IEES), la Consejera Presidenta de este \u00f3rgano, Karla Gabriela Peraza Zazueta, les tom\u00f3 protesta a Mart\u00edn Gonz\u00e1lez Burgos, Marisol Quevedo Gonz\u00e1lez y Judith Gabriela L\u00f3pez del Rinc\u00f3n, como nuevos Consejero y Consejeras Electorales designados por el Consejo General del Instituto Nacional Electoral [&hellip;]<\/p>\n","protected":false},"author":1,"featured_media":2101,"comment_status":"closed","ping_status":"closed","sticky":false,"template":"","format":"standard","meta":{"footnotes":""},"categories":[24],"tags":[],"ppma_author":[31],"class_list":["post-17826","post","type-post","status-publish","format-standard","has-post-thumbnail","hentry","category-relevantes"],"aioseo_notices":[],"authors":[{"term_id":31,"user_id":1,"is_guest":0,"slug":"ivan3vino","display_name":"Iv\u00e1n Trevi\u00f1o","avatar_url":{"url":"https:\/\/visionciudadana.com.mx\/oficial\/wp-content\/uploads\/2025\/09\/columna-ivan-Trevino.png","url2x":"https:\/\/visionciudadana.com.mx\/oficial\/wp-content\/uploads\/2025\/09\/columna-ivan-Trevino.png"},"0":null,"1":"","2":"","3":"","4":"","5":"","6":"","7":"","8":""}],"_links":{"self":[{"href":"https:\/\/visionciudadana.com.mx\/oficial\/wp-json\/wp\/v2\/posts\/17826","targetHints":{"allow":["GET"]}}],"collection":[{"href":"https:\/\/visionciudadana.com.mx\/oficial\/wp-json\/wp\/v2\/posts"}],"about":[{"href":"https:\/\/visionciudadana.com.mx\/oficial\/wp-json\/wp\/v2\/types\/post"}],"author":[{"embeddable":true,"href":"https:\/\/visionciudadana.com.mx\/oficial\/wp-json\/wp\/v2\/users\/1"}],"replies":[{"embeddable":true,"href":"https:\/\/visionciudadana.com.mx\/oficial\/wp-json\/wp\/v2\/comments?post=17826"}],"version-history":[{"count":1,"href":"https:\/\/visionciudadana.com.mx\/oficial\/wp-json\/wp\/v2\/posts\/17826\/revisions"}],"predecessor-version":[{"id":30479,"href":"https:\/\/visionciudadana.com.mx\/oficial\/wp-json\/wp\/v2\/posts\/17826\/revisions\/30479"}],"wp:featuredmedia":[{"embeddable":true,"href":"https:\/\/visionciudadana.com.mx\/oficial\/wp-json\/wp\/v2\/media\/2101"}],"wp:attachment":[{"href":"https:\/\/visionciudadana.com.mx\/oficial\/wp-json\/wp\/v2\/media?parent=17826"}],"wp:term":[{"taxonomy":"category","embeddable":true,"href":"https:\/\/visionciudadana.com.mx\/oficial\/wp-json\/wp\/v2\/categories?post=17826"},{"taxonomy":"post_tag","embeddable":true,"href":"https:\/\/visionciudadana.com.mx\/oficial\/wp-json\/wp\/v2\/tags?post=17826"},{"taxonomy":"author","embeddable":true,"href":"https:\/\/visionciudadana.com.mx\/oficial\/wp-json\/wp\/v2\/ppma_author?post=17826"}],"curies":[{"name":"wp","href":"https:\/\/api.w.org\/{rel}","templated":true}]}}