{"id":17825,"date":"2021-10-27T21:59:51","date_gmt":"2021-10-27T21:59:51","guid":{"rendered":"https:\/\/visionciudadana.com.mx\/chio\/2021\/10\/27\/gobierno-honesto-y-transparente-que-se-beneficie-primero-a-los-que-menos-tienen-rocha-moya\/"},"modified":"2025-06-24T23:30:59","modified_gmt":"2025-06-24T23:30:59","slug":"gobierno-honesto-y-transparente-que-se-beneficie-primero-a-los-que-menos-tienen-rocha-moya","status":"publish","type":"post","link":"https:\/\/visionciudadana.com.mx\/oficial\/2021\/10\/27\/gobierno-honesto-y-transparente-que-se-beneficie-primero-a-los-que-menos-tienen-rocha-moya\/","title":{"rendered":"Gobierno honesto y transparente que se beneficie primero a los que menos tienen: Rocha Moya\u00a0 \u00a0"},"content":{"rendered":"<div style=\"text-align: justify;\"><img fetchpriority=\"high\" decoding=\"async\" src=\"images\/Oct21\/Roch.jpg\" alt=\"Roch\" width=\"720\" height=\"480\" style=\"display: block; margin: 20px auto;\" \/><span style=\"font-size: 14pt;\">En el marco de la presentaci\u00f3n de los integrantes de su gabinete, el pr\u00f3ximo gobernador de Sinaloa Rub\u00e9n Rocha Moya reiter\u00f3 que su gobierno ser\u00e1 honesto, abierto, transparente y no habr\u00e1 \u201caprovechamiento abusivo del poder\u201d con la finalidad de brindarle a las familias que menos tienen mejores oportunidades de vida.<\/span>&nbsp;&nbsp;<\/div>\n<div style=\"text-align: justify;\">&nbsp;<\/div>\n<div style=\"text-align: justify;\"><span style=\"font-size: 14pt;\"><\/span><\/div>\n<div style=\"text-align: justify;\"><span style=\"font-size: 14pt;\">Para tener cercan\u00eda con los ciudadanos a trav\u00e9s de los medios de comunicaci\u00f3n, Rocha Moya dio a conocer que estar\u00e1 ofreciendo una conferencia cada semana, la cual probablemente se estar\u00eda llevando a cabo los d\u00edas viernes.<\/span><\/div>\n<div style=\"text-align: justify;\">&nbsp;<\/div>\n<div style=\"text-align: justify;\"><span style=\"font-size: 14pt;\"><\/span><\/div>\n<div style=\"text-align: justify;\"><span style=\"font-size: 14pt;\">\u201cQuiero hacer una semanera no una ma\u00f1anera, la pudi\u00e9ramos hacer los d\u00edas viernes para que yo les d\u00e9 informaci\u00f3n cada semana de viva voz\u201d, recalc\u00f3.<\/span><\/div>\n<div style=\"text-align: justify;\">&nbsp;<\/div>\n<div style=\"text-align: justify;\"><span style=\"font-size: 14pt;\"><\/span><\/div>\n<div style=\"text-align: justify;\"><span style=\"font-size: 14pt;\">En materia de transparencia y rendici\u00f3n de cuentas, el gobernador electo de Sinaloa destac\u00f3 que tanto el Gobierno como los funcionarios estar\u00e1n abiertos al escrutinio p\u00fablico a fin de cumplir con las leyes en esta materia.&nbsp;<\/span><\/div>\n<div style=\"text-align: justify;\">&nbsp;<\/div>\n<div style=\"text-align: justify;\"><span style=\"font-size: 14pt;\"><\/span><\/div>\n<div style=\"text-align: justify;\"><span style=\"font-size: 14pt;\">\u201cLa obligaci\u00f3n de todos nosotros como funcionarios p\u00fablicos es presentar la declaraci\u00f3n patrimonial, no solo esa, tambi\u00e9n est\u00e1 la de conflicto de intereses y la fiscal, todos tienen que hacer su declaraci\u00f3n y van a poder darle seguimiento a todo lo del gobierno, a mi me importa mucho este tema\u201d.&nbsp;<\/span><\/div>\n<div style=\"text-align: justify;\">&nbsp;<\/div>\n<div style=\"text-align: justify;\"><span style=\"font-size: 14pt;\"><\/span><\/div>\n<div style=\"text-align: justify;\"><span style=\"font-size: 14pt;\">En cuanto al gasto p\u00fablico en una posible marca gubernamental, Rub\u00e9n Rocha Moya reiter\u00f3 que no habr\u00e1 derroche en este rubro, \u201cno vamos a gastar en eso, no vamos a cambiar de colores aqu\u00ed y all\u00e1, nuestra entidad como gobierno ser\u00e1 algo sencillo, porque lo que vamos administrar es dinero del pueblo\u201d.<\/span><\/div>\n<div style=\"text-align: justify;\">&nbsp;<\/div>\n<div style=\"text-align: justify;\"><span style=\"font-size: 14pt;\"><\/span><\/div>\n<div style=\"text-align: justify;\"><span style=\"font-size: 14pt;\">Rub\u00e9n Rocha afirm\u00f3 que en su gobierno se promover\u00e1 que primero se atiendan las necesidades de los pobres, sin embargo, no se har\u00e1 apolog\u00eda de la pobreza durante su administraci\u00f3n.<\/span><\/div>\n<div style=\"text-align: justify;\">&nbsp;<\/div>\n<div style=\"text-align: justify;\"><span style=\"font-size: 14pt;\"><\/span><\/div>\n<div style=\"text-align: justify;\"><span style=\"font-size: 14pt;\">Asegur\u00f3 que en su gobierno se respetar\u00e1n los derechos humanos de todas y todos los ciudadanos para lo cual incluso, se crear\u00e1 una Subsecretar\u00eda, la cual atender\u00e1 los asuntos en esta materia.<\/span><\/div>\n<div style=\"text-align: justify;\">&nbsp;<\/div>\n<div style=\"text-align: justify;\">&nbsp;<\/div>\n<div style=\"text-align: justify;\">&nbsp;<\/div>\n<div style=\"text-align: justify;\">&nbsp;<\/div>\n<div style=\"text-align: justify;\"><span style=\"font-size: 14pt;\">REDACCI\u00d3N\/VISI\u00d3N CIUDADANA.<\/span><\/div>\n","protected":false},"excerpt":{"rendered":"<p>En el marco de la presentaci\u00f3n de los integrantes de su gabinete, el pr\u00f3ximo gobernador de Sinaloa Rub\u00e9n Rocha Moya reiter\u00f3 que su gobierno ser\u00e1 honesto, abierto, transparente y no habr\u00e1 \u201caprovechamiento abusivo del poder\u201d con la finalidad de brindarle a las familias que menos tienen mejores oportunidades de vida.&nbsp;&nbsp; &nbsp; Para tener cercan\u00eda con [&hellip;]<\/p>\n","protected":false},"author":1,"featured_media":2099,"comment_status":"closed","ping_status":"closed","sticky":false,"template":"","format":"standard","meta":{"footnotes":""},"categories":[24],"tags":[],"ppma_author":[31],"class_list":["post-17825","post","type-post","status-publish","format-standard","has-post-thumbnail","hentry","category-relevantes"],"aioseo_notices":[],"authors":[{"term_id":31,"user_id":1,"is_guest":0,"slug":"ivan3vino","display_name":"Iv\u00e1n Trevi\u00f1o","avatar_url":{"url":"https:\/\/visionciudadana.com.mx\/oficial\/wp-content\/uploads\/2025\/09\/columna-ivan-Trevino.png","url2x":"https:\/\/visionciudadana.com.mx\/oficial\/wp-content\/uploads\/2025\/09\/columna-ivan-Trevino.png"},"0":null,"1":"","2":"","3":"","4":"","5":"","6":"","7":"","8":""}],"_links":{"self":[{"href":"https:\/\/visionciudadana.com.mx\/oficial\/wp-json\/wp\/v2\/posts\/17825","targetHints":{"allow":["GET"]}}],"collection":[{"href":"https:\/\/visionciudadana.com.mx\/oficial\/wp-json\/wp\/v2\/posts"}],"about":[{"href":"https:\/\/visionciudadana.com.mx\/oficial\/wp-json\/wp\/v2\/types\/post"}],"author":[{"embeddable":true,"href":"https:\/\/visionciudadana.com.mx\/oficial\/wp-json\/wp\/v2\/users\/1"}],"replies":[{"embeddable":true,"href":"https:\/\/visionciudadana.com.mx\/oficial\/wp-json\/wp\/v2\/comments?post=17825"}],"version-history":[{"count":1,"href":"https:\/\/visionciudadana.com.mx\/oficial\/wp-json\/wp\/v2\/posts\/17825\/revisions"}],"predecessor-version":[{"id":30480,"href":"https:\/\/visionciudadana.com.mx\/oficial\/wp-json\/wp\/v2\/posts\/17825\/revisions\/30480"}],"wp:featuredmedia":[{"embeddable":true,"href":"https:\/\/visionciudadana.com.mx\/oficial\/wp-json\/wp\/v2\/media\/2099"}],"wp:attachment":[{"href":"https:\/\/visionciudadana.com.mx\/oficial\/wp-json\/wp\/v2\/media?parent=17825"}],"wp:term":[{"taxonomy":"category","embeddable":true,"href":"https:\/\/visionciudadana.com.mx\/oficial\/wp-json\/wp\/v2\/categories?post=17825"},{"taxonomy":"post_tag","embeddable":true,"href":"https:\/\/visionciudadana.com.mx\/oficial\/wp-json\/wp\/v2\/tags?post=17825"},{"taxonomy":"author","embeddable":true,"href":"https:\/\/visionciudadana.com.mx\/oficial\/wp-json\/wp\/v2\/ppma_author?post=17825"}],"curies":[{"name":"wp","href":"https:\/\/api.w.org\/{rel}","templated":true}]}}