{"id":17824,"date":"2021-10-27T20:46:50","date_gmt":"2021-10-27T20:46:50","guid":{"rendered":"https:\/\/visionciudadana.com.mx\/chio\/2021\/10\/27\/habilita-ssa-espacios-dignos-para-mejor-servicio\/"},"modified":"2025-06-24T23:30:59","modified_gmt":"2025-06-24T23:30:59","slug":"habilita-ssa-espacios-dignos-para-mejor-servicio","status":"publish","type":"post","link":"https:\/\/visionciudadana.com.mx\/oficial\/2021\/10\/27\/habilita-ssa-espacios-dignos-para-mejor-servicio\/","title":{"rendered":"Habilita SSA espacios dignos para mejor servicio"},"content":{"rendered":"<p style=\"text-align: justify;\"><img fetchpriority=\"high\" decoding=\"async\" src=\"images\/Oct21\/habilita.jpg\" alt=\"habilita\" width=\"720\" height=\"480\" style=\"display: block; margin: 20px auto;\" \/><span style=\"font-size: 14pt;\">La Secretar\u00eda de Salud de Sinaloa, en su permanente esfuerzo por mantener condiciones \u00f3ptimas de trabajo para su personal, oficializa este d\u00eda la adaptaci\u00f3n y reacondicionamiento de nuevos espacios como son una nueva Sala de Lactancia Materna en la Unidad de Gobierno y la remodelaci\u00f3n de la Jurisdicci\u00f3n Sanitaria IV y el Centro de Especialidades Odontol\u00f3gicas de Culiac\u00e1n.<\/span><\/p>\n<p style=\"text-align: justify;\">&nbsp;<\/p>\n<p class=\"x_gmail-xxmsonormal\" style=\"text-align: justify;\"><span style=\"font-size: 14pt;\">Con la representaci\u00f3n del Dr. Efr\u00e9n Encinas Torres, Secretario de Salud, en su mensaje el Dr. Cristhian Aldo Mu\u00f1oz Madrid, director de Prevenci\u00f3n y Promoci\u00f3n de Salud, expres\u00f3 la importancia de contar con espacios dignos que permitan a las madres trabajadoras y desarrollarse como tal, es por ello que agradeci\u00f3 el apoyo y respaldo de la Dra. Mireya Rodr\u00edguez de Encinas para habilitar una peque\u00f1a \u00e1rea de lactancia materna para su beneficio y el de sus hijos.<\/span><\/p>\n<p style=\"text-align: justify;\">&nbsp;<\/p>\n<p class=\"x_gmail-xxmsonormal\" style=\"text-align: justify;\"><span style=\"font-size: 14pt;\">\u201cLa salud materna para nosotros ha sido un pilar fundamental en el trabajo que desempe\u00f1amos diariamente, sabemos que hay muchas situaciones que debemos de ir mejorando para poder llegar a \u00f3ptimas condiciones de avanzar y seguir aport\u00e1ndole a Sinaloa, hoy, en el tema de lactancia materna exclusiva estamos realizando un esfuerzo para poder echar a andar un bello espacio que le d\u00e9 certeza a esas mujeres que tienen o que est\u00e1n en el proceso de lactancia, para nosotros como Secretar\u00eda de Salud es muy importante esa parte tan humana y tan cercana que ustedes deben de tener para poder desarrollarse\u201d, se\u00f1al\u00f3.<\/span><\/p>\n<p style=\"text-align: justify;\">&nbsp;<\/p>\n<p class=\"x_gmail-xxmsonormal\" style=\"text-align: justify;\"><span style=\"font-size: 14pt;\">Por su parte, la presidenta del Voluntariado de la Secretar\u00eda de Salud, Dra. Mireya Rodr\u00edguez de Encinas, puntualiz\u00f3 que al contar con el antecedente de un lactario en el Hospital General de Culiac\u00e1n y uno m\u00e1s en el Hospital de la Mujer permiti\u00f3 que ya se tuvieran los conocimientos de los requerimientos necesarios para adaptar este espacio que dar\u00e1 seguridad a la mujer y a su beb\u00e9.<\/span><\/p>\n<p style=\"text-align: justify;\">&nbsp;<\/p>\n<p class=\"x_gmail-xxmsonormal\" style=\"text-align: justify;\"><span style=\"font-size: 14pt;\">\u201cEn la lactancia materna existen varios factores que intervienen, yo les hablo del factor emocional, del factor amor, del factor cercan\u00eda, y eso le va a dar una seguridad a nuestros hijos y esa seguridad va a redundar en que el hijo se va a sentir protegido, se va a sentir amado, es un hijo que va a tratar de estar con la sociedad en adecuada armon\u00eda, se tiene de verdad una conciencia por parte de los Servicios de Salud, por parte de las usuarias, es el inicio de este peque\u00f1o espacio que puede dar un referente para que se puedan hacer espacios un poco m\u00e1s grandes, que se tengan m\u00e1s cosas para poder que la mujer en ese peque\u00f1o momento en el que est\u00e1 lactando, verdaderamente se sienta ella que lo merece y lo merece su hijo, y al estar ella bien, toda la familia est\u00e1 bien\u201d, dijo.<\/span><\/p>\n<p style=\"text-align: justify;\">&nbsp;<\/p>\n<p class=\"x_gmail-xxmsonormal\" style=\"text-align: justify;\"><span style=\"font-size: 14pt;\">A detalle, los espacios que se acondicionaron para beneficio de los trabajadores de la Secretar\u00eda de Salud incluyen la inauguraci\u00f3n de la Sala de Lactancia en el Primer Piso del Edificio A de la Unidad de Gobierno, con el objetivo de brindar un espacio digno, privado, higi\u00e9nico y accesible donde las mujeres en periodo de lactancia amamanten o extraigan y conserven adecuadamente su leche durante su jornada laboral,&nbsp; lo anterior para dar continuidad a la lactancia materna, aplicando las Normas de seguridad e higiene que coadyuven para garantizar la calidad de la leche materna durante el proceso de extracci\u00f3n, conservaci\u00f3n y transporte al hogar.<\/span><\/p>\n<p style=\"text-align: justify;\">&nbsp;<\/p>\n<p class=\"x_gmail-xxmsonormal\" style=\"text-align: justify;\"><span style=\"font-size: 14pt;\">Asimismo, se llev\u00f3 a cabo el \u201cCorte de List\u00f3n\u201d por la remodelaci\u00f3n de \u00e1reas administrativas en la Jurisdicci\u00f3n Sanitaria IV en Culiac\u00e1n, Sinaloa, cuya inversi\u00f3n fue de 990 mil pesos. Con esta remodelaci\u00f3n se reorganizar\u00e1 la estructura operativa mejorando la funcionalidad de los diferentes programas de Tuberculosis, Salud Mental, Psicolog\u00eda, Lepra, Departamento Financiero y Activo fijo.<\/span><\/p>\n<p style=\"text-align: justify;\">&nbsp;<\/p>\n<p class=\"x_gmail-xxmsonormal\" style=\"text-align: justify;\"><span style=\"font-size: 14pt;\">Igualmente, la remodelaci\u00f3n del Centro de Especialidades Odontol\u00f3gicas de Culiac\u00e1n (CEO), obra con una inversi\u00f3n de un mill\u00f3n 600 mil pesos, con esta reconstrucci\u00f3n se fortalece la atenci\u00f3n especializada a la poblaci\u00f3n de escasos recursos y carente de seguridad social, canalizando su m\u00e1ximo esfuerzo a la atenci\u00f3n estomat\u00f3loga especializada de calidad. El programa de acci\u00f3n espec\u00edfico de salud bucal, tiene como objetivo general \u201cfomentar, prevenir, proteger y restablecer la salud bucal de la poblaci\u00f3n mexicana como parte de la salud integral del individuo.<\/span><\/p>\n<p style=\"text-align: justify;\">&nbsp;<\/p>\n<p style=\"text-align: justify;\">&nbsp;<\/p>\n<p style=\"text-align: justify;\">&nbsp;<\/p>\n<p style=\"text-align: justify;\"><span style=\"font-size: 14pt;\">REDACCI\u00d3N\/VISI\u00d3N CIUDADANA.<\/span><\/p>\n","protected":false},"excerpt":{"rendered":"<p>La Secretar\u00eda de Salud de Sinaloa, en su permanente esfuerzo por mantener condiciones \u00f3ptimas de trabajo para su personal, oficializa este d\u00eda la adaptaci\u00f3n y reacondicionamiento de nuevos espacios como son una nueva Sala de Lactancia Materna en la Unidad de Gobierno y la remodelaci\u00f3n de la Jurisdicci\u00f3n Sanitaria IV y el Centro de Especialidades [&hellip;]<\/p>\n","protected":false},"author":1,"featured_media":2097,"comment_status":"closed","ping_status":"closed","sticky":false,"template":"","format":"standard","meta":{"footnotes":""},"categories":[13],"tags":[],"ppma_author":[31],"class_list":["post-17824","post","type-post","status-publish","format-standard","has-post-thumbnail","hentry","category-locales"],"aioseo_notices":[],"authors":[{"term_id":31,"user_id":1,"is_guest":0,"slug":"ivan3vino","display_name":"Iv\u00e1n Trevi\u00f1o","avatar_url":{"url":"https:\/\/visionciudadana.com.mx\/oficial\/wp-content\/uploads\/2025\/09\/columna-ivan-Trevino.png","url2x":"https:\/\/visionciudadana.com.mx\/oficial\/wp-content\/uploads\/2025\/09\/columna-ivan-Trevino.png"},"0":null,"1":"","2":"","3":"","4":"","5":"","6":"","7":"","8":""}],"_links":{"self":[{"href":"https:\/\/visionciudadana.com.mx\/oficial\/wp-json\/wp\/v2\/posts\/17824","targetHints":{"allow":["GET"]}}],"collection":[{"href":"https:\/\/visionciudadana.com.mx\/oficial\/wp-json\/wp\/v2\/posts"}],"about":[{"href":"https:\/\/visionciudadana.com.mx\/oficial\/wp-json\/wp\/v2\/types\/post"}],"author":[{"embeddable":true,"href":"https:\/\/visionciudadana.com.mx\/oficial\/wp-json\/wp\/v2\/users\/1"}],"replies":[{"embeddable":true,"href":"https:\/\/visionciudadana.com.mx\/oficial\/wp-json\/wp\/v2\/comments?post=17824"}],"version-history":[{"count":1,"href":"https:\/\/visionciudadana.com.mx\/oficial\/wp-json\/wp\/v2\/posts\/17824\/revisions"}],"predecessor-version":[{"id":30481,"href":"https:\/\/visionciudadana.com.mx\/oficial\/wp-json\/wp\/v2\/posts\/17824\/revisions\/30481"}],"wp:featuredmedia":[{"embeddable":true,"href":"https:\/\/visionciudadana.com.mx\/oficial\/wp-json\/wp\/v2\/media\/2097"}],"wp:attachment":[{"href":"https:\/\/visionciudadana.com.mx\/oficial\/wp-json\/wp\/v2\/media?parent=17824"}],"wp:term":[{"taxonomy":"category","embeddable":true,"href":"https:\/\/visionciudadana.com.mx\/oficial\/wp-json\/wp\/v2\/categories?post=17824"},{"taxonomy":"post_tag","embeddable":true,"href":"https:\/\/visionciudadana.com.mx\/oficial\/wp-json\/wp\/v2\/tags?post=17824"},{"taxonomy":"author","embeddable":true,"href":"https:\/\/visionciudadana.com.mx\/oficial\/wp-json\/wp\/v2\/ppma_author?post=17824"}],"curies":[{"name":"wp","href":"https:\/\/api.w.org\/{rel}","templated":true}]}}