{"id":17823,"date":"2021-10-27T20:41:23","date_gmt":"2021-10-27T20:41:23","guid":{"rendered":"https:\/\/visionciudadana.com.mx\/chio\/2021\/10\/27\/entrega-rosy-fuentes-equipamiento-a-centros-de-rehabilitacion\/"},"modified":"2025-06-24T23:30:59","modified_gmt":"2025-06-24T23:30:59","slug":"entrega-rosy-fuentes-equipamiento-a-centros-de-rehabilitacion","status":"publish","type":"post","link":"https:\/\/visionciudadana.com.mx\/oficial\/2021\/10\/27\/entrega-rosy-fuentes-equipamiento-a-centros-de-rehabilitacion\/","title":{"rendered":"Entrega Rosy Fuentes equipamiento a centros de rehabilitaci\u00f3n"},"content":{"rendered":"<p style=\"text-align: justify;\"><img fetchpriority=\"high\" decoding=\"async\" src=\"images\/Oct21\/entega_equip.jpg\" alt=\"entega equip\" width=\"720\" height=\"480\" style=\"display: block; margin: 20px auto;\" \/><span style=\"font-size: 14pt;\">La presidenta de DIF Sinaloa, Rosy Fuentes de Ordaz y el director general del DIF, Ulises Medrano N\u00fa\u00f1ez hicieron entrega de material did\u00e1ctico con valor de 750 mil pesos que ser\u00e1 distribuido en el Centro Regional de Rehabilitaci\u00f3n Integral (CRRI) en Ahome, Mazatl\u00e1n y en el Centro de Rehabilitaci\u00f3n y Educaci\u00f3n Especial (CREE) de Culiac\u00e1n.<\/span><\/p>\n<p style=\"text-align: justify;\">&nbsp;<\/p>\n<p class=\"x_gmail-Bullet\" style=\"text-align: justify;\"><span style=\"font-size: 14pt;\">Rosy Fuentes comparti\u00f3, que este proyecto fue posible gracias a las gestiones que se realizaron ante el Sistema DIF Nacional, para fortalecer estos centros con material did\u00e1ctico, permitiendo que los usuarios que acuden diariamente tengan mejores herramientas para sus terapias.<\/span><\/p>\n<p style=\"text-align: justify;\">&nbsp;<\/p>\n<p class=\"x_gmail-Bullet\" style=\"text-align: justify;\"><span style=\"font-size: 14pt;\">\u201cEste apoyo se logr\u00f3 con la gesti\u00f3n que se hizo ante DIF Nacional, quien nos aprob\u00f3 el proyecto y poder equipar nuestros centros con material did\u00e1ctico\u201d<\/span><\/p>\n<p style=\"text-align: justify;\">&nbsp;<\/p>\n<p class=\"x_gmail-Bullet\" style=\"text-align: justify;\"><span style=\"font-size: 14pt;\">El equipamiento did\u00e1ctico consiste en una gran variedad de material educativo y l\u00fadico, que servir\u00e1 para las terapias conductuales, sensoriales, lenguaje, inclusi\u00f3n escolar y atenci\u00f3n psicol\u00f3gica.<\/span><\/p>\n<p style=\"text-align: justify;\">&nbsp;<\/p>\n<p class=\"x_gmail-Bullet\" style=\"text-align: justify;\"><span style=\"font-size: 14pt;\">El CREE y los 2 CRRI en Sinaloa brindaron durante estos 5 a\u00f1os m\u00e1s de 4 millones de terapias de forma profesional, sensible y humana.<\/span><\/p>\n<p style=\"text-align: justify;\">&nbsp;<\/p>\n<p class=\"x_gmail-Bullet\" style=\"text-align: justify;\"><span style=\"font-size: 14pt;\">La presidenta de DIF Sinaloa, aprovech\u00f3 la visita que realiz\u00f3 al CRRI Ahome, para agradecer el apoyo, esfuerzo y trabajo que realiz\u00f3 el personal en esta administraci\u00f3n, siempre con sensibilidad y calidez humana para atender a las y los usuarios.<\/span><\/p>\n<p style=\"text-align: justify;\">&nbsp;<\/p>\n<p style=\"text-align: justify;\">&nbsp;<\/p>\n<p style=\"text-align: justify;\">&nbsp;<\/p>\n<p style=\"text-align: justify;\"><span style=\"font-size: 14pt;\">REDACCI\u00d3N\/VISI\u00d3N CIUDADANA.<\/span><\/p>\n","protected":false},"excerpt":{"rendered":"<p>La presidenta de DIF Sinaloa, Rosy Fuentes de Ordaz y el director general del DIF, Ulises Medrano N\u00fa\u00f1ez hicieron entrega de material did\u00e1ctico con valor de 750 mil pesos que ser\u00e1 distribuido en el Centro Regional de Rehabilitaci\u00f3n Integral (CRRI) en Ahome, Mazatl\u00e1n y en el Centro de Rehabilitaci\u00f3n y Educaci\u00f3n Especial (CREE) de Culiac\u00e1n. [&hellip;]<\/p>\n","protected":false},"author":1,"featured_media":2095,"comment_status":"closed","ping_status":"closed","sticky":false,"template":"","format":"standard","meta":{"footnotes":""},"categories":[24],"tags":[],"ppma_author":[31],"class_list":["post-17823","post","type-post","status-publish","format-standard","has-post-thumbnail","hentry","category-relevantes"],"aioseo_notices":[],"authors":[{"term_id":31,"user_id":1,"is_guest":0,"slug":"ivan3vino","display_name":"Iv\u00e1n Trevi\u00f1o","avatar_url":{"url":"https:\/\/visionciudadana.com.mx\/oficial\/wp-content\/uploads\/2025\/09\/columna-ivan-Trevino.png","url2x":"https:\/\/visionciudadana.com.mx\/oficial\/wp-content\/uploads\/2025\/09\/columna-ivan-Trevino.png"},"0":null,"1":"","2":"","3":"","4":"","5":"","6":"","7":"","8":""}],"_links":{"self":[{"href":"https:\/\/visionciudadana.com.mx\/oficial\/wp-json\/wp\/v2\/posts\/17823","targetHints":{"allow":["GET"]}}],"collection":[{"href":"https:\/\/visionciudadana.com.mx\/oficial\/wp-json\/wp\/v2\/posts"}],"about":[{"href":"https:\/\/visionciudadana.com.mx\/oficial\/wp-json\/wp\/v2\/types\/post"}],"author":[{"embeddable":true,"href":"https:\/\/visionciudadana.com.mx\/oficial\/wp-json\/wp\/v2\/users\/1"}],"replies":[{"embeddable":true,"href":"https:\/\/visionciudadana.com.mx\/oficial\/wp-json\/wp\/v2\/comments?post=17823"}],"version-history":[{"count":1,"href":"https:\/\/visionciudadana.com.mx\/oficial\/wp-json\/wp\/v2\/posts\/17823\/revisions"}],"predecessor-version":[{"id":30482,"href":"https:\/\/visionciudadana.com.mx\/oficial\/wp-json\/wp\/v2\/posts\/17823\/revisions\/30482"}],"wp:featuredmedia":[{"embeddable":true,"href":"https:\/\/visionciudadana.com.mx\/oficial\/wp-json\/wp\/v2\/posts\/2095"}],"wp:attachment":[{"href":"https:\/\/visionciudadana.com.mx\/oficial\/wp-json\/wp\/v2\/media?parent=17823"}],"wp:term":[{"taxonomy":"category","embeddable":true,"href":"https:\/\/visionciudadana.com.mx\/oficial\/wp-json\/wp\/v2\/categories?post=17823"},{"taxonomy":"post_tag","embeddable":true,"href":"https:\/\/visionciudadana.com.mx\/oficial\/wp-json\/wp\/v2\/tags?post=17823"},{"taxonomy":"author","embeddable":true,"href":"https:\/\/visionciudadana.com.mx\/oficial\/wp-json\/wp\/v2\/ppma_author?post=17823"}],"curies":[{"name":"wp","href":"https:\/\/api.w.org\/{rel}","templated":true}]}}