{"id":17822,"date":"2021-10-27T20:37:47","date_gmt":"2021-10-27T20:37:47","guid":{"rendered":"https:\/\/visionciudadana.com.mx\/chio\/2021\/10\/27\/ruben-rocha-moya-gabinete-de-gobierno-con-el-sello-de-la-capacidad-y-honestidad\/"},"modified":"2025-06-24T23:31:00","modified_gmt":"2025-06-24T23:31:00","slug":"ruben-rocha-moya-gabinete-de-gobierno-con-el-sello-de-la-capacidad-y-honestidad","status":"publish","type":"post","link":"https:\/\/visionciudadana.com.mx\/oficial\/2021\/10\/27\/ruben-rocha-moya-gabinete-de-gobierno-con-el-sello-de-la-capacidad-y-honestidad\/","title":{"rendered":"Rub\u00e9n Rocha Moya: gabinete de gobierno con el sello de la capacidad y honestidad \u00a0"},"content":{"rendered":"<div><img fetchpriority=\"high\" decoding=\"async\" src=\"images\/Oct21\/lista.jpg\" alt=\"lista\" width=\"720\" height=\"480\" style=\"display: block; margin: 20px auto;\" \/><\/div>\n<div>&nbsp;<\/div>\n<div style=\"text-align: justify;\"><span style=\"font-size: 14pt;\">El sello distintivo de los servidores p\u00fablicos de su gobierno ser\u00e1 la honestidad y capacidad, puntualiz\u00f3 el gobernador electo Rub\u00e9n Rocha Moya al presentar a las y los integrantes que encabezar\u00e1n el gabinete ejecutivo de la pr\u00f3xima administraci\u00f3n estatal 2021-2027.<\/span><\/div>\n<div style=\"text-align: justify;\"><span style=\"font-size: 14pt;\"><\/span><\/div>\n<div style=\"text-align: justify;\"><span style=\"font-size: 14pt;\"><\/span><\/div>\n<div style=\"text-align: justify;\"><span style=\"font-size: 14pt;\">\u201cEl perfil n\u00famero 1 es de la honestidad, yo escog\u00ed a este gabinete para mostrarlo al p\u00fablico y tomarle protesta cuando entre en funciones el d\u00eda 1 de noviembre, seguro de que estoy escogiendo a gente proba, a gente honesta, que se conoce en el estado y tiene buena fama p\u00fablica; vamos a hacer un gobierno que est\u00e9 de cara a los sinaloenses, que no tengamos nada que esconder\u201d, recalc\u00f3 en conferencia ante los medios.<\/span><\/div>\n<div style=\"text-align: justify;\"><span style=\"font-size: 14pt;\"><\/span><\/div>\n<div style=\"text-align: justify;\"><span style=\"font-size: 14pt;\"><\/span><\/div>\n<div style=\"text-align: justify;\"><span style=\"font-size: 14pt;\">Destac\u00f3 que, atendiendo la paridad de g\u00e9nero que profesa y promueve la Cuarta Transformaci\u00f3n, el gabinete compuesto por el n\u00famero impar de 13 secretar\u00edas ser\u00e1 integrado por seis mujeres y siete varones, sin embargo, otras funcionarias participar\u00e1n tambi\u00e9n en el gabinete ampliado.&nbsp;<\/span><\/div>\n<div style=\"text-align: justify;\"><span style=\"font-size: 14pt;\"><\/span><\/div>\n<div style=\"text-align: justify;\"><span style=\"font-size: 14pt;\"><\/span><\/div>\n<div style=\"text-align: justify;\"><span style=\"font-size: 14pt;\">En ese contexto, el gobernador electo anunci\u00f3 que Enrique Inzunza C\u00e1zarez fue confirmado como titular de la Secretar\u00eda General de Gobierno; Enrique Alfonso D\u00edaz Vega encabezar\u00e1 la Secretar\u00eda de Administraci\u00f3n y Finanzas; Graciela Dom\u00ednguez Nava ser\u00e1 la titular de Educaci\u00f3n P\u00fablica y Cultura, y la Secretar\u00eda de Salud tendr\u00e1 a la cabeza a H\u00e9ctor Melesio Cu\u00e9n.<\/span><\/div>\n<div style=\"text-align: justify;\"><span style=\"font-size: 14pt;\"><\/span><\/div>\n<div style=\"text-align: justify;\"><span style=\"font-size: 14pt;\"><\/span><\/div>\n<div style=\"text-align: justify;\"><span style=\"font-size: 14pt;\">Enumer\u00f3 tambi\u00e9n que Mar\u00eda Guadalupe Ram\u00edrez Zepeda asumir\u00e1 la Secretar\u00eda de Transparencia y Rendici\u00f3n de Cuentas; Ruth D\u00edaz Gurr\u00eda, la Secretar\u00eda de Bienestar; en Agricultura y Ganader\u00eda, Jaime Montes Salas; y Pesca y Acuacultura ser\u00e1 presidida por Flor Emilia Guerra Mena.<\/span><\/div>\n<div style=\"text-align: justify;\"><span style=\"font-size: 14pt;\"><\/span><\/div>\n<div style=\"text-align: justify;\"><span style=\"font-size: 14pt;\"><\/span><\/div>\n<div style=\"text-align: justify;\"><span style=\"font-size: 14pt;\">Revel\u00f3 que Mar\u00eda del Rosario Torres Noriega dirigir\u00e1 la Secretar\u00eda de Turismo; en Obras P\u00fablicas, Jos\u00e9 Luis Zavala Cabanillas; como secretario de Desarrollo Econ\u00f3mico se desempe\u00f1ar\u00e1 Javier Gaxiola Coppel; la abogada Teresa Guerra Ochoa tendr\u00e1 la titularidad de la Secretar\u00eda de la Mujer; y el teniente coronel Crist\u00f3bal Casta\u00f1eda Camarillo ser\u00e1 ratificado como secretario de Seguridad P\u00fablica.<\/span><\/div>\n<div style=\"text-align: justify;\"><span style=\"font-size: 14pt;\"><\/span><\/div>\n<div style=\"text-align: justify;\"><span style=\"font-size: 14pt;\"><\/span><\/div>\n<div style=\"text-align: justify;\"><span style=\"font-size: 14pt;\">Rocha Moya dio a conocer que el coordinador general de asesores ser\u00e1 Isabel Ibarra Valdivia; Alejandro Higuera Osuna fungir\u00e1 como secretario particular en la Oficina del Gobernador; y Adriana Ochoa del Toro tiene encomendada la Coordinaci\u00f3n de Comunicaci\u00f3n Social.<\/span><\/div>\n<div style=\"text-align: justify;\"><span style=\"font-size: 14pt;\"><\/span><\/div>\n<div style=\"text-align: justify;\"><span style=\"font-size: 14pt;\"><\/span><\/div>\n<div style=\"text-align: justify;\"><span style=\"font-size: 14pt;\">Precis\u00f3 que su hija Eneyda Rocha Ruiz presidir\u00e1 el Sistema DIF Sinaloa, previa aprobaci\u00f3n por el patronato de esta instituci\u00f3n; y el Dr. Cuitl\u00e1huac Gonz\u00e1lez asumir\u00e1 la Direcci\u00f3n General.<\/span><\/div>\n<div style=\"text-align: justify;\"><span style=\"font-size: 14pt;\"><\/span><\/div>\n<div style=\"text-align: justify;\"><span style=\"font-size: 14pt;\"><\/span><\/div>\n<div style=\"text-align: justify;\"><span style=\"font-size: 14pt;\">Respecto al gabinete ampliado, adelant\u00f3 algunos nombres y cargos, entre los que destacan el abogado Jes\u00fas Manuel Mart\u00ednez Pe\u00f1uelas, como procurador fiscal; Patricia Figueroa, en la subsecretar\u00eda de Derechos Humanos; Cynthia Guti\u00e9rrez, jefa de Oficina del Gobernador; H\u00e9ctor F\u00e9lix, en la titularidad del Instituto de Protecci\u00f3n Civil; Eligio L\u00f3pez Portillo, director general del Icatsin; y Julio C\u00e9sar Cascajares al frente del Instituto Sinaloense del Deporte (Isde).<\/span><\/div>\n<div style=\"text-align: justify;\">&nbsp;<\/div>\n<div style=\"text-align: justify;\">&nbsp;<\/div>\n<div style=\"text-align: justify;\">&nbsp;<\/div>\n<div style=\"text-align: justify;\">&nbsp;<\/div>\n<div style=\"text-align: justify;\"><span style=\"font-size: 14pt;\">REDACCI\u00d3N\/VISI\u00d3N CIUDADANA.<\/span><\/div>\n","protected":false},"excerpt":{"rendered":"<p>&nbsp; El sello distintivo de los servidores p\u00fablicos de su gobierno ser\u00e1 la honestidad y capacidad, puntualiz\u00f3 el gobernador electo Rub\u00e9n Rocha Moya al presentar a las y los integrantes que encabezar\u00e1n el gabinete ejecutivo de la pr\u00f3xima administraci\u00f3n estatal 2021-2027. \u201cEl perfil n\u00famero 1 es de la honestidad, yo escog\u00ed a este gabinete para [&hellip;]<\/p>\n","protected":false},"author":1,"featured_media":2093,"comment_status":"closed","ping_status":"closed","sticky":false,"template":"","format":"standard","meta":{"footnotes":""},"categories":[24],"tags":[],"ppma_author":[31],"class_list":["post-17822","post","type-post","status-publish","format-standard","has-post-thumbnail","hentry","category-relevantes"],"aioseo_notices":[],"authors":[{"term_id":31,"user_id":1,"is_guest":0,"slug":"ivan3vino","display_name":"Iv\u00e1n Trevi\u00f1o","avatar_url":{"url":"https:\/\/visionciudadana.com.mx\/oficial\/wp-content\/uploads\/2025\/09\/columna-ivan-Trevino.png","url2x":"https:\/\/visionciudadana.com.mx\/oficial\/wp-content\/uploads\/2025\/09\/columna-ivan-Trevino.png"},"0":null,"1":"","2":"","3":"","4":"","5":"","6":"","7":"","8":""}],"_links":{"self":[{"href":"https:\/\/visionciudadana.com.mx\/oficial\/wp-json\/wp\/v2\/posts\/17822","targetHints":{"allow":["GET"]}}],"collection":[{"href":"https:\/\/visionciudadana.com.mx\/oficial\/wp-json\/wp\/v2\/posts"}],"about":[{"href":"https:\/\/visionciudadana.com.mx\/oficial\/wp-json\/wp\/v2\/types\/post"}],"author":[{"embeddable":true,"href":"https:\/\/visionciudadana.com.mx\/oficial\/wp-json\/wp\/v2\/users\/1"}],"replies":[{"embeddable":true,"href":"https:\/\/visionciudadana.com.mx\/oficial\/wp-json\/wp\/v2\/comments?post=17822"}],"version-history":[{"count":1,"href":"https:\/\/visionciudadana.com.mx\/oficial\/wp-json\/wp\/v2\/posts\/17822\/revisions"}],"predecessor-version":[{"id":30483,"href":"https:\/\/visionciudadana.com.mx\/oficial\/wp-json\/wp\/v2\/posts\/17822\/revisions\/30483"}],"wp:featuredmedia":[{"embeddable":true,"href":"https:\/\/visionciudadana.com.mx\/oficial\/wp-json\/wp\/v2\/posts\/2093"}],"wp:attachment":[{"href":"https:\/\/visionciudadana.com.mx\/oficial\/wp-json\/wp\/v2\/media?parent=17822"}],"wp:term":[{"taxonomy":"category","embeddable":true,"href":"https:\/\/visionciudadana.com.mx\/oficial\/wp-json\/wp\/v2\/categories?post=17822"},{"taxonomy":"post_tag","embeddable":true,"href":"https:\/\/visionciudadana.com.mx\/oficial\/wp-json\/wp\/v2\/tags?post=17822"},{"taxonomy":"author","embeddable":true,"href":"https:\/\/visionciudadana.com.mx\/oficial\/wp-json\/wp\/v2\/ppma_author?post=17822"}],"curies":[{"name":"wp","href":"https:\/\/api.w.org\/{rel}","templated":true}]}}