{"id":17821,"date":"2021-10-27T18:37:45","date_gmt":"2021-10-27T18:37:45","guid":{"rendered":"https:\/\/visionciudadana.com.mx\/chio\/2021\/10\/27\/entrega-sedesu-el-premio-al-merito-ecologico-sinaloa-2021\/"},"modified":"2025-06-24T23:31:00","modified_gmt":"2025-06-24T23:31:00","slug":"entrega-sedesu-el-premio-al-merito-ecologico-sinaloa-2021","status":"publish","type":"post","link":"https:\/\/visionciudadana.com.mx\/oficial\/2021\/10\/27\/entrega-sedesu-el-premio-al-merito-ecologico-sinaloa-2021\/","title":{"rendered":"Entrega SEDESU el Premio Al M\u00e9rito Ecol\u00f3gico Sinaloa 2021"},"content":{"rendered":"<p style=\"text-align: justify;\"><img fetchpriority=\"high\" decoding=\"async\" src=\"images\/Oct21\/entrega_sedesus.jpg\" alt=\"entrega sedesus\" width=\"720\" height=\"480\" style=\"display: block; margin: 20px auto;\" \/><\/p>\n<p class=\"x_MsoNormal\" style=\"text-align: justify;\"><span style=\"font-size: 14pt;\">En reconocimiento a sus aportaciones al cuidado y conservaci\u00f3n del medio ambiente, el gobierno estatal a trav\u00e9s de la Secretar\u00eda de Desarrollo Sustentable entreg\u00f3 el Premio Al M\u00e9rito Ecol\u00f3gico Sinaloa 2021 a activistas, investigadores, instituciones p\u00fablicas y privadas.<\/span><\/p>\n<p style=\"text-align: justify;\">&nbsp;<\/p>\n<p class=\"x_MsoNormal\" style=\"text-align: justify;\"><span style=\"font-size: 14pt;\">La titular de la SEDESU, Isabel Mendoza Camacho, destac\u00f3 que este galard\u00f3n fue creado por decreto del gobernador Quirino Ordaz Coppel para celebrar el trabajo, dedicaci\u00f3n y esfuerzo de mujeres y hombres que est\u00e1n incentivando la acci\u00f3n colectiva por la naturaleza y el bienestar de los ecosistemas.<\/span><\/p>\n<p style=\"text-align: justify;\">&nbsp;<\/p>\n<p class=\"x_MsoNormal\" style=\"text-align: justify;\"><span style=\"font-size: 14pt;\">\u201cEl llamado es a la acci\u00f3n colectiva, a sumar esfuerzos para hacer la diferencia ante la triple crisis ambiental que vive el planeta, es momento de entender que sin naturaleza no hay futuro\u00bb, expres\u00f3.<\/span><\/p>\n<p style=\"text-align: justify;\">&nbsp;<\/p>\n<p class=\"x_MsoNormal\" style=\"text-align: justify;\"><span style=\"font-size: 14pt;\">La funcionaria subray\u00f3 que esta presea materializa los esfuerzos realizados por la SEDESU para impulsar el bienestar colectivo y el aprovechamiento adecuado de los recursos naturales.<\/span><\/p>\n<p style=\"text-align: justify;\">&nbsp;<\/p>\n<p class=\"x_MsoNormal\" style=\"text-align: justify;\"><span style=\"font-size: 14pt;\">El Premio Al M\u00e9rito Ecol\u00f3gico 2021 en la categor\u00eda de J\u00f3venes fue recibido por el colectivo Greengold; en individual se reconoci\u00f3 a Sof\u00eda Trejo Lemus; en Investigaci\u00f3n al Dr. Alan Zavala Norzagaray;&nbsp; en Educaci\u00f3n Ambiental Formal a la Junta Municipal de Agua Potable y Alcantarillado de Culiac\u00e1n; en Educaci\u00f3n Ambiental No Formal a Sociedad Jard\u00edn Bot\u00e1nico de Los Mochis IAP;&nbsp; en Educaci\u00f3n Comunitaria a Sociedad en Acci\u00f3n de Sinaloa AC (SUCEDE); y en Cultura y Comunicaci\u00f3n Ambiental a la empresa Caf\u00e9 El Marino.<\/span><\/p>\n<p style=\"text-align: justify;\">&nbsp;<\/p>\n<p class=\"x_MsoNormal\" style=\"text-align: justify;\"><span style=\"font-size: 14pt;\">Cabe destacar que tambi\u00e9n se entreg\u00f3 menci\u00f3n honor\u00edfica p\u00f3stuma a la maestra Mar\u00eda de los \u00c1ngeles Cruz Morelos, pionera de la Educaci\u00f3n Ambiental que labor\u00f3 m\u00e1s de 26 a\u00f1os en el Acuario Mazatl\u00e1n y al Dr. Jos\u00e9 Alfredo Leal Ordu\u00f1o, Coordinador General de la Reserva Ecol\u00f3gica El Mineral de Nuestra Se\u00f1ora de la Candelaria,&nbsp;que impuls\u00f3 diversos programas entre ellos la conservaci\u00f3n de la Guacamaya Verde.<\/span><\/p>\n<p style=\"text-align: justify;\">&nbsp;<\/p>\n<p style=\"text-align: justify;\">&nbsp;<\/p>\n<p style=\"text-align: justify;\"><span style=\"font-size: 14pt;\">REDACCI\u00d3N\/VISI\u00d3N CIUDADANA.<\/span><\/p>\n","protected":false},"excerpt":{"rendered":"<p>En reconocimiento a sus aportaciones al cuidado y conservaci\u00f3n del medio ambiente, el gobierno estatal a trav\u00e9s de la Secretar\u00eda de Desarrollo Sustentable entreg\u00f3 el Premio Al M\u00e9rito Ecol\u00f3gico Sinaloa 2021 a activistas, investigadores, instituciones p\u00fablicas y privadas. &nbsp; La titular de la SEDESU, Isabel Mendoza Camacho, destac\u00f3 que este galard\u00f3n fue creado por decreto [&hellip;]<\/p>\n","protected":false},"author":1,"featured_media":2091,"comment_status":"closed","ping_status":"closed","sticky":false,"template":"","format":"standard","meta":{"footnotes":""},"categories":[13],"tags":[],"ppma_author":[31],"class_list":["post-17821","post","type-post","status-publish","format-standard","has-post-thumbnail","hentry","category-locales"],"aioseo_notices":[],"authors":[{"term_id":31,"user_id":1,"is_guest":0,"slug":"ivan3vino","display_name":"Iv\u00e1n Trevi\u00f1o","avatar_url":{"url":"https:\/\/visionciudadana.com.mx\/oficial\/wp-content\/uploads\/2025\/09\/columna-ivan-Trevino.png","url2x":"https:\/\/visionciudadana.com.mx\/oficial\/wp-content\/uploads\/2025\/09\/columna-ivan-Trevino.png"},"0":null,"1":"","2":"","3":"","4":"","5":"","6":"","7":"","8":""}],"_links":{"self":[{"href":"https:\/\/visionciudadana.com.mx\/oficial\/wp-json\/wp\/v2\/posts\/17821","targetHints":{"allow":["GET"]}}],"collection":[{"href":"https:\/\/visionciudadana.com.mx\/oficial\/wp-json\/wp\/v2\/posts"}],"about":[{"href":"https:\/\/visionciudadana.com.mx\/oficial\/wp-json\/wp\/v2\/types\/post"}],"author":[{"embeddable":true,"href":"https:\/\/visionciudadana.com.mx\/oficial\/wp-json\/wp\/v2\/users\/1"}],"replies":[{"embeddable":true,"href":"https:\/\/visionciudadana.com.mx\/oficial\/wp-json\/wp\/v2\/comments?post=17821"}],"version-history":[{"count":1,"href":"https:\/\/visionciudadana.com.mx\/oficial\/wp-json\/wp\/v2\/posts\/17821\/revisions"}],"predecessor-version":[{"id":30484,"href":"https:\/\/visionciudadana.com.mx\/oficial\/wp-json\/wp\/v2\/posts\/17821\/revisions\/30484"}],"wp:featuredmedia":[{"embeddable":true,"href":"https:\/\/visionciudadana.com.mx\/oficial\/wp-json\/wp\/v2\/media\/2091"}],"wp:attachment":[{"href":"https:\/\/visionciudadana.com.mx\/oficial\/wp-json\/wp\/v2\/media?parent=17821"}],"wp:term":[{"taxonomy":"category","embeddable":true,"href":"https:\/\/visionciudadana.com.mx\/oficial\/wp-json\/wp\/v2\/categories?post=17821"},{"taxonomy":"post_tag","embeddable":true,"href":"https:\/\/visionciudadana.com.mx\/oficial\/wp-json\/wp\/v2\/tags?post=17821"},{"taxonomy":"author","embeddable":true,"href":"https:\/\/visionciudadana.com.mx\/oficial\/wp-json\/wp\/v2\/ppma_author?post=17821"}],"curies":[{"name":"wp","href":"https:\/\/api.w.org\/{rel}","templated":true}]}}