{"id":17820,"date":"2021-10-27T18:28:03","date_gmt":"2021-10-27T18:28:03","guid":{"rendered":"https:\/\/visionciudadana.com.mx\/chio\/2021\/10\/27\/saldo-positivo-en-la-primera-semana-de-clases-en-la-uas\/"},"modified":"2025-06-24T23:31:00","modified_gmt":"2025-06-24T23:31:00","slug":"saldo-positivo-en-la-primera-semana-de-clases-en-la-uas","status":"publish","type":"post","link":"https:\/\/visionciudadana.com.mx\/oficial\/2021\/10\/27\/saldo-positivo-en-la-primera-semana-de-clases-en-la-uas\/","title":{"rendered":"Saldo positivo en la primera semana de clases en la UAS"},"content":{"rendered":"<p class=\"x_MsoNormal\" style=\"text-align: justify;\" align=\"center\"><img fetchpriority=\"high\" decoding=\"async\" src=\"images\/Oct21\/saldo_posi.jpg\" alt=\"saldo posi\" width=\"720\" height=\"480\" style=\"display: block; margin: 20px auto;\" \/><\/p>\n<p class=\"x_MsoNormal\" style=\"text-align: justify;\"><span lang=\"ES\" style=\"font-size: 14pt;\">La primera semana de clases presenciales en la Universidad Aut\u00f3noma de Sinaloa (UAS), report\u00f3 un saldo positivo y se espera que en estos d\u00edas se incorporen m\u00e1s alumnos a las aulas, inform\u00f3 el Rector, doctor Jes\u00fas Madue\u00f1a Molina.<\/span><\/p>\n<p class=\"x_MsoNormal\" style=\"text-align: justify;\"><span lang=\"ES\" style=\"font-size: 14pt;\"><\/span><\/p>\n<p class=\"x_MsoNormal\" style=\"text-align: justify;\"><span lang=\"ES\" style=\"font-size: 14pt;\">\u201cEn esta primera semana no hay ning\u00fan reporte negativo, todo positivo, hicimos un recorrido el viernes por el sur del estado por Escuinapa, El Rosario y Mazatl\u00e1n y todo bien, hay un balance muy interesante, las cosas van caminando y lo que he pedido a los directores es que no relajemos las medidas para que sigamos bien, as\u00ed como estamos hasta ahorita\u201d, expres\u00f3 el dirigente universitario.<\/span><\/p>\n<p class=\"x_MsoNormal\" style=\"text-align: justify;\"><span lang=\"ES\" style=\"font-size: 14pt;\"><\/span><\/p>\n<p class=\"x_MsoNormal\" style=\"text-align: justify;\"><span lang=\"ES\" style=\"font-size: 14pt;\">El lunes 18 de octubre regresaron a las aulas el 50 por ciento de los 170 mil alumnos que integran la matr\u00edcula de la UAS, para irse alternando los d\u00edas de la semana con el otro 50 por ciento de acuerdo al Plan de Acci\u00f3n Integral que se implement\u00f3 en cada escuela y facultad para garantizar un retorno seguro y evitar contagios por COVID-19.<\/span><\/p>\n<p class=\"x_MsoNormal\" style=\"text-align: justify;\"><span lang=\"ES\" style=\"font-size: 14pt;\"><\/span><\/p>\n<p class=\"x_MsoNormal\" style=\"text-align: justify;\"><span lang=\"ES\" style=\"font-size: 14pt;\">El Rector explic\u00f3 que en las escuelas grandes iniciaron clases presenciales los grados m\u00e1s avanzados y esta semana se incorporar\u00e1n los primeros grados, de tal forma que el aforo de alumnos ir\u00e1 en aumento gradualmente \u201cpero buscando que no se relajen las medidas sanitarias y no nos vaya a sorprender la pandemia\u201d, dijo.<\/span><\/p>\n<p class=\"x_MsoNormal\" style=\"text-align: justify;\"><span lang=\"ES\" style=\"font-size: 14pt;\"><\/span><\/p>\n<p class=\"x_MsoNormal\" style=\"text-align: justify;\"><span lang=\"ES\" style=\"font-size: 14pt;\">Madue\u00f1a Molina se\u00f1al\u00f3 tambi\u00e9n que el 70 por ciento de los alumnos que en la encuesta realizada hace unas semanas expresaron su deseo de volver a las aulas, ya lo hicieron de manera escalonada, y ahora se espera que el resto lo haga en estos d\u00edas.&nbsp;<\/span><\/p>\n<p class=\"x_MsoNormal\" style=\"text-align: justify;\"><span lang=\"ES\" style=\"font-size: 14pt;\"><\/span><\/p>\n<p class=\"x_MsoNormal\" style=\"text-align: justify;\"><span lang=\"ES\" style=\"font-size: 14pt;\">\u201cEstamos esperando que esta semana se incorporen algunas de las personas que no han aceptado a\u00fan o que no deciden asistir, los vamos a ir incorporando esta semana, se va generando confianza conforme esto va caminando (\u2026) hicimos un balance a nivel estado, a m\u00ed me toc\u00f3 supervisar el sur y los dem\u00e1s compa\u00f1eros se distribuyeron en las diferentes zonas y el balance es positivo, todo bien, no hay reporte de contagios, no hay reporte de alguna novedad y claro, seguimos cuidando todos los protocolos\u201d, reiter\u00f3.<\/span><\/p>\n<p class=\"x_MsoNormal\" style=\"text-align: justify;\"><span lang=\"ES\" style=\"font-size: 14pt;\"><\/span><\/p>\n<p class=\"x_MsoNormal\" style=\"text-align: justify;\"><span lang=\"ES\" style=\"font-size: 14pt;\">Por \u00faltimo, el Rector agreg\u00f3 que este lunes 25 de octubre iniciaron clases presenciales los alumnos de segundo y tercer grado del Jard\u00edn de Ni\u00f1os de la UAS donde la matr\u00edcula es de 600 estudiantes, y se estar\u00e1 analizando la posibilidad de que los de primer grado se incorporen antes de que inicie diciembre.<\/span><\/p>\n<p style=\"text-align: justify;\">&nbsp;<\/p>\n<p style=\"text-align: justify;\">&nbsp;<\/p>\n<p style=\"text-align: justify;\"><span style=\"font-size: 14pt;\">REDACCI\u00d3N\/VISI\u00d3N CIUDADANA.<\/span><\/p>\n<p class=\"x_MsoNormal\"><span lang=\"ES\"><\/span><\/p>\n","protected":false},"excerpt":{"rendered":"<p>La primera semana de clases presenciales en la Universidad Aut\u00f3noma de Sinaloa (UAS), report\u00f3 un saldo positivo y se espera que en estos d\u00edas se incorporen m\u00e1s alumnos a las aulas, inform\u00f3 el Rector, doctor Jes\u00fas Madue\u00f1a Molina. \u201cEn esta primera semana no hay ning\u00fan reporte negativo, todo positivo, hicimos un recorrido el viernes por [&hellip;]<\/p>\n","protected":false},"author":1,"featured_media":2089,"comment_status":"closed","ping_status":"closed","sticky":false,"template":"","format":"standard","meta":{"footnotes":""},"categories":[24],"tags":[],"ppma_author":[31],"class_list":["post-17820","post","type-post","status-publish","format-standard","has-post-thumbnail","hentry","category-relevantes"],"aioseo_notices":[],"authors":[{"term_id":31,"user_id":1,"is_guest":0,"slug":"ivan3vino","display_name":"Iv\u00e1n Trevi\u00f1o","avatar_url":{"url":"https:\/\/visionciudadana.com.mx\/oficial\/wp-content\/uploads\/2025\/09\/columna-ivan-Trevino.png","url2x":"https:\/\/visionciudadana.com.mx\/oficial\/wp-content\/uploads\/2025\/09\/columna-ivan-Trevino.png"},"0":null,"1":"","2":"","3":"","4":"","5":"","6":"","7":"","8":""}],"_links":{"self":[{"href":"https:\/\/visionciudadana.com.mx\/oficial\/wp-json\/wp\/v2\/posts\/17820","targetHints":{"allow":["GET"]}}],"collection":[{"href":"https:\/\/visionciudadana.com.mx\/oficial\/wp-json\/wp\/v2\/posts"}],"about":[{"href":"https:\/\/visionciudadana.com.mx\/oficial\/wp-json\/wp\/v2\/types\/post"}],"author":[{"embeddable":true,"href":"https:\/\/visionciudadana.com.mx\/oficial\/wp-json\/wp\/v2\/users\/1"}],"replies":[{"embeddable":true,"href":"https:\/\/visionciudadana.com.mx\/oficial\/wp-json\/wp\/v2\/comments?post=17820"}],"version-history":[{"count":1,"href":"https:\/\/visionciudadana.com.mx\/oficial\/wp-json\/wp\/v2\/posts\/17820\/revisions"}],"predecessor-version":[{"id":30485,"href":"https:\/\/visionciudadana.com.mx\/oficial\/wp-json\/wp\/v2\/posts\/17820\/revisions\/30485"}],"wp:featuredmedia":[{"embeddable":true,"href":"https:\/\/visionciudadana.com.mx\/oficial\/wp-json\/wp\/v2\/media\/2089"}],"wp:attachment":[{"href":"https:\/\/visionciudadana.com.mx\/oficial\/wp-json\/wp\/v2\/media?parent=17820"}],"wp:term":[{"taxonomy":"category","embeddable":true,"href":"https:\/\/visionciudadana.com.mx\/oficial\/wp-json\/wp\/v2\/categories?post=17820"},{"taxonomy":"post_tag","embeddable":true,"href":"https:\/\/visionciudadana.com.mx\/oficial\/wp-json\/wp\/v2\/tags?post=17820"},{"taxonomy":"author","embeddable":true,"href":"https:\/\/visionciudadana.com.mx\/oficial\/wp-json\/wp\/v2\/ppma_author?post=17820"}],"curies":[{"name":"wp","href":"https:\/\/api.w.org\/{rel}","templated":true}]}}