{"id":17815,"date":"2021-10-26T02:20:26","date_gmt":"2021-10-26T02:20:26","guid":{"rendered":"https:\/\/visionciudadana.com.mx\/chio\/2021\/10\/26\/invierte-dif-sinaloa13-millones-en-remodelacion-de-centros-de-desarrollo-integral\/"},"modified":"2025-06-24T23:31:00","modified_gmt":"2025-06-24T23:31:00","slug":"invierte-dif-sinaloa13-millones-en-remodelacion-de-centros-de-desarrollo-integral","status":"publish","type":"post","link":"https:\/\/visionciudadana.com.mx\/oficial\/2021\/10\/26\/invierte-dif-sinaloa13-millones-en-remodelacion-de-centros-de-desarrollo-integral\/","title":{"rendered":"Invierte DIF Sinaloa13 millones en remodelaci\u00f3n de centros de Desarrollo Integral"},"content":{"rendered":"<p class=\"x_MsoNormal\" style=\"text-align: justify;\"><span style=\"font-size: 14pt;\"><b><span lang=\"ES-TRAD\">&nbsp;<img fetchpriority=\"high\" decoding=\"async\" src=\"images\/Oct21\/remodelaci\u00f3n.jpg\" alt=\"remodelaci\u00f3n\" width=\"780\" height=\"420\" style=\"display: block; margin: 20px auto;\" \/><\/span><\/b><\/span><\/p>\n<p class=\"x_MsoNormal\" style=\"text-align: justify;\"><span style=\"font-size: 14pt;\"><span lang=\"ES-TRAD\"><\/span>Como parte de las obras para el cierre de esta administraci\u00f3n, Rosy Fuentes de Ordaz, presidenta del Sistema DIF Sinaloa reinaugur\u00f3 la rehabilitaci\u00f3n de&nbsp;<span lang=\"ES-TRAD\">los 5 Centros de Desarrollo Integral (CDI), con una<\/span>&nbsp;inversi\u00f3n de m\u00e1s de 13 millones de pesos.<\/span><\/p>\n<p class=\"x_MsoNormal\" style=\"text-align: justify;\"><span lang=\"ES-TRAD\" style=\"font-size: 14pt;\"><\/span><\/p>\n<p class=\"x_MsoNormal\" style=\"text-align: justify;\"><span lang=\"ES-TRAD\" style=\"font-size: 14pt;\">Rosy Fuentes acompa\u00f1ada del director general de DIF Sinaloa, Ulises Medrano N\u00fa\u00f1ez acudi\u00f3 al CDI ubicado en la colonia El Palmito para conocer las nuevas instalaciones y espacios que por m\u00e1s de 30 a\u00f1os no hab\u00edan sido remodelados, y agradeci\u00f3 al gobernador, Quirino Ordaz Coppel por ser un aliado en cada una de las obras y proyectos de DIF.<\/span><\/p>\n<p class=\"x_MsoNormal\" style=\"text-align: justify;\"><span lang=\"ES-TRAD\" style=\"font-size: 14pt;\"><\/span><\/p>\n<p class=\"x_MsoNormal\" style=\"text-align: justify;\"><span lang=\"ES-TRAD\" style=\"font-size: 14pt;\">La presidenta de DIF Sinaloa comparti\u00f3 que, a pesar de estar a d\u00edas del cierre, esta administraci\u00f3n est\u00e1 concluyendo con obras muy significativas, en especial estos centros en los que acuden m\u00e1s de 20 mil personas al a\u00f1o a recibir los distintos servicios.<\/span><\/p>\n<p class=\"x_MsoNormal\" style=\"text-align: justify;\"><span lang=\"ES-TRAD\" style=\"font-size: 14pt;\"><\/span><\/p>\n<p class=\"x_MsoNormal\" style=\"text-align: justify;\"><span lang=\"ES-TRAD\" style=\"font-size: 14pt;\">Agradeci\u00f3 las mejoras que se realizaron a estos espacios fueron: rehabilitaci\u00f3n de techos, fachadas, banquetas, ba\u00f1os, sistema de drenaje, rampas de acceso, pintura, pisos, instalaci\u00f3n de aires acondicionados y mobiliario.<\/span><\/p>\n<p class=\"x_MsoNormal\" style=\"text-align: justify;\"><span lang=\"ES-TRAD\" style=\"font-size: 14pt;\"><\/span><\/p>\n<p class=\"x_MsoNormal\" style=\"text-align: justify;\"><span lang=\"ES-TRAD\" style=\"font-size: 14pt;\">\u201cYo ve\u00eda lo deteriorado que se encontraban los salones, los ba\u00f1os y dije tengo que hacer algo para que esto mejore, estos DIF est\u00e1n en colonias vulnerables, y aunque son centros ya viejos, quisimos hacerles un espacio limpio y digno\u201d manifest\u00f3.<\/span><\/p>\n<p class=\"x_MsoNormal\" style=\"text-align: justify;\"><span lang=\"ES-TRAD\" style=\"font-size: 14pt;\"><\/span><\/p>\n<p class=\"x_MsoNormal\" style=\"text-align: justify;\"><span lang=\"ES-TRAD\" style=\"font-size: 14pt;\">Los Centros de Desarrollo Integral son espacios donde brindan servicios como: consultas dentales, psicol\u00f3gicas y servicios educativos. Adem\u00e1s de actividades recreativas como; yoga, cachibol, m\u00fasica, jazz, talleres de pintura, cultura de belleza, corte y confecci\u00f3n, manualidades, talleres de verano para ni\u00f1as y ni\u00f1os, gastronom\u00eda, entre otros.<\/span><\/p>\n<p class=\"x_MsoNormal\" style=\"text-align: justify;\"><span lang=\"ES-TRAD\" style=\"font-size: 14pt;\"><\/span><\/p>\n<p class=\"x_MsoNormal\" style=\"text-align: justify;\"><span lang=\"ES-TRAD\" style=\"font-size: 14pt;\">A 6 d\u00edas de concluir esta administraci\u00f3n, Rosy Fuentes de Ordaz y el equipo DIF siguen trabajando en la entrega de obras y apoyos significativos para las familias sinaloenses.<\/span><\/p>\n<p style=\"text-align: justify;\">&nbsp;<\/p>\n<p style=\"text-align: justify;\">&nbsp;<\/p>\n<p style=\"text-align: justify;\">&nbsp;<\/p>\n<p style=\"text-align: justify;\"><span style=\"font-size: 14pt;\">REDACCI\u00d3N\/VISI\u00d3N CIUDADANA.<\/span><\/p>\n","protected":false},"excerpt":{"rendered":"<p>&nbsp; Como parte de las obras para el cierre de esta administraci\u00f3n, Rosy Fuentes de Ordaz, presidenta del Sistema DIF Sinaloa reinaugur\u00f3 la rehabilitaci\u00f3n de&nbsp;los 5 Centros de Desarrollo Integral (CDI), con una&nbsp;inversi\u00f3n de m\u00e1s de 13 millones de pesos. Rosy Fuentes acompa\u00f1ada del director general de DIF Sinaloa, Ulises Medrano N\u00fa\u00f1ez acudi\u00f3 al CDI [&hellip;]<\/p>\n","protected":false},"author":1,"featured_media":1401,"comment_status":"closed","ping_status":"closed","sticky":false,"template":"","format":"standard","meta":{"footnotes":""},"categories":[24],"tags":[],"ppma_author":[31],"class_list":["post-17815","post","type-post","status-publish","format-standard","has-post-thumbnail","hentry","category-relevantes"],"aioseo_notices":[],"authors":[{"term_id":31,"user_id":1,"is_guest":0,"slug":"ivan3vino","display_name":"Iv\u00e1n Trevi\u00f1o","avatar_url":{"url":"https:\/\/visionciudadana.com.mx\/oficial\/wp-content\/uploads\/2025\/09\/columna-ivan-Trevino.png","url2x":"https:\/\/visionciudadana.com.mx\/oficial\/wp-content\/uploads\/2025\/09\/columna-ivan-Trevino.png"},"0":null,"1":"","2":"","3":"","4":"","5":"","6":"","7":"","8":""}],"_links":{"self":[{"href":"https:\/\/visionciudadana.com.mx\/oficial\/wp-json\/wp\/v2\/posts\/17815","targetHints":{"allow":["GET"]}}],"collection":[{"href":"https:\/\/visionciudadana.com.mx\/oficial\/wp-json\/wp\/v2\/posts"}],"about":[{"href":"https:\/\/visionciudadana.com.mx\/oficial\/wp-json\/wp\/v2\/types\/post"}],"author":[{"embeddable":true,"href":"https:\/\/visionciudadana.com.mx\/oficial\/wp-json\/wp\/v2\/users\/1"}],"replies":[{"embeddable":true,"href":"https:\/\/visionciudadana.com.mx\/oficial\/wp-json\/wp\/v2\/comments?post=17815"}],"version-history":[{"count":1,"href":"https:\/\/visionciudadana.com.mx\/oficial\/wp-json\/wp\/v2\/posts\/17815\/revisions"}],"predecessor-version":[{"id":30486,"href":"https:\/\/visionciudadana.com.mx\/oficial\/wp-json\/wp\/v2\/posts\/17815\/revisions\/30486"}],"wp:featuredmedia":[{"embeddable":true,"href":"https:\/\/visionciudadana.com.mx\/oficial\/wp-json\/wp\/v2\/posts\/1401"}],"wp:attachment":[{"href":"https:\/\/visionciudadana.com.mx\/oficial\/wp-json\/wp\/v2\/media?parent=17815"}],"wp:term":[{"taxonomy":"category","embeddable":true,"href":"https:\/\/visionciudadana.com.mx\/oficial\/wp-json\/wp\/v2\/categories?post=17815"},{"taxonomy":"post_tag","embeddable":true,"href":"https:\/\/visionciudadana.com.mx\/oficial\/wp-json\/wp\/v2\/tags?post=17815"},{"taxonomy":"author","embeddable":true,"href":"https:\/\/visionciudadana.com.mx\/oficial\/wp-json\/wp\/v2\/ppma_author?post=17815"}],"curies":[{"name":"wp","href":"https:\/\/api.w.org\/{rel}","templated":true}]}}