{"id":17814,"date":"2021-10-26T02:07:25","date_gmt":"2021-10-26T02:07:25","guid":{"rendered":"https:\/\/visionciudadana.com.mx\/chio\/2021\/10\/26\/comparece-secretario-de-seguridad-publica-ante-la-lxiv-legislatura\/"},"modified":"2025-06-24T23:31:00","modified_gmt":"2025-06-24T23:31:00","slug":"comparece-secretario-de-seguridad-publica-ante-la-lxiv-legislatura","status":"publish","type":"post","link":"https:\/\/visionciudadana.com.mx\/oficial\/2021\/10\/26\/comparece-secretario-de-seguridad-publica-ante-la-lxiv-legislatura\/","title":{"rendered":"Comparece secretario de Seguridad P\u00fablica ante la LXIV Legislatura"},"content":{"rendered":"<p><img fetchpriority=\"high\" decoding=\"async\" src=\"images\/Oct21\/comparesce.jpg\" alt=\"comparesce\" width=\"780\" height=\"420\" style=\"display: block; margin: 20px auto;\" \/><\/p>\n<p class=\"x_MsoNormal\" style=\"text-align: justify;\"><span style=\"font-size: 14pt;\">El esfuerzo de las y los polic\u00edas de Sinaloa junto con una estrategia y un esquema de seguridad bien definido, es lo que ha permitido que el estado haya mejorado sus \u00edndices de seguridad, expres\u00f3 ante los diputados de la 64 Legislatura, el Secretario de Seguridad P\u00fablica de la entidad, Crist\u00f3bal Casta\u00f1eda Camarillo.<\/span><\/p>\n<p style=\"text-align: justify;\">&nbsp;<\/p>\n<p class=\"x_MsoNormal\" style=\"text-align: justify;\"><span style=\"font-size: 14pt;\">En atenci\u00f3n al llamado de los legisladores, en el marco de la glosa del 5to. Informe de Labores del Gobernador, Quirino Ordaz Coppel, el titular de Seguridad P\u00fablica enfatiz\u00f3 que, de acuerdo a estad\u00edsticas del Sistema Nacional de Seguridad P\u00fablica, del 2017 a la fecha, el estado ha registrado una tendencia a la baja en incidencia delictiva al pasar del lugar 9 hasta el sitio 28 de las 32 entidades federativas, es decir, se ubic\u00f3 dentro de los cinco estados con menor incidencia en el pa\u00eds.<\/span><\/p>\n<p style=\"text-align: justify;\">&nbsp;<\/p>\n<p class=\"x_MsoNormal\" style=\"text-align: justify;\"><span style=\"font-size: 14pt;\">Se refiri\u00f3 tambi\u00e9n al logro de que Mazatl\u00e1n saliera del listado de las 50 ciudades m\u00e1s violentas del mundo y, aunque Culiac\u00e1n a\u00fan permanece, se logr\u00f3 escalar algunos esca\u00f1os pasando del lugar 12 en el 2017 al 25 en el 2020.<\/span><\/p>\n<p style=\"text-align: justify;\">&nbsp;<\/p>\n<p class=\"x_MsoNormal\" style=\"text-align: justify;\"><span style=\"font-size: 14pt;\">Casta\u00f1eda Camarillo inform\u00f3 tambi\u00e9n sobre los resultados obtenidos durante el \u00faltimo a\u00f1o en el que se detuvieron a 4 mil 485 personas como presuntos responsables de la comisi\u00f3n de alg\u00fan delito, adem\u00e1s del aseguramiento de armamento, 103 laboratorios clandestinos, la destrucci\u00f3n de 158 plant\u00edos de mariguana, as\u00ed como precursores qu\u00edmicos y diversa cantidad y tipo de droga.<\/span><\/p>\n<p style=\"text-align: justify;\">&nbsp;<\/p>\n<p class=\"x_MsoNormal\" style=\"text-align: justify;\"><span style=\"font-size: 14pt;\">Enfatiz\u00f3 que, gracias al apoyo del Gobernador, Quirino Ordaz Coppel, en el 2021 se invirtieron m\u00e1s de 308 millones de pesos para la adquisici\u00f3n de patrullas, armamento, uniformes y otros veh\u00edculos, tanto blindados como todo terreno que fueron entregados a la corporaci\u00f3n.<\/span><\/p>\n<p style=\"text-align: justify;\">&nbsp;<\/p>\n<p class=\"x_MsoNormal\" style=\"text-align: justify;\"><span style=\"font-size: 14pt;\">El Secretario reconoci\u00f3 que falta trabajo por hacer pues el tema de seguridad es una de las principales demandas de la poblaci\u00f3n, sin embargo, gracias al esfuerzo y, sobre todo, a la estrecha coordinaci\u00f3n con las autoridades de los tres \u00f3rdenes de gobierno, se ha logrado avanzar y mejorar las condiciones de seguridad y el fortalecimiento del Estado de Derecho de acuerdo a lo establecido en la Estrategia Nacional de Seguridad P\u00fablica. &nbsp;<\/span><\/p>\n<p style=\"text-align: justify;\">&nbsp;<\/p>\n<p class=\"x_MsoNormal\" style=\"text-align: justify;\"><span style=\"font-size: 14pt;\">Expuso que, al cierre de esta administraci\u00f3n, se ha sensibilizado a m\u00e1s de 1.5 millones de personas a trav\u00e9s de programas como Navega Seguro, Noviazgo Seguro, Ideas J\u00f3venes y otros, adem\u00e1s de haber llevado el mensaje de prevenci\u00f3n de violencia de g\u00e9nero al menos a 170 mil j\u00f3venes, a trav\u00e9s de la Direcci\u00f3n de Programas Preventivos.<\/span><\/p>\n<p style=\"text-align: justify;\">&nbsp;<\/p>\n<p class=\"x_MsoNormal\" style=\"text-align: justify;\"><span style=\"font-size: 14pt;\">Cabe se\u00f1alar que tambi\u00e9n habl\u00f3 sobre las mejoras tecnol\u00f3gicas para la seguridad del Centro Penitenciario Aguaruto, as\u00ed como la remodelaci\u00f3n de m\u00f3dulos y la adquisici\u00f3n de veh\u00edculos y equipamiento para \u00e9stas \u00e1reas.<\/span><\/p>\n<p style=\"text-align: justify;\">&nbsp;<\/p>\n<p class=\"x_MsoNormal\" style=\"text-align: justify;\"><span style=\"font-size: 14pt;\">Finalmente, consider\u00f3 que este tipo de ejercicios deben coadyuvar a la suma de sinergias en pro de la seguridad p\u00fablica, dignificando a las mujeres y hombres que trabajan por la seguridad de la poblaci\u00f3n.<\/span><\/p>\n<p style=\"text-align: justify;\">&nbsp;<\/p>\n<p style=\"text-align: justify;\">&nbsp;<\/p>\n<p style=\"text-align: justify;\"><span style=\"font-size: 14pt;\">REDACCI\u00d3N\/VISI\u00d3N CIUDADANA.<\/span><\/p>\n","protected":false},"excerpt":{"rendered":"<p>El esfuerzo de las y los polic\u00edas de Sinaloa junto con una estrategia y un esquema de seguridad bien definido, es lo que ha permitido que el estado haya mejorado sus \u00edndices de seguridad, expres\u00f3 ante los diputados de la 64 Legislatura, el Secretario de Seguridad P\u00fablica de la entidad, Crist\u00f3bal Casta\u00f1eda Camarillo. &nbsp; En [&hellip;]<\/p>\n","protected":false},"author":1,"featured_media":2082,"comment_status":"closed","ping_status":"closed","sticky":false,"template":"","format":"standard","meta":{"footnotes":""},"categories":[24],"tags":[],"ppma_author":[31],"class_list":["post-17814","post","type-post","status-publish","format-standard","has-post-thumbnail","hentry","category-relevantes"],"aioseo_notices":[],"authors":[{"term_id":31,"user_id":1,"is_guest":0,"slug":"ivan3vino","display_name":"Iv\u00e1n Trevi\u00f1o","avatar_url":{"url":"https:\/\/visionciudadana.com.mx\/oficial\/wp-content\/uploads\/2025\/09\/columna-ivan-Trevino.png","url2x":"https:\/\/visionciudadana.com.mx\/oficial\/wp-content\/uploads\/2025\/09\/columna-ivan-Trevino.png"},"0":null,"1":"","2":"","3":"","4":"","5":"","6":"","7":"","8":""}],"_links":{"self":[{"href":"https:\/\/visionciudadana.com.mx\/oficial\/wp-json\/wp\/v2\/posts\/17814","targetHints":{"allow":["GET"]}}],"collection":[{"href":"https:\/\/visionciudadana.com.mx\/oficial\/wp-json\/wp\/v2\/posts"}],"about":[{"href":"https:\/\/visionciudadana.com.mx\/oficial\/wp-json\/wp\/v2\/types\/post"}],"author":[{"embeddable":true,"href":"https:\/\/visionciudadana.com.mx\/oficial\/wp-json\/wp\/v2\/users\/1"}],"replies":[{"embeddable":true,"href":"https:\/\/visionciudadana.com.mx\/oficial\/wp-json\/wp\/v2\/comments?post=17814"}],"version-history":[{"count":1,"href":"https:\/\/visionciudadana.com.mx\/oficial\/wp-json\/wp\/v2\/posts\/17814\/revisions"}],"predecessor-version":[{"id":30487,"href":"https:\/\/visionciudadana.com.mx\/oficial\/wp-json\/wp\/v2\/posts\/17814\/revisions\/30487"}],"wp:featuredmedia":[{"embeddable":true,"href":"https:\/\/visionciudadana.com.mx\/oficial\/wp-json\/wp\/v2\/posts\/2082"}],"wp:attachment":[{"href":"https:\/\/visionciudadana.com.mx\/oficial\/wp-json\/wp\/v2\/media?parent=17814"}],"wp:term":[{"taxonomy":"category","embeddable":true,"href":"https:\/\/visionciudadana.com.mx\/oficial\/wp-json\/wp\/v2\/categories?post=17814"},{"taxonomy":"post_tag","embeddable":true,"href":"https:\/\/visionciudadana.com.mx\/oficial\/wp-json\/wp\/v2\/tags?post=17814"},{"taxonomy":"author","embeddable":true,"href":"https:\/\/visionciudadana.com.mx\/oficial\/wp-json\/wp\/v2\/ppma_author?post=17814"}],"curies":[{"name":"wp","href":"https:\/\/api.w.org\/{rel}","templated":true}]}}