{"id":17813,"date":"2021-10-26T01:42:36","date_gmt":"2021-10-26T01:42:36","guid":{"rendered":"https:\/\/visionciudadana.com.mx\/chio\/2021\/10\/26\/gppri-reconoce-reduccion-de-pobreza-en-sinaloa-a-traves-de-politicas-publicas-de-sedeso\/"},"modified":"2025-06-24T23:31:00","modified_gmt":"2025-06-24T23:31:00","slug":"gppri-reconoce-reduccion-de-pobreza-en-sinaloa-a-traves-de-politicas-publicas-de-sedeso","status":"publish","type":"post","link":"https:\/\/visionciudadana.com.mx\/oficial\/2021\/10\/26\/gppri-reconoce-reduccion-de-pobreza-en-sinaloa-a-traves-de-politicas-publicas-de-sedeso\/","title":{"rendered":"GPPRI reconoce reducci\u00f3n de pobreza en Sinaloa a trav\u00e9s de pol\u00edticas p\u00fablicas de SEDESO."},"content":{"rendered":"<p><img fetchpriority=\"high\" decoding=\"async\" src=\"images\/Oct21\/cinthyas.jpg\" alt=\"cinthyas\" width=\"780\" height=\"420\" style=\"display: block; margin: 20px auto;\" \/><\/p>\n<p class=\"x_MsoNormal\" style=\"text-align: justify;\"><span style=\"font-size: 14pt;\">La diputada local, Gloria Himelda F\u00e9lix Niebla, expres\u00f3 que \u201cel programa de Jornadas de Apoyo Puro Sinaloa, vino a ser de gran beneficio social, ya que permiti\u00f3 hacer llegar servicios elementales y esenciales a un amplio n\u00famero de sinaloenses a lo largo y ancho del estado\u201d,<\/span><\/p>\n<p style=\"text-align: justify;\">&nbsp;<\/p>\n<p class=\"x_MsoNormal\" style=\"text-align: justify;\"><span style=\"font-size: 14pt;\">En comparecencia del secretario de Desarrollo Social, Jorge Nazario Niebla, la legisladora, dijo que se han visto jornadas de atenci\u00f3n general, pero tambi\u00e9n a personas desplazadas, igual que a los pueblos y comunidades ind\u00edgenas, as\u00ed como las que realizaron en las&nbsp; actividades de pesca en apoyo a las familias de pescadores.<\/span><\/p>\n<p style=\"text-align: justify;\">&nbsp;<\/p>\n<p class=\"x_MsoNormal\" style=\"text-align: justify;\"><span style=\"font-size: 14pt;\">\u201cLos programas alimentarios no se vieron suspendidos, y desde luego que se adoptaron modalidades que garantizaran que los beneficios, no se interrumpieran cuando la poblaci\u00f3n m\u00e1s los necesit\u00f3\u201d, recalc\u00f3 F\u00e9lix Niebla.<\/span><\/p>\n<p style=\"text-align: justify;\">&nbsp;<\/p>\n<p class=\"x_MsoNormal\" style=\"text-align: justify;\"><span style=\"font-size: 14pt;\">La representante del Grupo Parlamentario del PRI, a\u00f1adi\u00f3 que \u201caunque actualmente no podemos cantar victoria, ni declarar que la crisis ha sido resuelta, el papel de las autoridades en materia de desarrollo social, no cayeron en situaci\u00f3n de intermitencia, no se interrumpieron, ni se disminuyeron, con lo cual existe evidencia de casos de \u00e9xito, frente a las exigencias que esta crisis impulso a las autoridades a ser m\u00e1s eficientes\u201d.<\/span><\/p>\n<p style=\"text-align: justify;\">&nbsp;<\/p>\n<p class=\"x_MsoNormal\" style=\"text-align: justify;\"><span style=\"font-size: 14pt;\">Por su parte, la diputada local, Cinthia Valenzuela, resalt\u00f3 que a pesar de la pandemia Covid-19, Sinaloa logr\u00f3 posicionarse en el cuarto lugar en cuanto a la reducci\u00f3n de pobreza, cuando el pasado mes de agosto, el Consejo Nacional de Evaluaci\u00f3n de la Pol\u00edtica de Desarrollo (CONEVAL), en su Medici\u00f3n de la Pobreza 2020, a nivel nacional marca una alza, aun cuando se prometi\u00f3 lo contrario.<\/span><\/p>\n<p style=\"text-align: justify;\">&nbsp;<\/p>\n<p class=\"x_MsoNormal\" style=\"text-align: justify;\"><span style=\"font-size: 14pt;\">A su vez, el integrante del GPPRI, Luis Javier De la Rocha Zazueta, indic\u00f3 que \u201cel fondo de aportaciones para la infraestructura, ha sido un \u00e9xito reflejado de acuerdo con los n\u00fameros que presenta el gobernador Quirino Ordaz, me queda claro que&nbsp; la gobernabilidad tambi\u00e9n recae en la gesti\u00f3n social y sobre todo con la coordinaci\u00f3n que debe de tener su secretar\u00eda con las entidades municipales, pero sobre todo distinguir en esos municipios que no son pares, que son de distintos colores o distinta ideolog\u00eda pol\u00edtica\u201d.<\/span><\/p>\n<p style=\"text-align: justify;\">&nbsp;<\/p>\n<p style=\"text-align: justify;\">&nbsp;<\/p>\n<p style=\"text-align: justify;\">&nbsp;<\/p>\n<p style=\"text-align: justify;\"><span style=\"font-size: 14pt;\">REDACCI\u00d3N\/VISI\u00d3N CIUDADANA.<\/span><\/p>\n","protected":false},"excerpt":{"rendered":"<p>La diputada local, Gloria Himelda F\u00e9lix Niebla, expres\u00f3 que \u201cel programa de Jornadas de Apoyo Puro Sinaloa, vino a ser de gran beneficio social, ya que permiti\u00f3 hacer llegar servicios elementales y esenciales a un amplio n\u00famero de sinaloenses a lo largo y ancho del estado\u201d, &nbsp; En comparecencia del secretario de Desarrollo Social, Jorge [&hellip;]<\/p>\n","protected":false},"author":1,"featured_media":2080,"comment_status":"closed","ping_status":"closed","sticky":false,"template":"","format":"standard","meta":{"footnotes":""},"categories":[24],"tags":[],"ppma_author":[31],"class_list":["post-17813","post","type-post","status-publish","format-standard","has-post-thumbnail","hentry","category-relevantes"],"aioseo_notices":[],"authors":[{"term_id":31,"user_id":1,"is_guest":0,"slug":"ivan3vino","display_name":"Iv\u00e1n Trevi\u00f1o","avatar_url":{"url":"https:\/\/visionciudadana.com.mx\/oficial\/wp-content\/uploads\/2025\/09\/columna-ivan-Trevino.png","url2x":"https:\/\/visionciudadana.com.mx\/oficial\/wp-content\/uploads\/2025\/09\/columna-ivan-Trevino.png"},"0":null,"1":"","2":"","3":"","4":"","5":"","6":"","7":"","8":""}],"_links":{"self":[{"href":"https:\/\/visionciudadana.com.mx\/oficial\/wp-json\/wp\/v2\/posts\/17813","targetHints":{"allow":["GET"]}}],"collection":[{"href":"https:\/\/visionciudadana.com.mx\/oficial\/wp-json\/wp\/v2\/posts"}],"about":[{"href":"https:\/\/visionciudadana.com.mx\/oficial\/wp-json\/wp\/v2\/types\/post"}],"author":[{"embeddable":true,"href":"https:\/\/visionciudadana.com.mx\/oficial\/wp-json\/wp\/v2\/users\/1"}],"replies":[{"embeddable":true,"href":"https:\/\/visionciudadana.com.mx\/oficial\/wp-json\/wp\/v2\/comments?post=17813"}],"version-history":[{"count":1,"href":"https:\/\/visionciudadana.com.mx\/oficial\/wp-json\/wp\/v2\/posts\/17813\/revisions"}],"predecessor-version":[{"id":30488,"href":"https:\/\/visionciudadana.com.mx\/oficial\/wp-json\/wp\/v2\/posts\/17813\/revisions\/30488"}],"wp:featuredmedia":[{"embeddable":true,"href":"https:\/\/visionciudadana.com.mx\/oficial\/wp-json\/wp\/v2\/posts\/2080"}],"wp:attachment":[{"href":"https:\/\/visionciudadana.com.mx\/oficial\/wp-json\/wp\/v2\/media?parent=17813"}],"wp:term":[{"taxonomy":"category","embeddable":true,"href":"https:\/\/visionciudadana.com.mx\/oficial\/wp-json\/wp\/v2\/categories?post=17813"},{"taxonomy":"post_tag","embeddable":true,"href":"https:\/\/visionciudadana.com.mx\/oficial\/wp-json\/wp\/v2\/tags?post=17813"},{"taxonomy":"author","embeddable":true,"href":"https:\/\/visionciudadana.com.mx\/oficial\/wp-json\/wp\/v2\/ppma_author?post=17813"}],"curies":[{"name":"wp","href":"https:\/\/api.w.org\/{rel}","templated":true}]}}