{"id":17806,"date":"2021-10-23T02:01:00","date_gmt":"2021-10-23T02:01:00","guid":{"rendered":"https:\/\/visionciudadana.com.mx\/chio\/2021\/10\/23\/reconoce-ceaip-al-implan-ahome-por-ejercicio-de-transparencia-proactiva\/"},"modified":"2025-06-24T23:31:01","modified_gmt":"2025-06-24T23:31:01","slug":"reconoce-ceaip-al-implan-ahome-por-ejercicio-de-transparencia-proactiva","status":"publish","type":"post","link":"https:\/\/visionciudadana.com.mx\/oficial\/2021\/10\/23\/reconoce-ceaip-al-implan-ahome-por-ejercicio-de-transparencia-proactiva\/","title":{"rendered":"Reconoce Ceaip al Implan Ahome por ejercicio de transparencia proactiva"},"content":{"rendered":"<p>&nbsp;<\/p>\n<p><img fetchpriority=\"high\" decoding=\"async\" src=\"images\/se2.jpeg\" alt=\"se2\" width=\"391\" height=\"292\" style=\"display: block; margin-left: auto; margin-right: auto;\" \/><\/p>\n<p>La Comisi\u00f3n Estatal para el Acceso a la Informaci\u00f3n P\u00fablica (CEAIP) reconoci\u00f3 los primeros ejercicios de transparencia proactiva, que realizan entes p\u00fablicos de Sinaloa.<\/p>\n<div>&nbsp;<\/div>\n<div>El Instituto Municipal de Planeaci\u00f3n de Ahome (Implan) recibi\u00f3 este reconocimiento, mientras que la Junta Municipal de Agua Potable y Alcantarillado de Culiac\u00e1n (Japac) y el Ayuntamiento de Navolato, obtuvieron menciones especiales.<\/div>\n<div>&nbsp;<\/div>\n<div>El Pleno de Ceaip integrado por los Comisionados Jos\u00e9 Alfredo Beltr\u00e1n Estrada, Liliana Margarita Campuzano Vega y Jos\u00e9 Luis Moreno L\u00f3pez, encabezaron el acto de manera virtual, transmitido en redes sociales.<\/div>\n<div>&nbsp;<\/div>\n<div>Beltr\u00e1n Estrada, Comisionado Presidente, explic\u00f3 que este acto es el resultado de todo un proceso de capacitaci\u00f3n y promoci\u00f3n del ejercicio de la transparencia proactiva entre los sujetos obligados del estado.&nbsp;<\/div>\n<div>&nbsp;<\/div>\n<div>Refiri\u00f3 que con esta pr\u00e1ctica, las autoridades proporcionan informaci\u00f3n a la poblaci\u00f3n que les sea de utilidad, disminuya asimetr\u00edas y vaya m\u00e1s all\u00e1 de las obligaciones de transparencia enmarcadas en la ley.<\/div>\n<div>&nbsp;<\/div>\n<div>\u201c\u00bfQu\u00e9 es la transparencia proactiva? Es ir m\u00e1s all\u00e1 de poner a disposici\u00f3n de la poblaci\u00f3n determinada informaci\u00f3n a decisi\u00f3n propia de las y los servidores p\u00fablicos, en el sentido de la proactividad, es decir, buscar que las autoridades se acerquen, se aproximen a la poblaci\u00f3n qu\u00e9 informaci\u00f3n desean conocer, necesitan tener en sus manos y que les pueda ser ben\u00e9fica\u201d, resalt\u00f3.<\/div>\n<div>&nbsp;<\/div>\n<div>El ejercicio reconocido al Implan Ahome consisti\u00f3 en la creaci\u00f3n de una plataforma digital que contiene informaci\u00f3n territorial y geogr\u00e1fica de los usos de suelo industriales, la log\u00edstica y los servicios del municipio de Ahome.&nbsp;<\/div>\n<div>&nbsp;<\/div>\n<div>Este puede visitarse en el sitio <a href=\"https:\/\/bit.ly\/3jtOgWa\">https:\/\/bit.ly\/3jtOgWa<\/a><\/div>\n<div>&nbsp;<\/div>\n<div>En representaci\u00f3n del Implan Ahome, la Jefa del Departamento de Planeaci\u00f3n, Mar\u00eda Elena \u00c1lvarez Flores, expuso que esta pr\u00e1ctica de transparencia proactiva fue el resultado de mucho esfuerzo.&nbsp;<\/div>\n<div>&nbsp;<\/div>\n<div>\u201cEs resultado de meses de trabajo y esfuerzo en recopilaci\u00f3n de datos, limpieza de mapas, verificaci\u00f3n de que la informaci\u00f3n fuera correctamente interpretada y le\u00edda hacia el p\u00fablico fuera de nuestro instituto, porque somos muy conscientes de que un trabajo t\u00e9cnico es muy entendible por los t\u00e9cnicos, por los arquitectos, los licenciados, pero presentarlos al p\u00fablico y hacerlos accesibles para la participaci\u00f3n ciudadana son dos cosas muy diferentes\u201d, subray\u00f3.<\/div>\n<div>&nbsp;<\/div>\n<div>A\u00f1adi\u00f3 que este portal es \u00fatil para la promoci\u00f3n de m\u00e1s de 15 mil hect\u00e1reas del municipio de Ahome, la cual contiene 10 mapas interactivos, con datos municipales de poblaci\u00f3n, uso de suelo, \u00e1reas naturales, servicios, entre otros.<\/div>\n<div>&nbsp;<\/div>\n<div>Para recibir las menciones especiales por parte de Japac asisti\u00f3 la titular de la Unidad de Transparencia, Elna Rosa Sillas Zambrano, y por el H. Ayuntamiento de Navolato, la Coordinadora de Transparencia y Acceso a la Informaci\u00f3n P\u00fablica del Ayuntamiento de Navolato, Ana Laura Beltr\u00e1n Villalobos.<\/div>\n<div>&nbsp;<\/div>\n<div>Las pr\u00e1cticas de transparencia proactiva de estos dos sujetos obligados consistieron, por el lado de Japac, en la publicaci\u00f3n de informaci\u00f3n sobre los servicios que ofrecen a la poblaci\u00f3n en su portal web, y en el caso del Ayuntamiento de Navolato, sobre un micrositio lanzado con datos estad\u00edsticos relacionados con el Covid-19 y los gastos hechos por el municipio para atender la pandemia.<\/div>\n","protected":false},"excerpt":{"rendered":"<p>&nbsp; La Comisi\u00f3n Estatal para el Acceso a la Informaci\u00f3n P\u00fablica (CEAIP) reconoci\u00f3 los primeros ejercicios de transparencia proactiva, que realizan entes p\u00fablicos de Sinaloa. &nbsp; El Instituto Municipal de Planeaci\u00f3n de Ahome (Implan) recibi\u00f3 este reconocimiento, mientras que la Junta Municipal de Agua Potable y Alcantarillado de Culiac\u00e1n (Japac) y el Ayuntamiento de Navolato, [&hellip;]<\/p>\n","protected":false},"author":1,"featured_media":2071,"comment_status":"closed","ping_status":"closed","sticky":false,"template":"","format":"standard","meta":{"footnotes":""},"categories":[24],"tags":[],"ppma_author":[31],"class_list":["post-17806","post","type-post","status-publish","format-standard","has-post-thumbnail","hentry","category-relevantes"],"aioseo_notices":[],"authors":[{"term_id":31,"user_id":1,"is_guest":0,"slug":"ivan3vino","display_name":"Iv\u00e1n Trevi\u00f1o","avatar_url":{"url":"https:\/\/visionciudadana.com.mx\/oficial\/wp-content\/uploads\/2025\/09\/columna-ivan-Trevino.png","url2x":"https:\/\/visionciudadana.com.mx\/oficial\/wp-content\/uploads\/2025\/09\/columna-ivan-Trevino.png"},"0":null,"1":"","2":"","3":"","4":"","5":"","6":"","7":"","8":""}],"_links":{"self":[{"href":"https:\/\/visionciudadana.com.mx\/oficial\/wp-json\/wp\/v2\/posts\/17806","targetHints":{"allow":["GET"]}}],"collection":[{"href":"https:\/\/visionciudadana.com.mx\/oficial\/wp-json\/wp\/v2\/posts"}],"about":[{"href":"https:\/\/visionciudadana.com.mx\/oficial\/wp-json\/wp\/v2\/types\/post"}],"author":[{"embeddable":true,"href":"https:\/\/visionciudadana.com.mx\/oficial\/wp-json\/wp\/v2\/users\/1"}],"replies":[{"embeddable":true,"href":"https:\/\/visionciudadana.com.mx\/oficial\/wp-json\/wp\/v2\/comments?post=17806"}],"version-history":[{"count":1,"href":"https:\/\/visionciudadana.com.mx\/oficial\/wp-json\/wp\/v2\/posts\/17806\/revisions"}],"predecessor-version":[{"id":30490,"href":"https:\/\/visionciudadana.com.mx\/oficial\/wp-json\/wp\/v2\/posts\/17806\/revisions\/30490"}],"wp:featuredmedia":[{"embeddable":true,"href":"https:\/\/visionciudadana.com.mx\/oficial\/wp-json\/wp\/v2\/media\/2071"}],"wp:attachment":[{"href":"https:\/\/visionciudadana.com.mx\/oficial\/wp-json\/wp\/v2\/media?parent=17806"}],"wp:term":[{"taxonomy":"category","embeddable":true,"href":"https:\/\/visionciudadana.com.mx\/oficial\/wp-json\/wp\/v2\/categories?post=17806"},{"taxonomy":"post_tag","embeddable":true,"href":"https:\/\/visionciudadana.com.mx\/oficial\/wp-json\/wp\/v2\/tags?post=17806"},{"taxonomy":"author","embeddable":true,"href":"https:\/\/visionciudadana.com.mx\/oficial\/wp-json\/wp\/v2\/ppma_author?post=17806"}],"curies":[{"name":"wp","href":"https:\/\/api.w.org\/{rel}","templated":true}]}}