{"id":17801,"date":"2021-10-22T04:32:06","date_gmt":"2021-10-22T04:32:06","guid":{"rendered":"https:\/\/visionciudadana.com.mx\/chio\/2021\/10\/22\/entrega-alcalde-el-tercer-informa-anual-de-labores-al-cabildo-de-culiacan\/"},"modified":"2025-06-24T23:31:01","modified_gmt":"2025-06-24T23:31:01","slug":"entrega-alcalde-el-tercer-informa-anual-de-labores-al-cabildo-de-culiacan","status":"publish","type":"post","link":"https:\/\/visionciudadana.com.mx\/oficial\/2021\/10\/22\/entrega-alcalde-el-tercer-informa-anual-de-labores-al-cabildo-de-culiacan\/","title":{"rendered":"Entrega Alcalde el Tercer Informa Anual de Labores al Cabildo de Culiac\u00e1n"},"content":{"rendered":"<div style=\"text-align: justify;\"><img fetchpriority=\"high\" decoding=\"async\" src=\"images\/Oct21\/entrega_alcal.PNG\" alt=\"entrega alcal\" width=\"532\" height=\"311\" style=\"display: block; margin: 20px auto;\" \/><\/div>\n<div style=\"text-align: justify;\"><span style=\"font-size: 14pt;\">En Sesi\u00f3n Ordinaria de Cabildo, el alcalde Lic. Jes\u00fas Estrada Ferreiro hizo entrega por escrito del documento oficial correspondiente al Tercer Informe Anual del estado que guarda la administraci\u00f3n p\u00fablica de Culiac\u00e1n.<\/span><\/div>\n<div style=\"text-align: justify;\">&nbsp;<\/div>\n<div style=\"text-align: justify;\">&nbsp;<\/div>\n<div style=\"text-align: justify;\"><span style=\"font-size: 14pt;\">Tras ello, regidores de las diferentes expresiones pol\u00edticas que integran el pleno del ayuntamiento, hicieron uso de la voz para manifestar sus opiniones con relaci\u00f3n al an\u00e1lisis obtenido de dicho documento.<\/span><\/div>\n<div style=\"text-align: justify;\">&nbsp;<\/div>\n<div style=\"text-align: justify;\">&nbsp;<\/div>\n<div style=\"text-align: justify;\"><span style=\"font-size: 14pt;\">Durante su participaci\u00f3n, el regidor Sandino L\u00f3pez del Partido Sinaloense y la regidora Mar\u00eda Elisa Palazuelos del Partido Revolucionario Institucional, coincidieron al destacar la importante labor que el Gobierno de Culiac\u00e1n emprendi\u00f3 para combatir el actual escenario derivado de la contingencia sanitaria.<\/span><\/div>\n<div style=\"text-align: justify;\">&nbsp;<\/div>\n<div style=\"text-align: justify;\">&nbsp;<\/div>\n<div style=\"text-align: justify;\"><span style=\"font-size: 14pt;\">Por su parte, el regidor Miguel \u00c1ngel Gonz\u00e1lez del partido Movimiento Regeneraci\u00f3n Nacional, hizo menci\u00f3n de los reconocimientos que el Gobierno de Culiac\u00e1n recibi\u00f3 por instancias de nivel nacional por el proyecto de sustituci\u00f3n de luminarias LED para el eficiente servicio de alumbrado p\u00fablico.<\/span><\/div>\n<div>&nbsp;<\/div>\n<div>&nbsp;<\/div>\n<div style=\"text-align: justify;\"><span style=\"font-size: 14pt;\">Resalt\u00f3 el positivo programa de vivienda que logr\u00f3 brindar un hogar digno y seguro a familias de escasos recursos que habitan en zonas de alta marginaci\u00f3n, todo ello siendo posible gracias a una administraci\u00f3n sana y responsable de las finanzas municipales.<\/span><\/div>\n<div style=\"text-align: justify;\">&nbsp;<\/div>\n<div style=\"text-align: justify;\">&nbsp;<\/div>\n<div style=\"text-align: justify;\"><span style=\"font-size: 14pt;\">En continuaci\u00f3n con el orden del d\u00eda, el cuerpo colegiado aprob\u00f3 por unanimidad de los presentes que las sesiones de cabildo sean de car\u00e1cter presencial a partir de la segunda sesi\u00f3n ordinaria del mes de octubre del a\u00f1o en curso.<\/span><\/div>\n<div style=\"text-align: justify;\">&nbsp;<\/div>\n<div style=\"text-align: justify;\">&nbsp;<\/div>\n<div style=\"text-align: justify;\"><span style=\"font-size: 14pt;\">Asimismo, se declar\u00f3 como recinto oficial el Teatro Griego del Parque Culiac\u00e1n para celebrar la Sesi\u00f3n Solemne de Cabildo correspondiente al Acto de Toma de Posesi\u00f3n de los integrantes del Ayuntamiento de Culiac\u00e1n 2021-2024 el d\u00eda domingo 31 de octubre de 2021 a las 19:30 horas, y en caso de que las condiciones climatol\u00f3gicas no lo permitan, se habilite el Museo Interactivo sobre las Adicciones (MIA).<\/span><\/div>\n<div style=\"text-align: justify;\">&nbsp;<\/div>\n<div style=\"text-align: justify;\">&nbsp;<\/div>\n<div style=\"text-align: justify;\">&nbsp;<\/div>\n<div style=\"text-align: justify;\">&nbsp;<\/div>\n<div style=\"text-align: justify;\"><span style=\"font-size: 14pt;\">REDACCI\u00d3N\/VISI\u00d3N CIUDADANA.<\/span><\/div>\n","protected":false},"excerpt":{"rendered":"<p>En Sesi\u00f3n Ordinaria de Cabildo, el alcalde Lic. Jes\u00fas Estrada Ferreiro hizo entrega por escrito del documento oficial correspondiente al Tercer Informe Anual del estado que guarda la administraci\u00f3n p\u00fablica de Culiac\u00e1n. &nbsp; &nbsp; Tras ello, regidores de las diferentes expresiones pol\u00edticas que integran el pleno del ayuntamiento, hicieron uso de la voz para manifestar [&hellip;]<\/p>\n","protected":false},"author":1,"featured_media":2062,"comment_status":"closed","ping_status":"closed","sticky":false,"template":"","format":"standard","meta":{"footnotes":""},"categories":[13],"tags":[],"ppma_author":[31],"class_list":["post-17801","post","type-post","status-publish","format-standard","has-post-thumbnail","hentry","category-locales"],"aioseo_notices":[],"authors":[{"term_id":31,"user_id":1,"is_guest":0,"slug":"ivan3vino","display_name":"Iv\u00e1n Trevi\u00f1o","avatar_url":{"url":"https:\/\/visionciudadana.com.mx\/oficial\/wp-content\/uploads\/2025\/09\/columna-ivan-Trevino.png","url2x":"https:\/\/visionciudadana.com.mx\/oficial\/wp-content\/uploads\/2025\/09\/columna-ivan-Trevino.png"},"0":null,"1":"","2":"","3":"","4":"","5":"","6":"","7":"","8":""}],"_links":{"self":[{"href":"https:\/\/visionciudadana.com.mx\/oficial\/wp-json\/wp\/v2\/posts\/17801","targetHints":{"allow":["GET"]}}],"collection":[{"href":"https:\/\/visionciudadana.com.mx\/oficial\/wp-json\/wp\/v2\/posts"}],"about":[{"href":"https:\/\/visionciudadana.com.mx\/oficial\/wp-json\/wp\/v2\/types\/post"}],"author":[{"embeddable":true,"href":"https:\/\/visionciudadana.com.mx\/oficial\/wp-json\/wp\/v2\/users\/1"}],"replies":[{"embeddable":true,"href":"https:\/\/visionciudadana.com.mx\/oficial\/wp-json\/wp\/v2\/comments?post=17801"}],"version-history":[{"count":1,"href":"https:\/\/visionciudadana.com.mx\/oficial\/wp-json\/wp\/v2\/posts\/17801\/revisions"}],"predecessor-version":[{"id":30494,"href":"https:\/\/visionciudadana.com.mx\/oficial\/wp-json\/wp\/v2\/posts\/17801\/revisions\/30494"}],"wp:featuredmedia":[{"embeddable":true,"href":"https:\/\/visionciudadana.com.mx\/oficial\/wp-json\/wp\/v2\/media\/2062"}],"wp:attachment":[{"href":"https:\/\/visionciudadana.com.mx\/oficial\/wp-json\/wp\/v2\/media?parent=17801"}],"wp:term":[{"taxonomy":"category","embeddable":true,"href":"https:\/\/visionciudadana.com.mx\/oficial\/wp-json\/wp\/v2\/categories?post=17801"},{"taxonomy":"post_tag","embeddable":true,"href":"https:\/\/visionciudadana.com.mx\/oficial\/wp-json\/wp\/v2\/tags?post=17801"},{"taxonomy":"author","embeddable":true,"href":"https:\/\/visionciudadana.com.mx\/oficial\/wp-json\/wp\/v2\/ppma_author?post=17801"}],"curies":[{"name":"wp","href":"https:\/\/api.w.org\/{rel}","templated":true}]}}