{"id":17800,"date":"2021-10-22T04:21:39","date_gmt":"2021-10-22T04:21:39","guid":{"rendered":"https:\/\/visionciudadana.com.mx\/chio\/2021\/10\/22\/invitan-a-participar-en-el-dia-de-japon-en-sinaloa\/"},"modified":"2025-06-24T23:31:01","modified_gmt":"2025-06-24T23:31:01","slug":"invitan-a-participar-en-el-dia-de-japon-en-sinaloa","status":"publish","type":"post","link":"https:\/\/visionciudadana.com.mx\/oficial\/2021\/10\/22\/invitan-a-participar-en-el-dia-de-japon-en-sinaloa\/","title":{"rendered":"Invitan a participar en el \u201cD\u00eda de Jap\u00f3n en Sinaloa\u201d  \u00a0"},"content":{"rendered":"<div style=\"text-align: justify;\"><img fetchpriority=\"high\" decoding=\"async\" src=\"images\/Oct21\/jap\u00f3n-en-sinaloa.jpg\" alt=\"jap\u00f3n en sinaloa\" width=\"780\" height=\"420\" style=\"display: block; margin: 20px auto;\" \/><\/div>\n<div style=\"text-align: justify;\"><span style=\"font-size: 14pt;\">Con motivo del 25 Aniversario del Acuerdo de Hermanamiento entre el estado de Sinaloa y la Prefectura de Wakayama, la Asociaci\u00f3n Mexicana de Exbecarios del Jap\u00f3n (AMEJ), en colaboraci\u00f3n con la Comunidad Nikkei de Sinaloa y el Gobierno del Estado, celebrar\u00e1n el pr\u00f3ximo viernes 29 de octubre el \u201cD\u00eda de Jap\u00f3n en Sinaloa\u201d, un festival en l\u00ednea de car\u00e1cter cultural, musical y deportivo donde se revisar\u00e1n temas hist\u00f3ricos y econ\u00f3micos de la relaci\u00f3n entre M\u00e9xico y Jap\u00f3n.<\/span><\/div>\n<div style=\"text-align: justify;\">&nbsp;<\/div>\n<div style=\"text-align: justify;\"><span style=\"font-size: 14pt;\"><\/span><\/div>\n<div style=\"text-align: justify;\"><span style=\"font-size: 14pt;\">Participar\u00e1n en la ceremonia inaugural el Excmo. Embajador del Jap\u00f3n en M\u00e9xico, Sr. Yasushi Takase; la Excma. Embajadora de M\u00e9xico en Jap\u00f3n, Sra. Melba Pr\u00eda; y el Gobernador del Estado de Sinaloa, Quirino Ordaz Coppel, entre otros.&nbsp;<\/span><\/div>\n<div style=\"text-align: justify;\">&nbsp;<\/div>\n<div style=\"text-align: justify;\"><span style=\"font-size: 14pt;\"><\/span><\/div>\n<div style=\"text-align: justify;\"><span style=\"font-size: 14pt;\">Adem\u00e1s, durante el transcurso del d\u00eda se contar\u00e1 con la participaci\u00f3n de diversos deportistas, artistas, personalidades en la relaci\u00f3n bilateral y representantes de organizaciones y de empresas japonesas en nuestro pa\u00eds y nuestro Estado.<\/span><\/div>\n<div style=\"text-align: justify;\">&nbsp;<\/div>\n<div style=\"text-align: justify;\"><span style=\"font-size: 14pt;\"><\/span><\/div>\n<div style=\"text-align: justify;\"><span style=\"font-size: 14pt;\">Este evento se llevar\u00e1 a cabo el viernes 29 de octubre de 2021, en un horario de las 8:00 a las 21:30 horas a trav\u00e9s de las siguientes plataformas:<\/span><\/div>\n<div style=\"text-align: justify;\"><span style=\"font-size: 14pt;\">Plataforma de transmisi\u00f3n: ZOOM Webinar y Facebook LIVE<\/span><\/div>\n<div style=\"text-align: justify;\">&nbsp;<\/div>\n<div style=\"text-align: justify;\"><span style=\"font-size: 14pt;\"><\/span><\/div>\n<div style=\"text-align: justify;\"><span style=\"font-size: 14pt;\">Registro directo para las sesiones en Zoom: <a href=\"https:\/\/tinyurl.com\/DiaJPSin2021\">https:\/\/tinyurl.com\/DiaJPSin2021<\/a><\/span><\/div>\n<div style=\"text-align: justify;\"><span style=\"font-size: 14pt;\">\u2022 Entre al programa, y seleccione del lado derecho \u201cregistro\u201d para inscribirse a las sesiones de su inter\u00e9s.<\/span><\/div>\n<div style=\"text-align: justify;\">&nbsp;<\/div>\n<div style=\"text-align: justify;\">&nbsp;<\/div>\n<div style=\"text-align: justify;\">&nbsp;<\/div>\n<div style=\"text-align: justify;\"><span style=\"font-size: 14pt;\">REDACCI\u00d3N\/VISI\u00d3N CIUDADANA.<\/span><\/div>\n","protected":false},"excerpt":{"rendered":"<p>Con motivo del 25 Aniversario del Acuerdo de Hermanamiento entre el estado de Sinaloa y la Prefectura de Wakayama, la Asociaci\u00f3n Mexicana de Exbecarios del Jap\u00f3n (AMEJ), en colaboraci\u00f3n con la Comunidad Nikkei de Sinaloa y el Gobierno del Estado, celebrar\u00e1n el pr\u00f3ximo viernes 29 de octubre el \u201cD\u00eda de Jap\u00f3n en Sinaloa\u201d, un festival [&hellip;]<\/p>\n","protected":false},"author":1,"featured_media":2060,"comment_status":"closed","ping_status":"closed","sticky":false,"template":"","format":"standard","meta":{"footnotes":""},"categories":[13],"tags":[],"ppma_author":[31],"class_list":["post-17800","post","type-post","status-publish","format-standard","has-post-thumbnail","hentry","category-locales"],"aioseo_notices":[],"authors":[{"term_id":31,"user_id":1,"is_guest":0,"slug":"ivan3vino","display_name":"Iv\u00e1n Trevi\u00f1o","avatar_url":{"url":"https:\/\/visionciudadana.com.mx\/oficial\/wp-content\/uploads\/2025\/09\/columna-ivan-Trevino.png","url2x":"https:\/\/visionciudadana.com.mx\/oficial\/wp-content\/uploads\/2025\/09\/columna-ivan-Trevino.png"},"0":null,"1":"","2":"","3":"","4":"","5":"","6":"","7":"","8":""}],"_links":{"self":[{"href":"https:\/\/visionciudadana.com.mx\/oficial\/wp-json\/wp\/v2\/posts\/17800","targetHints":{"allow":["GET"]}}],"collection":[{"href":"https:\/\/visionciudadana.com.mx\/oficial\/wp-json\/wp\/v2\/posts"}],"about":[{"href":"https:\/\/visionciudadana.com.mx\/oficial\/wp-json\/wp\/v2\/types\/post"}],"author":[{"embeddable":true,"href":"https:\/\/visionciudadana.com.mx\/oficial\/wp-json\/wp\/v2\/users\/1"}],"replies":[{"embeddable":true,"href":"https:\/\/visionciudadana.com.mx\/oficial\/wp-json\/wp\/v2\/comments?post=17800"}],"version-history":[{"count":1,"href":"https:\/\/visionciudadana.com.mx\/oficial\/wp-json\/wp\/v2\/posts\/17800\/revisions"}],"predecessor-version":[{"id":30495,"href":"https:\/\/visionciudadana.com.mx\/oficial\/wp-json\/wp\/v2\/posts\/17800\/revisions\/30495"}],"wp:featuredmedia":[{"embeddable":true,"href":"https:\/\/visionciudadana.com.mx\/oficial\/wp-json\/wp\/v2\/media\/2060"}],"wp:attachment":[{"href":"https:\/\/visionciudadana.com.mx\/oficial\/wp-json\/wp\/v2\/media?parent=17800"}],"wp:term":[{"taxonomy":"category","embeddable":true,"href":"https:\/\/visionciudadana.com.mx\/oficial\/wp-json\/wp\/v2\/categories?post=17800"},{"taxonomy":"post_tag","embeddable":true,"href":"https:\/\/visionciudadana.com.mx\/oficial\/wp-json\/wp\/v2\/tags?post=17800"},{"taxonomy":"author","embeddable":true,"href":"https:\/\/visionciudadana.com.mx\/oficial\/wp-json\/wp\/v2\/ppma_author?post=17800"}],"curies":[{"name":"wp","href":"https:\/\/api.w.org\/{rel}","templated":true}]}}