{"id":17798,"date":"2021-10-22T03:57:08","date_gmt":"2021-10-22T03:57:08","guid":{"rendered":"https:\/\/visionciudadana.com.mx\/chio\/2021\/10\/22\/lanza-pan-sinaloa-convocatoria-para-relevo-de-dirigencia-estatal\/"},"modified":"2025-06-24T23:31:02","modified_gmt":"2025-06-24T23:31:02","slug":"lanza-pan-sinaloa-convocatoria-para-relevo-de-dirigencia-estatal","status":"publish","type":"post","link":"https:\/\/visionciudadana.com.mx\/oficial\/2021\/10\/22\/lanza-pan-sinaloa-convocatoria-para-relevo-de-dirigencia-estatal\/","title":{"rendered":"Lanza PAN Sinaloa convocatoria para relevo de dirigencia estatal"},"content":{"rendered":"<p style=\"text-align: justify;\"><img fetchpriority=\"high\" decoding=\"async\" src=\"images\/Oct21\/convo-pan.jpg\" alt=\"convo pan\" width=\"780\" height=\"420\" style=\"display: block; margin: 20px auto;\" \/><\/p>\n<div style=\"text-align: justify;\"><span style=\"font-size: 14pt;\">Catalina Frank Aguilar, presidenta de la Comisi\u00f3n Estatal Organizadora de la elecci\u00f3n (CEO), indic\u00f3 en conferencia de prensa que, a partir del d\u00eda de hoy, 21 de octubre, se puede recibir el oficio de intenci\u00f3n de las mujeres panistas que aspiren a la dirigencia estatal, para solicitar el formato donde recabar\u00e1n las firmas que se requieren para que se valide su registro, de las cuales deber\u00e1n de cubrir de 10 % a un 12% de integrantes del listado nominal estatal.<\/span><\/div>\n<div style=\"text-align: justify;\">&nbsp;<\/div>\n<div style=\"text-align: justify;\"><span style=\"font-size: 14pt;\"><\/span><\/div>\n<div style=\"text-align: justify;\"><span style=\"font-size: 14pt;\">\u201cQueremos una mujer de convicci\u00f3n probada, honesta, que tenga valor y valores para poder en un momento dado criticar al gobierno\u2026 est\u00e1 en manos de la militancia, ellos son los que van a decidir y que de manera objetiva y sin apasionamientos de ning\u00fan tipo, elija a la que el PAN en estos momentos requiere\u201d, dijo Catalina.<\/span><\/div>\n<div style=\"text-align: justify;\"><span style=\"font-size: 14pt;\"><\/span><\/div>\n<div style=\"text-align: justify;\">&nbsp;<\/div>\n<div style=\"text-align: justify;\"><span style=\"font-size: 14pt;\">Por su parte, el presidente Juan Carlos Estrada Vega, enfatiz\u00f3 que Acci\u00f3n Nacional es el \u00fanico partido que elige a sus dirigentes de manera democr\u00e1tica, mediante el voto secreto y directo de los panistas y resalt\u00f3 que es una de las cualidades que marca la diferencia frente a los otros partidos, donde se designa a sus l\u00edderes.<\/span><\/div>\n<div style=\"text-align: justify;\">&nbsp;<\/div>\n<div style=\"text-align: justify;\"><span style=\"font-size: 14pt;\"><\/span><\/div>\n<div style=\"text-align: justify;\"><span style=\"font-size: 14pt;\">\u201cAcci\u00f3n Nacional es el \u00fanico partido democr\u00e1tico que a\u00fan en estos momentos, donde los diversos partidos tienen una manera muy directa de elegir a sus dirigentes, en Acci\u00f3n Nacional los elegimos los militantes, con una consulta abierta donde cada uno con libertad, acude al centro de votaci\u00f3n y vota\u2026 eso nos hace diferentes de los dem\u00e1s partidos y eso es parte de lo que hace que poco a poco vayamos recobrando la confianza de la sociedad\u201d.<\/span><\/div>\n<div style=\"text-align: justify;\">&nbsp;<\/div>\n<div style=\"text-align: justify;\"><span style=\"font-size: 14pt;\"><\/span><\/div>\n<div style=\"text-align: justify;\"><span style=\"font-size: 14pt;\">Frank Aguilar precis\u00f3 que el 9 de noviembre ser\u00e1 el \u00faltimo d\u00eda que tendr\u00e1n las planillas para presentar todos los requisitos. Posteriormente, la comisi\u00f3n ser\u00e1 quien se encargue de validar la documentaci\u00f3n presentada por las aspirantes a m\u00e1s tardar el 18 de noviembre.<\/span><\/div>\n<div style=\"text-align: justify;\">&nbsp;<\/div>\n<div style=\"text-align: justify;\"><span style=\"font-size: 14pt;\"><\/span><\/div>\n<div style=\"text-align: justify;\"><span style=\"font-size: 14pt;\">Las candidatas podr\u00e1n hacer campa\u00f1a interna a partir del 19 de noviembre, hasta el 18 de diciembre.&nbsp;<\/span><\/div>\n<div style=\"text-align: justify;\">&nbsp;<\/div>\n<div style=\"text-align: justify;\"><span style=\"font-size: 14pt;\"><\/span><\/div>\n<div style=\"text-align: justify;\"><span style=\"font-size: 14pt;\">La elecci\u00f3n se llevar\u00e1 a cabo el domingo 19 de diciembre. Se colocar\u00e1n urnas en todo el estado y ser\u00e1n los panistas quienes por voto directo y secreto elijan a la nueva dirigente estatal del PAN en Sinaloa.<\/span><\/div>\n<div style=\"text-align: justify;\">&nbsp;<\/div>\n<div style=\"text-align: justify;\"><span style=\"font-size: 14pt;\"><\/span><\/div>\n<div style=\"text-align: justify;\"><span style=\"font-size: 14pt;\">Los integrantes de la Comisi\u00f3n Estatal Organizadora son:<\/span><\/div>\n<div style=\"text-align: justify;\"><span style=\"font-size: 14pt;\">Celia Catalina Frank Aguilar, Presidenta<\/span><\/div>\n<div style=\"text-align: justify;\"><span style=\"font-size: 14pt;\">Manuel Antonio Pineda Dom\u00ednguez, Integrante<\/span><\/div>\n<div style=\"text-align: justify;\"><span style=\"font-size: 14pt;\">Olga Lidia Castell\u00f3n Delgado, Integrante<\/span><\/div>\n<div style=\"text-align: justify;\"><span style=\"font-size: 14pt;\">Jorge Antonio Gonz\u00e1lez Flores, Integrante<\/span><\/div>\n<div style=\"text-align: justify;\"><span style=\"font-size: 14pt;\">Elvia Rosa Valenzuela Plata, Integrante<\/span><\/div>\n<div style=\"text-align: justify;\">&nbsp;<\/div>\n<div style=\"text-align: justify;\">&nbsp;<\/div>\n<div style=\"text-align: justify;\">&nbsp;<\/div>\n<div style=\"text-align: justify;\">&nbsp;<\/div>\n<div style=\"text-align: justify;\"><span style=\"font-size: 14pt;\">REDACCI\u00d3N\/VISI\u00d3N CIUDADANA.<\/span><\/div>\n","protected":false},"excerpt":{"rendered":"<p>Catalina Frank Aguilar, presidenta de la Comisi\u00f3n Estatal Organizadora de la elecci\u00f3n (CEO), indic\u00f3 en conferencia de prensa que, a partir del d\u00eda de hoy, 21 de octubre, se puede recibir el oficio de intenci\u00f3n de las mujeres panistas que aspiren a la dirigencia estatal, para solicitar el formato donde recabar\u00e1n las firmas que se [&hellip;]<\/p>\n","protected":false},"author":1,"featured_media":2056,"comment_status":"closed","ping_status":"closed","sticky":false,"template":"","format":"standard","meta":{"footnotes":""},"categories":[13],"tags":[],"ppma_author":[31],"class_list":["post-17798","post","type-post","status-publish","format-standard","has-post-thumbnail","hentry","category-locales"],"aioseo_notices":[],"authors":[{"term_id":31,"user_id":1,"is_guest":0,"slug":"ivan3vino","display_name":"Iv\u00e1n Trevi\u00f1o","avatar_url":{"url":"https:\/\/visionciudadana.com.mx\/oficial\/wp-content\/uploads\/2025\/09\/columna-ivan-Trevino.png","url2x":"https:\/\/visionciudadana.com.mx\/oficial\/wp-content\/uploads\/2025\/09\/columna-ivan-Trevino.png"},"0":null,"1":"","2":"","3":"","4":"","5":"","6":"","7":"","8":""}],"_links":{"self":[{"href":"https:\/\/visionciudadana.com.mx\/oficial\/wp-json\/wp\/v2\/posts\/17798","targetHints":{"allow":["GET"]}}],"collection":[{"href":"https:\/\/visionciudadana.com.mx\/oficial\/wp-json\/wp\/v2\/posts"}],"about":[{"href":"https:\/\/visionciudadana.com.mx\/oficial\/wp-json\/wp\/v2\/types\/post"}],"author":[{"embeddable":true,"href":"https:\/\/visionciudadana.com.mx\/oficial\/wp-json\/wp\/v2\/users\/1"}],"replies":[{"embeddable":true,"href":"https:\/\/visionciudadana.com.mx\/oficial\/wp-json\/wp\/v2\/comments?post=17798"}],"version-history":[{"count":1,"href":"https:\/\/visionciudadana.com.mx\/oficial\/wp-json\/wp\/v2\/posts\/17798\/revisions"}],"predecessor-version":[{"id":30497,"href":"https:\/\/visionciudadana.com.mx\/oficial\/wp-json\/wp\/v2\/posts\/17798\/revisions\/30497"}],"wp:featuredmedia":[{"embeddable":true,"href":"https:\/\/visionciudadana.com.mx\/oficial\/wp-json\/wp\/v2\/posts\/2056"}],"wp:attachment":[{"href":"https:\/\/visionciudadana.com.mx\/oficial\/wp-json\/wp\/v2\/media?parent=17798"}],"wp:term":[{"taxonomy":"category","embeddable":true,"href":"https:\/\/visionciudadana.com.mx\/oficial\/wp-json\/wp\/v2\/categories?post=17798"},{"taxonomy":"post_tag","embeddable":true,"href":"https:\/\/visionciudadana.com.mx\/oficial\/wp-json\/wp\/v2\/tags?post=17798"},{"taxonomy":"author","embeddable":true,"href":"https:\/\/visionciudadana.com.mx\/oficial\/wp-json\/wp\/v2\/ppma_author?post=17798"}],"curies":[{"name":"wp","href":"https:\/\/api.w.org\/{rel}","templated":true}]}}