{"id":17797,"date":"2021-10-22T03:51:10","date_gmt":"2021-10-22T03:51:10","guid":{"rendered":"https:\/\/visionciudadana.com.mx\/chio\/2021\/10\/22\/trabajare-para-mejorar-las-condiciones-de-vida-de-los-ahomenses-monica-torres-de-vargas\/"},"modified":"2025-06-24T23:31:02","modified_gmt":"2025-06-24T23:31:02","slug":"trabajare-para-mejorar-las-condiciones-de-vida-de-los-ahomenses-monica-torres-de-vargas","status":"publish","type":"post","link":"https:\/\/visionciudadana.com.mx\/oficial\/2021\/10\/22\/trabajare-para-mejorar-las-condiciones-de-vida-de-los-ahomenses-monica-torres-de-vargas\/","title":{"rendered":"Trabajar\u00e9 para mejorar las condiciones de vida de los ahomenses: M\u00f3nica Torres de Vargas"},"content":{"rendered":"<p><img fetchpriority=\"high\" decoding=\"async\" src=\"images\/Oct21\/trabajar\u00e9.jpg\" alt=\"trabajar\u00e9\" width=\"780\" height=\"420\" style=\"display: block; margin-left: auto; margin-right: auto;\" \/><\/p>\n<p style=\"text-align: justify;\"><span style=\"font-size: 14pt;\">M\u00f3nica Torres de Vargas, pr\u00f3xima presidenta de DIF-Ahome, visit\u00f3 hoy las instalaciones de la Unidad b\u00e1sica de rehabilitaci\u00f3n \u201cLos Laureles\u201d, con el objetivo de verificar las condiciones en que est\u00e1 operando actualmente dicho centro.<\/span><\/p>\n<p style=\"text-align: justify;\">&nbsp;<\/p>\n<p style=\"text-align: justify;\"><span style=\"font-size: 14pt;\">Durante esa visita, M\u00f3nica Torres de Vargas, estuvo acompa\u00f1ada de su esposo el alcalde electo de Ahome, Gerardo Vargas Landeros, por su hija M\u00f3nica Vargas Torres, y de una comitiva que formar\u00e1 parte del Sistema DIF Ahome, a partir del 1 de noviembre.<\/span><\/p>\n<p style=\"text-align: justify;\">&nbsp;<\/p>\n<p style=\"text-align: justify;\"><span style=\"font-size: 14pt;\">A su arribo, la pr\u00f3xima presidenta de DIF-Ahome fue recibida por la actual Directora del DIF Ahome, Hilda Rodrigo Ochoa, quien le hizo una exposici\u00f3n audiovisual sobre las condiciones y funcionamiento de dicha unidad.<\/span><\/p>\n<p style=\"text-align: justify;\">&nbsp;<\/p>\n<p style=\"text-align: justify;\"><span style=\"font-size: 14pt;\">En su mensaje, M\u00f3nica Torres de Vargas reiter\u00f3 que trabajar\u00e1 arduamente para mejorar las condiciones de vida de las familias de este municipio, \u201cYo creo que si todos ponemos un poquito de nuestra parte, nosotros trabajando y ellos ayud\u00e1ndonos, vamos a lograr que las cosas sean mucho m\u00e1s f\u00e1ciles y con mejores resultados\u201d.<\/span><\/p>\n<p style=\"text-align: justify;\">&nbsp;<\/p>\n<p style=\"text-align: justify;\"><span style=\"font-size: 14pt;\">A\u00f1adi\u00f3 que sin duda, todas las instalaciones y lugares p\u00fablicos, tiene \u00e1reas de oportunidad donde se pueden mejorar las cosas.<\/span><\/p>\n<p style=\"text-align: justify;\">&nbsp;<\/p>\n<p style=\"text-align: justify;\"><span style=\"font-size: 14pt;\">Asimismo, M\u00f3nica Torres de Vargas manifest\u00f3 su benepl\u00e1cito por conocer un lugar tan visitado e importante que brinda apoyo a los ahomenses como lo es dicha unidad.<\/span><\/p>\n<p style=\"text-align: justify;\">&nbsp;<\/p>\n<p style=\"text-align: justify;\"><span style=\"font-size: 14pt;\">Adem\u00e1s de conocer el funcionamiento de la UBR, la pr\u00f3xima presidenta de DIF-AHOME, realiz\u00f3 un recorrido por las amplias instalaciones de esa unidad; la alberca, Consultorio dental y de Asesor\u00eda Psicol\u00f3gica, entre otros departamentos.<\/span><\/p>\n<p style=\"text-align: justify;\">&nbsp;<\/p>\n<p style=\"text-align: justify;\">&nbsp;<\/p>\n<p style=\"text-align: justify;\"><span style=\"font-size: 14pt;\">REDACCI\u00d3N\/VISI\u00d3N CIUDADANA.<\/span><\/p>\n","protected":false},"excerpt":{"rendered":"<p>M\u00f3nica Torres de Vargas, pr\u00f3xima presidenta de DIF-Ahome, visit\u00f3 hoy las instalaciones de la Unidad b\u00e1sica de rehabilitaci\u00f3n \u201cLos Laureles\u201d, con el objetivo de verificar las condiciones en que est\u00e1 operando actualmente dicho centro. &nbsp; Durante esa visita, M\u00f3nica Torres de Vargas, estuvo acompa\u00f1ada de su esposo el alcalde electo de Ahome, Gerardo Vargas Landeros, [&hellip;]<\/p>\n","protected":false},"author":1,"featured_media":2054,"comment_status":"closed","ping_status":"closed","sticky":false,"template":"","format":"standard","meta":{"footnotes":""},"categories":[13],"tags":[],"ppma_author":[31],"class_list":["post-17797","post","type-post","status-publish","format-standard","has-post-thumbnail","hentry","category-locales"],"aioseo_notices":[],"authors":[{"term_id":31,"user_id":1,"is_guest":0,"slug":"ivan3vino","display_name":"Iv\u00e1n Trevi\u00f1o","avatar_url":{"url":"https:\/\/visionciudadana.com.mx\/oficial\/wp-content\/uploads\/2025\/09\/columna-ivan-Trevino.png","url2x":"https:\/\/visionciudadana.com.mx\/oficial\/wp-content\/uploads\/2025\/09\/columna-ivan-Trevino.png"},"0":null,"1":"","2":"","3":"","4":"","5":"","6":"","7":"","8":""}],"_links":{"self":[{"href":"https:\/\/visionciudadana.com.mx\/oficial\/wp-json\/wp\/v2\/posts\/17797","targetHints":{"allow":["GET"]}}],"collection":[{"href":"https:\/\/visionciudadana.com.mx\/oficial\/wp-json\/wp\/v2\/posts"}],"about":[{"href":"https:\/\/visionciudadana.com.mx\/oficial\/wp-json\/wp\/v2\/types\/post"}],"author":[{"embeddable":true,"href":"https:\/\/visionciudadana.com.mx\/oficial\/wp-json\/wp\/v2\/users\/1"}],"replies":[{"embeddable":true,"href":"https:\/\/visionciudadana.com.mx\/oficial\/wp-json\/wp\/v2\/comments?post=17797"}],"version-history":[{"count":1,"href":"https:\/\/visionciudadana.com.mx\/oficial\/wp-json\/wp\/v2\/posts\/17797\/revisions"}],"predecessor-version":[{"id":30498,"href":"https:\/\/visionciudadana.com.mx\/oficial\/wp-json\/wp\/v2\/posts\/17797\/revisions\/30498"}],"wp:featuredmedia":[{"embeddable":true,"href":"https:\/\/visionciudadana.com.mx\/oficial\/wp-json\/wp\/v2\/posts\/2054"}],"wp:attachment":[{"href":"https:\/\/visionciudadana.com.mx\/oficial\/wp-json\/wp\/v2\/media?parent=17797"}],"wp:term":[{"taxonomy":"category","embeddable":true,"href":"https:\/\/visionciudadana.com.mx\/oficial\/wp-json\/wp\/v2\/categories?post=17797"},{"taxonomy":"post_tag","embeddable":true,"href":"https:\/\/visionciudadana.com.mx\/oficial\/wp-json\/wp\/v2\/tags?post=17797"},{"taxonomy":"author","embeddable":true,"href":"https:\/\/visionciudadana.com.mx\/oficial\/wp-json\/wp\/v2\/ppma_author?post=17797"}],"curies":[{"name":"wp","href":"https:\/\/api.w.org\/{rel}","templated":true}]}}