{"id":17796,"date":"2021-10-22T03:43:57","date_gmt":"2021-10-22T03:43:57","guid":{"rendered":"https:\/\/visionciudadana.com.mx\/chio\/2021\/10\/22\/si-alguna-responsabilidad-nos-corresponde-lo-unico-que-hariamos-es-trabajar-para-transformar-sinaloa-hector-melesio-cuen-ojeda\/"},"modified":"2025-06-24T23:31:02","modified_gmt":"2025-06-24T23:31:02","slug":"si-alguna-responsabilidad-nos-corresponde-lo-unico-que-hariamos-es-trabajar-para-transformar-sinaloa-hector-melesio-cuen-ojeda","status":"publish","type":"post","link":"https:\/\/visionciudadana.com.mx\/oficial\/2021\/10\/22\/si-alguna-responsabilidad-nos-corresponde-lo-unico-que-hariamos-es-trabajar-para-transformar-sinaloa-hector-melesio-cuen-ojeda\/","title":{"rendered":"\u201cSi alguna responsabilidad nos corresponde, lo \u00fanico que har\u00edamos es trabajar para transformar Sinaloa\u201d: H\u00e9ctor Melesio Cu\u00e9n Ojeda."},"content":{"rendered":"<div style=\"text-align: justify;\"><img fetchpriority=\"high\" decoding=\"async\" src=\"images\/Oct21\/meles.jpg\" alt=\"meles\" width=\"780\" height=\"420\" style=\"display: block; margin: 20px auto;\" \/><\/div>\n<div style=\"text-align: justify;\"><span style=\"font-size: 14pt;\">El d\u00eda de ayer por la noche los medios de comunicaci\u00f3n informaron lo comentado por el Dr. Rub\u00e9n Rocha Moya, gobernador electo en Sinaloa, acerca de algunos nombres que ser\u00e1n secretarios de Estado para el pr\u00f3ximo periodo sexenal.<\/span><\/div>\n<div style=\"text-align: justify;\">&nbsp;<\/div>\n<div style=\"text-align: justify;\">&nbsp;<\/div>\n<div style=\"text-align: justify;\"><span style=\"font-size: 14pt;\">Se refiri\u00f3 a mi persona para ocupar la secretar\u00eda de Salud en el estado, lo cual valoro y agradezco la deferencia para un servidor.&nbsp;<\/span><\/div>\n<div style=\"text-align: justify;\">&nbsp;<\/div>\n<div style=\"text-align: justify;\">&nbsp;<\/div>\n<div style=\"text-align: justify;\"><span style=\"font-size: 14pt;\">Si as\u00ed fuera y nos correspondiera esta secretaria u otros espacios, reitero lo que vengo diciendo desde hace 3 meses: \u201cLo \u00fanico que har\u00edamos nosotros es trabajar para transformar estos espacios y a Sinaloa dado que eso es lo que sabemos hacer\u201d, as\u00ed lo expres\u00f3 H\u00e9ctor Melesio Cu\u00e9n Ojeda.<\/span><\/div>\n<div style=\"text-align: justify;\">&nbsp;<\/div>\n<div style=\"text-align: justify;\">&nbsp;<\/div>\n<div style=\"text-align: justify;\"><span style=\"font-size: 14pt;\">Tambi\u00e9n he comentado que, de no tocarnos ning\u00fan puesto en el pr\u00f3ximo gabinete estatal, el PAS no har\u00e1 berrinches ni reclamos, y si reiteramos por el contrario el compromiso de apoyar al Dr. Rocha Moya para que sea el mejor gobernador que haya tenido Sinaloa. Nosotros trabajamos para ello, obtuvimos 8 diputaciones locales, 6 presidentes municipales y 34 regidores, raz\u00f3n por lo cual nos sentimos responsables de lo que pase o no pase en nuestra entidad.<\/span><\/div>\n<div style=\"text-align: justify;\">&nbsp;<\/div>\n<div style=\"text-align: justify;\">&nbsp;<\/div>\n<div style=\"text-align: justify;\"><span style=\"font-size: 14pt;\">Lo anterior da fundamento a lo que hemos expresado; para los pr\u00f3ximos a\u00f1os cogobernaremos Sinaloa, es un compromiso y as\u00ed lo asumimos. Esto ya se est\u00e1 observando en la 64 Legislatura, hemos avanzado en puntos importantes que se han discutido en el Congreso, un diputado del PAS, es el presidente de la Mesa Directiva y lo est\u00e1 haciendo con gran responsabilidad e institucionalidad.<\/span><\/div>\n<div style=\"text-align: justify;\">&nbsp;<\/div>\n<div style=\"text-align: justify;\">&nbsp;<\/div>\n<div style=\"text-align: justify;\"><span style=\"font-size: 14pt;\">Cu\u00e9n Ojeda aclar\u00f3 lo que un columnista, Alejandro Sicairos, afirma hoy en un medio de comunicaci\u00f3n al decir que la formaci\u00f3n del gabinete estaba trabada porque el PAS y un servidor insist\u00edamos en ocupar la titularidad de la Secretar\u00eda de Educaci\u00f3n P\u00fablica, lo cual es falso, nosotros nunca hemos pedido ni mucho menos exigido alg\u00fan puesto. As\u00ed concluy\u00f3 el presidente del PAS.<\/span><\/div>\n<div style=\"text-align: justify;\">&nbsp;<\/div>\n<div style=\"text-align: justify;\">&nbsp;<\/div>\n<div style=\"text-align: justify;\">&nbsp;<\/div>\n<div style=\"text-align: justify;\">&nbsp;<\/div>\n<div style=\"text-align: justify;\"><span style=\"font-size: 14pt;\">REDACCI\u00d3N\/VISI\u00d3N CIUDADANA.<\/span><\/div>\n","protected":false},"excerpt":{"rendered":"<p>El d\u00eda de ayer por la noche los medios de comunicaci\u00f3n informaron lo comentado por el Dr. Rub\u00e9n Rocha Moya, gobernador electo en Sinaloa, acerca de algunos nombres que ser\u00e1n secretarios de Estado para el pr\u00f3ximo periodo sexenal. &nbsp; &nbsp; Se refiri\u00f3 a mi persona para ocupar la secretar\u00eda de Salud en el estado, lo [&hellip;]<\/p>\n","protected":false},"author":1,"featured_media":2052,"comment_status":"closed","ping_status":"closed","sticky":false,"template":"","format":"standard","meta":{"footnotes":""},"categories":[24],"tags":[],"ppma_author":[31],"class_list":["post-17796","post","type-post","status-publish","format-standard","has-post-thumbnail","hentry","category-relevantes"],"aioseo_notices":[],"authors":[{"term_id":31,"user_id":1,"is_guest":0,"slug":"ivan3vino","display_name":"Iv\u00e1n Trevi\u00f1o","avatar_url":{"url":"https:\/\/visionciudadana.com.mx\/oficial\/wp-content\/uploads\/2025\/09\/columna-ivan-Trevino.png","url2x":"https:\/\/visionciudadana.com.mx\/oficial\/wp-content\/uploads\/2025\/09\/columna-ivan-Trevino.png"},"0":null,"1":"","2":"","3":"","4":"","5":"","6":"","7":"","8":""}],"_links":{"self":[{"href":"https:\/\/visionciudadana.com.mx\/oficial\/wp-json\/wp\/v2\/posts\/17796","targetHints":{"allow":["GET"]}}],"collection":[{"href":"https:\/\/visionciudadana.com.mx\/oficial\/wp-json\/wp\/v2\/posts"}],"about":[{"href":"https:\/\/visionciudadana.com.mx\/oficial\/wp-json\/wp\/v2\/types\/post"}],"author":[{"embeddable":true,"href":"https:\/\/visionciudadana.com.mx\/oficial\/wp-json\/wp\/v2\/users\/1"}],"replies":[{"embeddable":true,"href":"https:\/\/visionciudadana.com.mx\/oficial\/wp-json\/wp\/v2\/comments?post=17796"}],"version-history":[{"count":1,"href":"https:\/\/visionciudadana.com.mx\/oficial\/wp-json\/wp\/v2\/posts\/17796\/revisions"}],"predecessor-version":[{"id":30499,"href":"https:\/\/visionciudadana.com.mx\/oficial\/wp-json\/wp\/v2\/posts\/17796\/revisions\/30499"}],"wp:featuredmedia":[{"embeddable":true,"href":"https:\/\/visionciudadana.com.mx\/oficial\/wp-json\/wp\/v2\/posts\/2052"}],"wp:attachment":[{"href":"https:\/\/visionciudadana.com.mx\/oficial\/wp-json\/wp\/v2\/media?parent=17796"}],"wp:term":[{"taxonomy":"category","embeddable":true,"href":"https:\/\/visionciudadana.com.mx\/oficial\/wp-json\/wp\/v2\/categories?post=17796"},{"taxonomy":"post_tag","embeddable":true,"href":"https:\/\/visionciudadana.com.mx\/oficial\/wp-json\/wp\/v2\/tags?post=17796"},{"taxonomy":"author","embeddable":true,"href":"https:\/\/visionciudadana.com.mx\/oficial\/wp-json\/wp\/v2\/ppma_author?post=17796"}],"curies":[{"name":"wp","href":"https:\/\/api.w.org\/{rel}","templated":true}]}}