{"id":17794,"date":"2021-10-22T03:26:39","date_gmt":"2021-10-22T03:26:39","guid":{"rendered":"https:\/\/visionciudadana.com.mx\/chio\/2021\/10\/22\/las-cuentas-publicas-de-los-municipios-de-angostura-salvador-alvarado-elota-el-fuerte-sinaloa-y-concordia-deben-de-ser-aprobadas-gppri\/"},"modified":"2025-06-24T23:31:02","modified_gmt":"2025-06-24T23:31:02","slug":"las-cuentas-publicas-de-los-municipios-de-angostura-salvador-alvarado-elota-el-fuerte-sinaloa-y-concordia-deben-de-ser-aprobadas-gppri","status":"publish","type":"post","link":"https:\/\/visionciudadana.com.mx\/oficial\/2021\/10\/22\/las-cuentas-publicas-de-los-municipios-de-angostura-salvador-alvarado-elota-el-fuerte-sinaloa-y-concordia-deben-de-ser-aprobadas-gppri\/","title":{"rendered":"Las cuentas p\u00fablicas de los municipios de Angostura, Salvador Alvarado, Elota, El Fuerte, Sinaloa y Concordia, deben de ser aprobadas: GPPRI."},"content":{"rendered":"<p style=\"text-align: justify;\"><img fetchpriority=\"high\" decoding=\"async\" src=\"images\/Oct21\/las_cuentas.PNG\" alt=\"las cuentas\" width=\"525\" height=\"325\" style=\"display: block; margin: 20px auto;\" \/><span style=\"font-size: 14pt;\">Las y los diputados del Grupo Parlamentario del PRI, en el Congreso del Estado, se pronunciaron en contra de los dict\u00e1menes que no aprueban las cuentas p\u00fablicas de Angostura, Salvador Alvarado, Elota, El Fuerte, Sinaloa y Concordia, por considerar que \u00e9stas solventaron favorablemente observaciones que ten\u00edan.<\/span><\/p>\n<p style=\"text-align: justify;\">&nbsp;<\/p>\n<p class=\"x_MsoNormal\" style=\"text-align: justify;\"><span style=\"font-size: 14pt;\">El diputado Sergio Mario Arredondo Salas, quien pertenece al Grupo Parlamentario del PRI y adem\u00e1s es el presidente de la Comisi\u00f3n de Fiscalizaci\u00f3n argument\u00f3 adem\u00e1s que la aprobaci\u00f3n o no aprobaci\u00f3n de las cuentas p\u00fablicas de los municipios no suspende las acciones que deber\u00e1 promover la Auditor\u00eda Superior del Estado, sean estas de car\u00e1cter administrativas, resarcitorias o penales.<\/span><\/p>\n<p style=\"text-align: justify;\">&nbsp;<\/p>\n<p class=\"x_MsoNormal\" style=\"text-align: justify;\"><span style=\"font-size: 14pt;\">Los legisladores del GPPRI, afirmaron que los ayuntamientos se\u00f1alados tuvieron un avance importante en la solventaci\u00f3n de sus observaciones y demostraron tener una administraci\u00f3n correcta de los recursos p\u00fablicos.<\/span><\/p>\n<p style=\"text-align: justify;\">&nbsp;<\/p>\n<p class=\"x_MsoNormal\" style=\"text-align: justify;\"><span style=\"font-size: 14pt;\">Por esas razones, puntualizaron, sus cuentas p\u00fablicas deben de der aprobadas.<\/span><\/p>\n<p style=\"text-align: justify;\">&nbsp;<\/p>\n<p class=\"x_MsoNormal\" style=\"text-align: justify;\"><span style=\"font-size: 14pt;\">En el caso del municipio de Elota, la diputada Cinthia Valenzuela Langarica explic\u00f3 que \u201cel importe de sus pliegos por $3,265,439.19 representan apenas el 2.9 por ciento de su presupuesto de egreso.<\/span><\/p>\n<p style=\"text-align: justify;\">&nbsp;<\/p>\n<p class=\"x_MsoNormal\" style=\"text-align: justify;\"><span style=\"font-size: 14pt;\">Adem\u00e1s, asegur\u00f3 que el municipio no presenta pasivos sin fuente de pago, ya que tiene liquidez suficiente para hacer frente al pago de los mismos.<\/span><\/p>\n<p style=\"text-align: justify;\">&nbsp;<\/p>\n<p class=\"x_MsoNormal\" style=\"text-align: justify;\"><span style=\"font-size: 14pt;\">La diputada Gloria Himelda F\u00e9lix destac\u00f3 que en el municipio de Salvador Alvarado, \u201cde acuerdo al reporte de la Auditoria Superior del Estado, ha solventado 4 pliegos por un importe de $323,195, representando el 94.2% del total observado; quedando pendientes por solventar un importe de $19 mil 722 pesos que representa el 5.8% de lo observado\u201d.<\/span><\/p>\n<p style=\"text-align: justify;\">&nbsp;<\/p>\n<p class=\"x_MsoNormal\" style=\"text-align: justify;\"><span style=\"font-size: 14pt;\">Asimismo, coment\u00f3 que \u201cAngostura, no present\u00f3 observaciones con relaci\u00f3n a sobresueldos del presidente municipal, s\u00edndico procurador y regidores, en cumplimiento a los tabuladores autorizados; el respaldo m\u00e1s importante.<\/span><\/p>\n<p style=\"text-align: justify;\">&nbsp;<\/p>\n<p class=\"x_MsoNormal\" style=\"text-align: justify;\"><span style=\"font-size: 14pt;\">\u201cDel porqu\u00e9 estamos en contra de rechazar la cuenta, es porque el propio \u00d3rgano T\u00e9cnico de Fiscalizaci\u00f3n, con base en la auditor\u00eda practicada a la Cuenta P\u00fablica correspondiente al ejercicio fiscal 2019, concluy\u00f3 que el municipio, cumpli\u00f3 con las disposiciones legales y normativas aplicables en la materia\u201d, expres\u00f3.<\/span><\/p>\n<p style=\"text-align: justify;\">&nbsp;<\/p>\n<p class=\"x_MsoNormal\" style=\"text-align: justify;\"><span style=\"font-size: 14pt;\">De igual manera, Connie Zazueta, Deisy Ayala y Feliciano Valle, argumentaron a favor de los municipios de El Fuerte, Concordia y Sinaloa.<\/span><\/p>\n<p style=\"text-align: justify;\">&nbsp;<\/p>\n<p class=\"x_MsoNormal\" style=\"text-align: justify;\"><span style=\"font-size: 14pt;\">Exhortaron a todas las diputadas y diputados a reflexionar responsablemente su voto, con base en los elementos t\u00e9cnicos para determinar la aprobaci\u00f3n de las cuentas p\u00fablicas.<\/span><\/p>\n<p style=\"text-align: justify;\">&nbsp;<\/p>\n<p style=\"text-align: justify;\">&nbsp;<\/p>\n<p style=\"text-align: justify;\"><span style=\"font-size: 14pt;\">REDACCI\u00d3N\/VISI\u00d3N CIUDADANA.<\/span><\/p>\n","protected":false},"excerpt":{"rendered":"<p>Las y los diputados del Grupo Parlamentario del PRI, en el Congreso del Estado, se pronunciaron en contra de los dict\u00e1menes que no aprueban las cuentas p\u00fablicas de Angostura, Salvador Alvarado, Elota, El Fuerte, Sinaloa y Concordia, por considerar que \u00e9stas solventaron favorablemente observaciones que ten\u00edan. &nbsp; El diputado Sergio Mario Arredondo Salas, quien pertenece [&hellip;]<\/p>\n","protected":false},"author":1,"featured_media":2049,"comment_status":"closed","ping_status":"closed","sticky":false,"template":"","format":"standard","meta":{"footnotes":""},"categories":[24],"tags":[],"ppma_author":[31],"class_list":["post-17794","post","type-post","status-publish","format-standard","has-post-thumbnail","hentry","category-relevantes"],"aioseo_notices":[],"authors":[{"term_id":31,"user_id":1,"is_guest":0,"slug":"ivan3vino","display_name":"Iv\u00e1n Trevi\u00f1o","avatar_url":{"url":"https:\/\/visionciudadana.com.mx\/oficial\/wp-content\/uploads\/2025\/09\/columna-ivan-Trevino.png","url2x":"https:\/\/visionciudadana.com.mx\/oficial\/wp-content\/uploads\/2025\/09\/columna-ivan-Trevino.png"},"0":null,"1":"","2":"","3":"","4":"","5":"","6":"","7":"","8":""}],"_links":{"self":[{"href":"https:\/\/visionciudadana.com.mx\/oficial\/wp-json\/wp\/v2\/posts\/17794","targetHints":{"allow":["GET"]}}],"collection":[{"href":"https:\/\/visionciudadana.com.mx\/oficial\/wp-json\/wp\/v2\/posts"}],"about":[{"href":"https:\/\/visionciudadana.com.mx\/oficial\/wp-json\/wp\/v2\/types\/post"}],"author":[{"embeddable":true,"href":"https:\/\/visionciudadana.com.mx\/oficial\/wp-json\/wp\/v2\/users\/1"}],"replies":[{"embeddable":true,"href":"https:\/\/visionciudadana.com.mx\/oficial\/wp-json\/wp\/v2\/comments?post=17794"}],"version-history":[{"count":1,"href":"https:\/\/visionciudadana.com.mx\/oficial\/wp-json\/wp\/v2\/posts\/17794\/revisions"}],"predecessor-version":[{"id":30500,"href":"https:\/\/visionciudadana.com.mx\/oficial\/wp-json\/wp\/v2\/posts\/17794\/revisions\/30500"}],"wp:featuredmedia":[{"embeddable":true,"href":"https:\/\/visionciudadana.com.mx\/oficial\/wp-json\/wp\/v2\/media\/2049"}],"wp:attachment":[{"href":"https:\/\/visionciudadana.com.mx\/oficial\/wp-json\/wp\/v2\/media?parent=17794"}],"wp:term":[{"taxonomy":"category","embeddable":true,"href":"https:\/\/visionciudadana.com.mx\/oficial\/wp-json\/wp\/v2\/categories?post=17794"},{"taxonomy":"post_tag","embeddable":true,"href":"https:\/\/visionciudadana.com.mx\/oficial\/wp-json\/wp\/v2\/tags?post=17794"},{"taxonomy":"author","embeddable":true,"href":"https:\/\/visionciudadana.com.mx\/oficial\/wp-json\/wp\/v2\/ppma_author?post=17794"}],"curies":[{"name":"wp","href":"https:\/\/api.w.org\/{rel}","templated":true}]}}