{"id":17793,"date":"2021-10-22T02:34:30","date_gmt":"2021-10-22T02:34:30","guid":{"rendered":"https:\/\/visionciudadana.com.mx\/chio\/2021\/10\/22\/se-encuentran-listos-los-panteones-para-recibir-visitantes-el-proximo-dia-de-muertos\/"},"modified":"2025-06-24T23:31:02","modified_gmt":"2025-06-24T23:31:02","slug":"se-encuentran-listos-los-panteones-para-recibir-visitantes-el-proximo-dia-de-muertos","status":"publish","type":"post","link":"https:\/\/visionciudadana.com.mx\/oficial\/2021\/10\/22\/se-encuentran-listos-los-panteones-para-recibir-visitantes-el-proximo-dia-de-muertos\/","title":{"rendered":"Se encuentran listos los panteones para recibir visitantes el pr\u00f3ximo \u201cD\u00eda de Muertos\u201d"},"content":{"rendered":"<p style=\"text-align: justify;\"><img fetchpriority=\"high\" decoding=\"async\" src=\"images\/Oct21\/panteones.jpg\" alt=\"panteones\" width=\"780\" height=\"420\" style=\"display: block; margin: 20px auto;\" \/><\/p>\n<p style=\"text-align: justify;\"><span style=\"font-size: 14pt;\">Con motivo de la pr\u00f3xima celebraci\u00f3n del D\u00eda de Muertos, el Gobierno de Culiac\u00e1n a trav\u00e9s de la Direcci\u00f3n de Panteones, puso en marcha un programa de limpieza y rehabilitaci\u00f3n integral en los 7 camposantos municipales con el prop\u00f3sito de mantenerlos en condiciones \u00f3ptimas para recibir a sus visitantes.<\/span><\/p>\n<p style=\"text-align: justify;\">&nbsp;<\/p>\n<p style=\"text-align: justify;\"><span style=\"font-size: 14pt;\">Danilo Burgos Garc\u00eda, titular de la direcci\u00f3n, explic\u00f3 que en coordinaci\u00f3n con la Direcci\u00f3n de Servicios P\u00fablicos se han implementado diversas acciones de limpieza al interior de los panteones, entre ellas el retiro de escombro, poda de \u00e1rboles, aplicaci\u00f3n de herbicida para maleza, recolecci\u00f3n de basura y residuos s\u00f3lidos.<\/span><\/p>\n<p style=\"text-align: justify;\"><span style=\"font-size: 14pt;\">De manera paralela, agreg\u00f3, se ha trabajado en el mantenimiento general de sus instalaciones, con la restauraci\u00f3n de bardas y cercas perimetrales, pintura, remozamiento de fachadas y, en algunos casos, rehabilitaci\u00f3n de vialidades aleda\u00f1as.<\/span><\/p>\n<p style=\"text-align: justify;\"><span style=\"font-size: 14pt;\">Con relaci\u00f3n al tema de protocolos sanitarios, mencion\u00f3 que al igual que en a\u00f1os anteriores se exhortar\u00e1 al p\u00fablico en general a cumplir con las medidas preventivas emitidas por el Sector Salud, como lo son el uso del cubrebocas, la sana distancia y desinfecci\u00f3n de manos.<\/span><\/p>\n<p style=\"text-align: justify;\"><span style=\"font-size: 14pt;\">En ese sentido, Burgos Garc\u00eda dijo que se proh\u00edbe el ingreso de bebidas alcoh\u00f3licas y grupos musicales, ya que son factores que propician aglomeraciones y que ponen en riesgo la salud de las personas al no respetar los protocolos de distanciamiento.<\/span><\/p>\n<p style=\"text-align: justify;\"><span style=\"font-size: 14pt;\">Debido a que en los \u00faltimos dos a\u00f1os no se ha registrado un alto n\u00famero de visitantes, se continuar\u00e1 con la misma din\u00e1mica de acceso libre sin l\u00edmite de afluencia; no obstante, en caso de observarse una situaci\u00f3n contraria, se regular\u00eda por lapsos de tiempo los ingresos.<\/span><\/p>\n<p style=\"text-align: justify;\">\n<p><span style=\"font-size: 14pt;\">Por \u00faltimo, en el tema de comerciantes dijo que el Departamento de Mercados y la Coordinaci\u00f3n de Inspecci\u00f3n y Vigilancia estar\u00e1n atentos de que los vendedores ambulantes cumplan con la normatividad y los protocolos de salud, atendiendo con las debidas medidas preventivas a la poblaci\u00f3n a fin de reducir los riesgos de contagio por Covid-19.<\/span><\/p>\n<p style=\"text-align: justify;\">&nbsp;<\/p>\n<p style=\"text-align: justify;\">&nbsp;<\/p>\n<p style=\"text-align: justify;\"><span style=\"font-size: 14pt;\">REDACCI\u00d3N\/VISI\u00d3N CIUDADANA.<\/span><\/p>\n","protected":false},"excerpt":{"rendered":"<p>Con motivo de la pr\u00f3xima celebraci\u00f3n del D\u00eda de Muertos, el Gobierno de Culiac\u00e1n a trav\u00e9s de la Direcci\u00f3n de Panteones, puso en marcha un programa de limpieza y rehabilitaci\u00f3n integral en los 7 camposantos municipales con el prop\u00f3sito de mantenerlos en condiciones \u00f3ptimas para recibir a sus visitantes. &nbsp; Danilo Burgos Garc\u00eda, titular de [&hellip;]<\/p>\n","protected":false},"author":1,"featured_media":1977,"comment_status":"closed","ping_status":"closed","sticky":false,"template":"","format":"standard","meta":{"footnotes":""},"categories":[24],"tags":[],"ppma_author":[31],"class_list":["post-17793","post","type-post","status-publish","format-standard","has-post-thumbnail","hentry","category-relevantes"],"aioseo_notices":[],"authors":[{"term_id":31,"user_id":1,"is_guest":0,"slug":"ivan3vino","display_name":"Iv\u00e1n Trevi\u00f1o","avatar_url":{"url":"https:\/\/visionciudadana.com.mx\/oficial\/wp-content\/uploads\/2025\/09\/columna-ivan-Trevino.png","url2x":"https:\/\/visionciudadana.com.mx\/oficial\/wp-content\/uploads\/2025\/09\/columna-ivan-Trevino.png"},"0":null,"1":"","2":"","3":"","4":"","5":"","6":"","7":"","8":""}],"_links":{"self":[{"href":"https:\/\/visionciudadana.com.mx\/oficial\/wp-json\/wp\/v2\/posts\/17793","targetHints":{"allow":["GET"]}}],"collection":[{"href":"https:\/\/visionciudadana.com.mx\/oficial\/wp-json\/wp\/v2\/posts"}],"about":[{"href":"https:\/\/visionciudadana.com.mx\/oficial\/wp-json\/wp\/v2\/types\/post"}],"author":[{"embeddable":true,"href":"https:\/\/visionciudadana.com.mx\/oficial\/wp-json\/wp\/v2\/users\/1"}],"replies":[{"embeddable":true,"href":"https:\/\/visionciudadana.com.mx\/oficial\/wp-json\/wp\/v2\/comments?post=17793"}],"version-history":[{"count":1,"href":"https:\/\/visionciudadana.com.mx\/oficial\/wp-json\/wp\/v2\/posts\/17793\/revisions"}],"predecessor-version":[{"id":30501,"href":"https:\/\/visionciudadana.com.mx\/oficial\/wp-json\/wp\/v2\/posts\/17793\/revisions\/30501"}],"wp:featuredmedia":[{"embeddable":true,"href":"https:\/\/visionciudadana.com.mx\/oficial\/wp-json\/wp\/v2\/media\/1977"}],"wp:attachment":[{"href":"https:\/\/visionciudadana.com.mx\/oficial\/wp-json\/wp\/v2\/media?parent=17793"}],"wp:term":[{"taxonomy":"category","embeddable":true,"href":"https:\/\/visionciudadana.com.mx\/oficial\/wp-json\/wp\/v2\/categories?post=17793"},{"taxonomy":"post_tag","embeddable":true,"href":"https:\/\/visionciudadana.com.mx\/oficial\/wp-json\/wp\/v2\/tags?post=17793"},{"taxonomy":"author","embeddable":true,"href":"https:\/\/visionciudadana.com.mx\/oficial\/wp-json\/wp\/v2\/ppma_author?post=17793"}],"curies":[{"name":"wp","href":"https:\/\/api.w.org\/{rel}","templated":true}]}}