{"id":17792,"date":"2021-10-22T02:29:09","date_gmt":"2021-10-22T02:29:09","guid":{"rendered":"https:\/\/visionciudadana.com.mx\/chio\/2021\/10\/22\/falso-el-anuncio-en-redes-sobre-el-cierre-del-malecon-ninos-heroes-gerente-de-la-japac\/"},"modified":"2025-06-24T23:31:02","modified_gmt":"2025-06-24T23:31:02","slug":"falso-el-anuncio-en-redes-sobre-el-cierre-del-malecon-ninos-heroes-gerente-de-la-japac","status":"publish","type":"post","link":"https:\/\/visionciudadana.com.mx\/oficial\/2021\/10\/22\/falso-el-anuncio-en-redes-sobre-el-cierre-del-malecon-ninos-heroes-gerente-de-la-japac\/","title":{"rendered":"Falso el anuncio en redes sobre el cierre del Malec\u00f3n Ni\u00f1os H\u00e9roes: Gerente de la JAPAC"},"content":{"rendered":"<p style=\"text-align: justify;\"><img fetchpriority=\"high\" decoding=\"async\" src=\"images\/Oct21\/aviso.jpg\" alt=\"aviso\" width=\"780\" height=\"420\" style=\"display: block; margin: 20px auto;\" \/><br \/><span style=\"font-size: 14pt;\">En relaci\u00f3n a un mensaje que ha circulado v\u00eda whatsapp en relaci\u00f3n al cierre del Malec\u00f3n Ni\u00f1os H\u00e9roes a partir de ma\u00f1ana, la JAPAC aclara que esta informaci\u00f3n es falsa.<\/span><\/p>\n<p style=\"text-align: justify;\">\n<p><span style=\"font-size: 14pt;\">El Gerente General de JAPAC, Jes\u00fas Higuera Laura, coment\u00f3 que la obra para sustituir el tramo del Emisor Rub\u00ed que colaps\u00f3 en d\u00edas pasados, aunque ya inici\u00f3 hoy, el tr\u00e1nsito vehicular no est\u00e1 siendo afectado.<\/span><\/p>\n<p style=\"text-align: justify;\">\n<p><span style=\"font-size: 14pt;\">Aclar\u00f3 que en alg\u00fan momento esta medida s\u00ed ser\u00e1 necesaria, sin embargo, ser\u00e1 la Direcci\u00f3n de Tr\u00e1nsito Municipal en coordinaci\u00f3n con JAPAC, quien informe con anticipaci\u00f3n el d\u00eda de cierre, el tiempo que permanecer\u00e1 cerrado, as\u00ed como las v\u00edas alternas para los automovilistas.<\/span><\/p>\n<p style=\"text-align: justify;\">&nbsp;<\/p>\n<p style=\"text-align: justify;\">&nbsp;<\/p>\n<p style=\"text-align: justify;\"><span style=\"font-size: 14pt;\">REDACCI\u00d3N\/VISI\u00d3N CIIUDADANA.<\/span><\/p>\n","protected":false},"excerpt":{"rendered":"<p>En relaci\u00f3n a un mensaje que ha circulado v\u00eda whatsapp en relaci\u00f3n al cierre del Malec\u00f3n Ni\u00f1os H\u00e9roes a partir de ma\u00f1ana, la JAPAC aclara que esta informaci\u00f3n es falsa. El Gerente General de JAPAC, Jes\u00fas Higuera Laura, coment\u00f3 que la obra para sustituir el tramo del Emisor Rub\u00ed que colaps\u00f3 en d\u00edas pasados, aunque [&hellip;]<\/p>\n","protected":false},"author":1,"featured_media":2046,"comment_status":"closed","ping_status":"closed","sticky":false,"template":"","format":"standard","meta":{"footnotes":""},"categories":[13],"tags":[],"ppma_author":[31],"class_list":["post-17792","post","type-post","status-publish","format-standard","has-post-thumbnail","hentry","category-locales"],"aioseo_notices":[],"authors":[{"term_id":31,"user_id":1,"is_guest":0,"slug":"ivan3vino","display_name":"Iv\u00e1n Trevi\u00f1o","avatar_url":{"url":"https:\/\/visionciudadana.com.mx\/oficial\/wp-content\/uploads\/2025\/09\/columna-ivan-Trevino.png","url2x":"https:\/\/visionciudadana.com.mx\/oficial\/wp-content\/uploads\/2025\/09\/columna-ivan-Trevino.png"},"0":null,"1":"","2":"","3":"","4":"","5":"","6":"","7":"","8":""}],"_links":{"self":[{"href":"https:\/\/visionciudadana.com.mx\/oficial\/wp-json\/wp\/v2\/posts\/17792","targetHints":{"allow":["GET"]}}],"collection":[{"href":"https:\/\/visionciudadana.com.mx\/oficial\/wp-json\/wp\/v2\/posts"}],"about":[{"href":"https:\/\/visionciudadana.com.mx\/oficial\/wp-json\/wp\/v2\/types\/post"}],"author":[{"embeddable":true,"href":"https:\/\/visionciudadana.com.mx\/oficial\/wp-json\/wp\/v2\/users\/1"}],"replies":[{"embeddable":true,"href":"https:\/\/visionciudadana.com.mx\/oficial\/wp-json\/wp\/v2\/comments?post=17792"}],"version-history":[{"count":1,"href":"https:\/\/visionciudadana.com.mx\/oficial\/wp-json\/wp\/v2\/posts\/17792\/revisions"}],"predecessor-version":[{"id":30502,"href":"https:\/\/visionciudadana.com.mx\/oficial\/wp-json\/wp\/v2\/posts\/17792\/revisions\/30502"}],"wp:featuredmedia":[{"embeddable":true,"href":"https:\/\/visionciudadana.com.mx\/oficial\/wp-json\/wp\/v2\/posts\/2046"}],"wp:attachment":[{"href":"https:\/\/visionciudadana.com.mx\/oficial\/wp-json\/wp\/v2\/media?parent=17792"}],"wp:term":[{"taxonomy":"category","embeddable":true,"href":"https:\/\/visionciudadana.com.mx\/oficial\/wp-json\/wp\/v2\/categories?post=17792"},{"taxonomy":"post_tag","embeddable":true,"href":"https:\/\/visionciudadana.com.mx\/oficial\/wp-json\/wp\/v2\/tags?post=17792"},{"taxonomy":"author","embeddable":true,"href":"https:\/\/visionciudadana.com.mx\/oficial\/wp-json\/wp\/v2\/ppma_author?post=17792"}],"curies":[{"name":"wp","href":"https:\/\/api.w.org\/{rel}","templated":true}]}}