{"id":17785,"date":"2021-10-20T02:43:54","date_gmt":"2021-10-20T02:43:54","guid":{"rendered":"https:\/\/visionciudadana.com.mx\/chio\/2021\/10\/20\/igualdad-de-genero-y-estrategias-implementadas-por-la-uas\/"},"modified":"2025-06-24T23:31:03","modified_gmt":"2025-06-24T23:31:03","slug":"igualdad-de-genero-y-estrategias-implementadas-por-la-uas","status":"publish","type":"post","link":"https:\/\/visionciudadana.com.mx\/oficial\/2021\/10\/20\/igualdad-de-genero-y-estrategias-implementadas-por-la-uas\/","title":{"rendered":"Igualdad de g\u00e9nero y estrategias implementadas por la UAS"},"content":{"rendered":"<p style=\"text-align: justify;\"><img fetchpriority=\"high\" decoding=\"async\" src=\"images\/Oct21\/igualdad-uas.jpg\" alt=\"igualdad uas\" width=\"780\" height=\"420\" style=\"display: block; margin: 20px auto;\" \/><span style=\"font-size: 14pt;\">La Universidad Aut\u00f3noma de Sinaloa (UAS) se ubica en el cuarto lugar nacional entre las universidades p\u00fablicas estatales en el cumplimiento del Objetivo de Desarrollo Sostenible (ODS) sobre igualdad de g\u00e9nero, as\u00ed lo inform\u00f3 el Rector, doctor Jes\u00fas Madue\u00f1a Molina al inaugurar el Conversatorio Virtual&nbsp;\u201cPol\u00edticas para la igualdad de G\u00e9nero en la Universidad\u201d.<\/span><\/p>\n<p style=\"text-align: justify;\">&nbsp;<\/p>\n<p class=\"x_MsoNormal\" style=\"text-align: justify;\"><span style=\"font-size: 14pt;\">El evento realizado v\u00eda Zoom fue organizado por el Centro de Pol\u00edticas de G\u00e9nero para la Igualdad entre Mujeres y Hombres de esta m\u00e1xima casa de estudios, a cargo de su directora, la doctora Beatriz Eugenia Rodr\u00edguez P\u00e9rez con el prop\u00f3sito de apoyar procesos para el dise\u00f1o e implementaci\u00f3n de la pol\u00edtica institucional de igualdad, as\u00ed como para la prevenci\u00f3n, atenci\u00f3n y sanci\u00f3n de las violencias por razones de g\u00e9nero.<\/span><\/p>\n<p style=\"text-align: justify;\">&nbsp;<\/p>\n<p class=\"x_MsoNormal\" style=\"text-align: justify;\"><span style=\"font-size: 14pt;\">El Rector enfatiz\u00f3 que el tema de la equidad de g\u00e9nero sigue siendo una asignatura pendiente en la agenda de pr\u00e1cticamente todas las naciones y en M\u00e9xico se realizan esfuerzos para avanzar en este terreno y dar a las mujeres el sitio de igualdad que por derecho les corresponde, mientras que las universidades se han consolidado como un espacio para que hombres y mujeres convivan en un ambiente de respeto, de similitud de oportunidades y sobre todo libre de todo tipo de discriminaci\u00f3n.<\/span><\/p>\n<p style=\"text-align: justify;\">&nbsp;<\/p>\n<p class=\"x_MsoNormal\" style=\"text-align: justify;\"><span style=\"font-size: 14pt;\">\u201cPor s\u00ed misma, la violencia debe ser rechazada en todos los \u00e1mbitos, y m\u00e1s a\u00fan si esta se ejerce contra las mujeres o se desarrolla o tolera en los campus universitarios; en la Universidad Aut\u00f3noma de Sinaloa hemos adoptado diversas estrategias para prevenir, detectar y sancionar estas conductas\u201d, dijo Madue\u00f1a Molina.<\/span><\/p>\n<p style=\"text-align: justify;\">&nbsp;<\/p>\n<p class=\"x_MsoNormal\" style=\"text-align: justify;\"><span style=\"font-size: 14pt;\">Se\u00f1al\u00f3 adem\u00e1s que se ha incorporado esta perspectiva de equidad de g\u00e9nero en el Plan de Desarrollo Institucional&nbsp;<i>Con Visi\u00f3n de Futuro 2025<\/i>.<\/span><\/p>\n<p style=\"text-align: justify;\">&nbsp;<\/p>\n<p class=\"x_MsoNormal\" style=\"text-align: justify;\"><span style=\"font-size: 14pt;\">\u201cHace unas semanas el Ranking Mundial de Universidades public\u00f3 el Impacto en torno a los Objetivos de Desarrollo Sostenible donde adquiere una importancia may\u00fascula el n\u00famero 5 sobre igualdad de g\u00e9nero, donde la UAS se ubic\u00f3 en el cuarto lugar nacional entre las universidades p\u00fablicas estatales; estas acciones y este posicionamiento hablan de que estamos caminando en la direcci\u00f3n correcta, pero debemos hacerlo a un mejor ritmo, con mayor amplitud y consistencia\u201d, expres\u00f3.<\/span><\/p>\n<p style=\"text-align: justify;\">&nbsp;<\/p>\n<p class=\"x_MsoNormal\" style=\"text-align: justify;\"><span style=\"font-size: 14pt;\">Por su parte la directora del Centro de Pol\u00edticas de G\u00e9nero para la Igualdad entre Mujeres y Hombres de la UAS, Beatriz Rodr\u00edguez P\u00e9rez, reiter\u00f3 que las pol\u00edticas para la equidad de g\u00e9nero son un tema prioritario para la agenda del Siglo XXI y un factor determinante para el desarrollo humano.<\/span><\/p>\n<p style=\"text-align: justify;\">&nbsp;<\/p>\n<p class=\"x_MsoNormal\" style=\"text-align: justify;\"><span style=\"font-size: 14pt;\">\u201cSi bien, la Universidad Aut\u00f3noma de Sinaloa desde hace varios a\u00f1os realiza acciones para institucionalizar y transversalizar la perspectiva de g\u00e9nero, todav\u00eda es necesario que estas pol\u00edticas se implementen en todas las unidades acad\u00e9micas y dependencias, de ah\u00ed que el prop\u00f3sito de esta actividad sea el promover el conocimiento de las distintas desigualdades a las que nos enfrentamos en la Universidad para que la toma de decisiones, la planeaci\u00f3n y procesos de tareas se realicen con perspectiva de g\u00e9nero bajo el enfoque intercultural, interseccional y de derechos humanos\u201d, detall\u00f3.<\/span><\/p>\n<p style=\"text-align: justify;\">&nbsp;<\/p>\n<p class=\"x_MsoNormal\" style=\"text-align: justify;\"><span style=\"font-size: 14pt;\">El Conversatorio tuvo como ponentes al maestro Rub\u00e9n Hern\u00e1ndez de la Universidad Nacional Aut\u00f3noma de M\u00e9xico (UNAM), a la doctora Leticia Paredes Guerrero de la Universidad Aut\u00f3noma de Yucat\u00e1n y a la doctora Lourdes Pacheco Ladr\u00f3n de Guevara de la Universidad Aut\u00f3noma de Nayarit.<\/span><\/p>\n<p style=\"text-align: justify;\">&nbsp;<\/p>\n<p style=\"text-align: justify;\">&nbsp;<\/p>\n<p style=\"text-align: justify;\"><span style=\"font-size: 14pt;\">REDACCI\u00d3N\/VISI\u00d3N CIUDADANA.<\/span><\/p>\n","protected":false},"excerpt":{"rendered":"<p>La Universidad Aut\u00f3noma de Sinaloa (UAS) se ubica en el cuarto lugar nacional entre las universidades p\u00fablicas estatales en el cumplimiento del Objetivo de Desarrollo Sostenible (ODS) sobre igualdad de g\u00e9nero, as\u00ed lo inform\u00f3 el Rector, doctor Jes\u00fas Madue\u00f1a Molina al inaugurar el Conversatorio Virtual&nbsp;\u201cPol\u00edticas para la igualdad de G\u00e9nero en la Universidad\u201d. &nbsp; El [&hellip;]<\/p>\n","protected":false},"author":1,"featured_media":2037,"comment_status":"closed","ping_status":"closed","sticky":false,"template":"","format":"standard","meta":{"footnotes":""},"categories":[13],"tags":[],"ppma_author":[31],"class_list":["post-17785","post","type-post","status-publish","format-standard","has-post-thumbnail","hentry","category-locales"],"aioseo_notices":[],"authors":[{"term_id":31,"user_id":1,"is_guest":0,"slug":"ivan3vino","display_name":"Iv\u00e1n Trevi\u00f1o","avatar_url":{"url":"https:\/\/visionciudadana.com.mx\/oficial\/wp-content\/uploads\/2025\/09\/columna-ivan-Trevino.png","url2x":"https:\/\/visionciudadana.com.mx\/oficial\/wp-content\/uploads\/2025\/09\/columna-ivan-Trevino.png"},"0":null,"1":"","2":"","3":"","4":"","5":"","6":"","7":"","8":""}],"_links":{"self":[{"href":"https:\/\/visionciudadana.com.mx\/oficial\/wp-json\/wp\/v2\/posts\/17785","targetHints":{"allow":["GET"]}}],"collection":[{"href":"https:\/\/visionciudadana.com.mx\/oficial\/wp-json\/wp\/v2\/posts"}],"about":[{"href":"https:\/\/visionciudadana.com.mx\/oficial\/wp-json\/wp\/v2\/types\/post"}],"author":[{"embeddable":true,"href":"https:\/\/visionciudadana.com.mx\/oficial\/wp-json\/wp\/v2\/users\/1"}],"replies":[{"embeddable":true,"href":"https:\/\/visionciudadana.com.mx\/oficial\/wp-json\/wp\/v2\/comments?post=17785"}],"version-history":[{"count":1,"href":"https:\/\/visionciudadana.com.mx\/oficial\/wp-json\/wp\/v2\/posts\/17785\/revisions"}],"predecessor-version":[{"id":30504,"href":"https:\/\/visionciudadana.com.mx\/oficial\/wp-json\/wp\/v2\/posts\/17785\/revisions\/30504"}],"wp:featuredmedia":[{"embeddable":true,"href":"https:\/\/visionciudadana.com.mx\/oficial\/wp-json\/wp\/v2\/posts\/2037"}],"wp:attachment":[{"href":"https:\/\/visionciudadana.com.mx\/oficial\/wp-json\/wp\/v2\/media?parent=17785"}],"wp:term":[{"taxonomy":"category","embeddable":true,"href":"https:\/\/visionciudadana.com.mx\/oficial\/wp-json\/wp\/v2\/categories?post=17785"},{"taxonomy":"post_tag","embeddable":true,"href":"https:\/\/visionciudadana.com.mx\/oficial\/wp-json\/wp\/v2\/tags?post=17785"},{"taxonomy":"author","embeddable":true,"href":"https:\/\/visionciudadana.com.mx\/oficial\/wp-json\/wp\/v2\/ppma_author?post=17785"}],"curies":[{"name":"wp","href":"https:\/\/api.w.org\/{rel}","templated":true}]}}