{"id":17784,"date":"2021-10-20T02:28:12","date_gmt":"2021-10-20T02:28:12","guid":{"rendered":"https:\/\/visionciudadana.com.mx\/chio\/2021\/10\/20\/victoria-sanchez-conmemora-sufragio-femenino-con-compromiso-con-las-mujeres\/"},"modified":"2025-06-24T23:31:03","modified_gmt":"2025-06-24T23:31:03","slug":"victoria-sanchez-conmemora-sufragio-femenino-con-compromiso-con-las-mujeres","status":"publish","type":"post","link":"https:\/\/visionciudadana.com.mx\/oficial\/2021\/10\/20\/victoria-sanchez-conmemora-sufragio-femenino-con-compromiso-con-las-mujeres\/","title":{"rendered":"Victoria S\u00e1nchez conmemora sufragio femenino con compromiso con las mujeres  \u00a0"},"content":{"rendered":"<p style=\"text-align: justify;\"><img fetchpriority=\"high\" decoding=\"async\" src=\"images\/Oct21\/refugio.jpg\" alt=\"refugio\" width=\"780\" height=\"420\" style=\"display: block; margin: 20px auto;\" \/><span style=\"font-size: 14pt;\">Victoria S\u00e1nchez Pe\u00f1a, diputada del Grupo Parlamentario de morena, particip\u00f3 este martes en tribuna con motivo de la conmemoraci\u00f3n del 68 aniversario del sufragio femenino en M\u00e9xico, donde asegur\u00f3 que la obligaci\u00f3n es vigilar que no haya retrocesos en materia de paridad de g\u00e9nero, y record\u00f3 el compromiso pendiente de combatir de manera efectiva la violencia contra las mujeres en cualquiera de sus expresiones.&nbsp;<\/span><\/p>\n<div style=\"text-align: justify;\">&nbsp;<\/div>\n<div style=\"text-align: justify;\"><span style=\"font-size: 14pt;\"><\/span><\/div>\n<div style=\"text-align: justify;\"><span style=\"font-size: 14pt;\">La legisladora morenista record\u00f3 que fue el 17 de octubre de 1953, cuando ex Presidente Adolfo Ru\u00edz Cortines, public\u00f3 en el Diario Oficial de la Federaci\u00f3n un decreto donde anunciaba la promulgaci\u00f3n de reformas constitucionales, que otorgaban a las mujeres el derecho a votar y ser votadas para puestos de elecci\u00f3n popular, por lo que en las elecciones federales de 1995 las mujeres acudieron por primera vez a acudir su voto.&nbsp;<\/span><\/div>\n<div style=\"text-align: justify;\">&nbsp;<\/div>\n<div style=\"text-align: justify;\"><span style=\"font-size: 14pt;\"><\/span><\/div>\n<div style=\"text-align: justify;\"><span style=\"font-size: 14pt;\">\u201cEl camino para lograr consolidar los derechos de la mujer no fue un regalo, sino todo lo contrario, fue el resultado de batallas repletas de desaf\u00edos y obst\u00e1culos; y a pesar de que el voto de la mujer fue aprobado desde hace varias d\u00e9cadas, el verdadero acceso a los derechos pol\u00edticos electorales por parte de las mujeres apenas se empieza a consolidar\u201d, asegur\u00f3 Mar\u00eda Victoria S\u00e1nchez.<\/span><\/div>\n<div style=\"text-align: justify;\">&nbsp;<\/div>\n<div style=\"text-align: justify;\"><span style=\"font-size: 14pt;\"><\/span><\/div>\n<div style=\"text-align: justify;\"><span style=\"font-size: 14pt;\">Destac\u00f3 que actualmente el rol de la mujer es el servicio p\u00fablico ha cobrado gran relevancia, se\u00f1alando que la C\u00e1mara de Diputados del Congreso de la Uni\u00f3n tiene una integraci\u00f3n paritaria de 250 mujeres y 250 hombres, mientras que en el Congreso del Estado de Sinaloa se conforma por 23 legisladoras y 17 legisladores.&nbsp;<\/span><\/div>\n<div style=\"text-align: justify;\">&nbsp;<\/div>\n<div style=\"text-align: justify;\"><span style=\"font-size: 14pt;\"><\/span><\/div>\n<div style=\"text-align: justify;\"><span style=\"font-size: 14pt;\">\u201cCabe recordar que en la LXIII Legislatura, tuvimos grandes logros en la materia, aprobamos la reforma constitucional que garantiza la paridad de g\u00e9nero en todos los cargos p\u00fablicos, para que exista igualdad de trato y de oportunidades, con relaci\u00f3n a los hombres. En ese sentido, la cuarta trnasformaci\u00f3n que encabeza el Presidente L\u00f3pez Obrador ha puesto el ejemplo nombrando a valiosas mujeres al mando de Secretar\u00edas de Estado m\u00e1s importantes, y no me queda duda de que el Gobernador Electo Rub\u00e9n Rocha Moya har\u00e1 lo mismo en Sinaloa\u201d, resalt\u00f3 la morenista.&nbsp;<\/span><\/div>\n<div style=\"text-align: justify;\">&nbsp;<\/div>\n<div style=\"text-align: justify;\"><span style=\"font-size: 14pt;\"><\/span><\/div>\n<div style=\"text-align: justify;\"><span style=\"font-size: 14pt;\">La legisladora, Presidenta de la Comisi\u00f3n de Vivienda en el Congreso del Estado, expres\u00f3 que es importante celebrar los logros en materia de paridad, pero sin dejar de estar atentos a los retrocesos. Adem\u00e1s, aprovech\u00f3 para se\u00f1alar que como poderes p\u00fablicos es obligaci\u00f3n combatir la violencia contra las mujeres en todas sus expresiones.<\/span><\/div>\n<div style=\"text-align: justify;\">&nbsp;<\/div>\n<div style=\"text-align: justify;\"><span style=\"font-size: 14pt;\"><\/span><\/div>\n<div style=\"text-align: justify;\"><span style=\"font-size: 14pt;\">\u201cComo legisladora, seguir\u00e9 impulsando para que se apruebe la Fiscal\u00eda especializada en delitos contra la mujer y por razones de g\u00e9nero, para que esta dependencia busque reducir los niveles de impunidad en materia de delitos contra la mujer, sin justicia, no hay paz\u201d, concluy\u00f3 la morenista.<\/span><\/div>\n<div style=\"text-align: justify;\">&nbsp;<\/div>\n<div style=\"text-align: justify;\">&nbsp;<\/div>\n<div style=\"text-align: justify;\">&nbsp;<\/div>\n<div style=\"text-align: justify;\">&nbsp;<\/div>\n<div style=\"text-align: justify;\"><span style=\"font-size: 14pt;\">REDACCI\u00d3N\/VISI\u00d3N CIUDADANA.<\/span><\/div>\n","protected":false},"excerpt":{"rendered":"<p>Victoria S\u00e1nchez Pe\u00f1a, diputada del Grupo Parlamentario de morena, particip\u00f3 este martes en tribuna con motivo de la conmemoraci\u00f3n del 68 aniversario del sufragio femenino en M\u00e9xico, donde asegur\u00f3 que la obligaci\u00f3n es vigilar que no haya retrocesos en materia de paridad de g\u00e9nero, y record\u00f3 el compromiso pendiente de combatir de manera efectiva la [&hellip;]<\/p>\n","protected":false},"author":1,"featured_media":2035,"comment_status":"closed","ping_status":"closed","sticky":false,"template":"","format":"standard","meta":{"footnotes":""},"categories":[24],"tags":[],"ppma_author":[31],"class_list":["post-17784","post","type-post","status-publish","format-standard","has-post-thumbnail","hentry","category-relevantes"],"aioseo_notices":[],"authors":[{"term_id":31,"user_id":1,"is_guest":0,"slug":"ivan3vino","display_name":"Iv\u00e1n Trevi\u00f1o","avatar_url":{"url":"https:\/\/visionciudadana.com.mx\/oficial\/wp-content\/uploads\/2025\/09\/columna-ivan-Trevino.png","url2x":"https:\/\/visionciudadana.com.mx\/oficial\/wp-content\/uploads\/2025\/09\/columna-ivan-Trevino.png"},"0":null,"1":"","2":"","3":"","4":"","5":"","6":"","7":"","8":""}],"_links":{"self":[{"href":"https:\/\/visionciudadana.com.mx\/oficial\/wp-json\/wp\/v2\/posts\/17784","targetHints":{"allow":["GET"]}}],"collection":[{"href":"https:\/\/visionciudadana.com.mx\/oficial\/wp-json\/wp\/v2\/posts"}],"about":[{"href":"https:\/\/visionciudadana.com.mx\/oficial\/wp-json\/wp\/v2\/types\/post"}],"author":[{"embeddable":true,"href":"https:\/\/visionciudadana.com.mx\/oficial\/wp-json\/wp\/v2\/users\/1"}],"replies":[{"embeddable":true,"href":"https:\/\/visionciudadana.com.mx\/oficial\/wp-json\/wp\/v2\/comments?post=17784"}],"version-history":[{"count":1,"href":"https:\/\/visionciudadana.com.mx\/oficial\/wp-json\/wp\/v2\/posts\/17784\/revisions"}],"predecessor-version":[{"id":30505,"href":"https:\/\/visionciudadana.com.mx\/oficial\/wp-json\/wp\/v2\/posts\/17784\/revisions\/30505"}],"wp:featuredmedia":[{"embeddable":true,"href":"https:\/\/visionciudadana.com.mx\/oficial\/wp-json\/wp\/v2\/media\/2035"}],"wp:attachment":[{"href":"https:\/\/visionciudadana.com.mx\/oficial\/wp-json\/wp\/v2\/media?parent=17784"}],"wp:term":[{"taxonomy":"category","embeddable":true,"href":"https:\/\/visionciudadana.com.mx\/oficial\/wp-json\/wp\/v2\/categories?post=17784"},{"taxonomy":"post_tag","embeddable":true,"href":"https:\/\/visionciudadana.com.mx\/oficial\/wp-json\/wp\/v2\/tags?post=17784"},{"taxonomy":"author","embeddable":true,"href":"https:\/\/visionciudadana.com.mx\/oficial\/wp-json\/wp\/v2\/ppma_author?post=17784"}],"curies":[{"name":"wp","href":"https:\/\/api.w.org\/{rel}","templated":true}]}}