{"id":17783,"date":"2021-10-20T02:18:28","date_gmt":"2021-10-20T02:18:28","guid":{"rendered":"https:\/\/visionciudadana.com.mx\/chio\/2021\/10\/20\/con-el-anuncio-de-mastografias-gratuitas-alcalde-conmemora-el-dia-mundial-de-la-lucha-contra-el-cancer-de-mama\/"},"modified":"2025-06-24T23:31:03","modified_gmt":"2025-06-24T23:31:03","slug":"con-el-anuncio-de-mastografias-gratuitas-alcalde-conmemora-el-dia-mundial-de-la-lucha-contra-el-cancer-de-mama","status":"publish","type":"post","link":"https:\/\/visionciudadana.com.mx\/oficial\/2021\/10\/20\/con-el-anuncio-de-mastografias-gratuitas-alcalde-conmemora-el-dia-mundial-de-la-lucha-contra-el-cancer-de-mama\/","title":{"rendered":"Con el anuncio de mastograf\u00edas gratuitas, Alcalde conmemora el D\u00eda Mundial de la Lucha contra el C\u00e1ncer de Mama"},"content":{"rendered":"<p style=\"text-align: justify;\"><img fetchpriority=\"high\" decoding=\"async\" src=\"images\/Oct21\/mastograf\u00edas.jpg\" alt=\"mastograf\u00edas\" width=\"780\" height=\"420\" style=\"display: block; margin: 20px auto;\" \/><span style=\"font-size: 14pt;\">En el marco del D\u00eda Internacional de la Lucha contra el C\u00e1ncer de Mama, el alcalde Lic. Jes\u00fas Estrada Ferreiro, acompa\u00f1ado de su se\u00f1ora esposa, la presidente del Sistema DIF Culiac\u00e1n, Lupita L\u00f3pez de Estrada, presidieron la jornada de concientizaci\u00f3n que busca promover la autoexploraci\u00f3n de las mujeres para detectar y prevenir a tiempo el desarrollo de esta enfermedad-<\/span><\/p>\n<div style=\"text-align: justify;\">&nbsp;<\/div>\n<div style=\"text-align: justify;\">&nbsp;<\/div>\n<div style=\"text-align: justify;\"><span style=\"font-size: 14pt;\">Reunidos en el patio central del Palacio Municipal, Estrada Ferreiro felicit\u00f3 a los organizadores de dicho evento por fomentar la cultura del autocuidado al enfatizar que una detecci\u00f3n oportuna es un factor fundamental que aumenta las posibilidades de vencer esta enfermedad, pues es un padecimiento silencioso que en la mayor\u00eda de los casos empieza a atenderse cuando ya hay da\u00f1os irreversibles.<\/span><\/div>\n<div style=\"text-align: justify;\">&nbsp;<\/div>\n<div style=\"text-align: justify;\">&nbsp;<\/div>\n<div style=\"text-align: justify;\"><span style=\"font-size: 14pt;\">\u201cEn DIF Culiac\u00e1n existen equipos de mastograf\u00eda para examinar a las mujeres que tengan esa duda, con precios accesibles, pero para aquellas que vayan hoy a checarse va a ser gratuito, pero si por alg\u00fan motivo algunas f\u00e9minas no alcanzan a realizarse el estudio hoy, con el solo hecho de registrarse podr\u00e1n gozar de este beneficio hasta la fecha que se les asigne su cita de diagn\u00f3stico\u201d, anunci\u00f3 el presidente municipal.<\/span><\/div>\n<div style=\"text-align: justify;\">&nbsp;<\/div>\n<div style=\"text-align: justify;\">&nbsp;<\/div>\n<div style=\"text-align: justify;\"><span style=\"font-size: 14pt;\">Finalmente, destac\u00f3 que nunca es tarde para atenderse y en ello reside la importancia de estos programas, pues dijo que sirven como un recordatorio a la conciencia de la gente para que se animen a tomar este tipo de ex\u00e1menes m\u00e9dicos a fin de cuidar su salud y la de sus seres queridos.<\/span><\/div>\n<div style=\"text-align: justify;\"><span style=\"font-size: 14pt;\">Por su parte, Lupita L\u00f3pez de Estrada mencion\u00f3 que para el DIF Culiac\u00e1n es una prioridad que las autoridades de salud sigan llevando a cabo acciones que promuevan la detecci\u00f3n temprana de este padecimiento, de tal forma que se concientice a la poblaci\u00f3n femenina y con ello, lograr una disminuci\u00f3n en el \u00edndice de muertes por esta causa.<\/span><\/div>\n<div style=\"text-align: justify;\">&nbsp;<\/div>\n<div style=\"text-align: justify;\">&nbsp;<\/div>\n<div style=\"text-align: justify;\"><span style=\"font-size: 14pt;\">Martha Alicia Torres Reyes, directora de Salud Municipal, detall\u00f3 con base en estudios de investigaci\u00f3n m\u00e9dica se ha concluido que al menos 1 de cada 12 mujeres puede presentar C\u00e1ncer de Mama, dato que dijo debe estimular a la sociedad en general y, sobre todo, despertar la solidaridad de las autoridades para la promoci\u00f3n de estas jornadas de concientizaci\u00f3n.<\/span><\/div>\n<div style=\"text-align: justify;\">&nbsp;<\/div>\n<div style=\"text-align: justify;\">&nbsp;<\/div>\n<div style=\"text-align: justify;\"><span style=\"font-size: 14pt;\">Durante la ceremonia estuvieron presentes la directora general del Sistema DIF Culiac\u00e1n, Lydia Peinado; y la presidente del voluntariado de la Secretar\u00eda de Salud del Gobierno de Sinaloa; Mireya Rodr\u00edguez de Encinas.<\/span><\/div>\n<div style=\"text-align: justify;\">&nbsp;<\/div>\n<div style=\"text-align: justify;\">&nbsp;<\/div>\n<div style=\"text-align: justify;\">&nbsp;<\/div>\n<div style=\"text-align: justify;\"><span style=\"font-size: 14pt;\">REDACCI\u00d3N\/VISI\u00d3N CIUDADANA.<\/span><\/div>\n","protected":false},"excerpt":{"rendered":"<p>En el marco del D\u00eda Internacional de la Lucha contra el C\u00e1ncer de Mama, el alcalde Lic. Jes\u00fas Estrada Ferreiro, acompa\u00f1ado de su se\u00f1ora esposa, la presidente del Sistema DIF Culiac\u00e1n, Lupita L\u00f3pez de Estrada, presidieron la jornada de concientizaci\u00f3n que busca promover la autoexploraci\u00f3n de las mujeres para detectar y prevenir a tiempo el [&hellip;]<\/p>\n","protected":false},"author":1,"featured_media":2033,"comment_status":"closed","ping_status":"closed","sticky":false,"template":"","format":"standard","meta":{"footnotes":""},"categories":[13],"tags":[],"ppma_author":[31],"class_list":["post-17783","post","type-post","status-publish","format-standard","has-post-thumbnail","hentry","category-locales"],"aioseo_notices":[],"authors":[{"term_id":31,"user_id":1,"is_guest":0,"slug":"ivan3vino","display_name":"Iv\u00e1n Trevi\u00f1o","avatar_url":{"url":"https:\/\/visionciudadana.com.mx\/oficial\/wp-content\/uploads\/2025\/09\/columna-ivan-Trevino.png","url2x":"https:\/\/visionciudadana.com.mx\/oficial\/wp-content\/uploads\/2025\/09\/columna-ivan-Trevino.png"},"0":null,"1":"","2":"","3":"","4":"","5":"","6":"","7":"","8":""}],"_links":{"self":[{"href":"https:\/\/visionciudadana.com.mx\/oficial\/wp-json\/wp\/v2\/posts\/17783","targetHints":{"allow":["GET"]}}],"collection":[{"href":"https:\/\/visionciudadana.com.mx\/oficial\/wp-json\/wp\/v2\/posts"}],"about":[{"href":"https:\/\/visionciudadana.com.mx\/oficial\/wp-json\/wp\/v2\/types\/post"}],"author":[{"embeddable":true,"href":"https:\/\/visionciudadana.com.mx\/oficial\/wp-json\/wp\/v2\/users\/1"}],"replies":[{"embeddable":true,"href":"https:\/\/visionciudadana.com.mx\/oficial\/wp-json\/wp\/v2\/comments?post=17783"}],"version-history":[{"count":1,"href":"https:\/\/visionciudadana.com.mx\/oficial\/wp-json\/wp\/v2\/posts\/17783\/revisions"}],"predecessor-version":[{"id":30506,"href":"https:\/\/visionciudadana.com.mx\/oficial\/wp-json\/wp\/v2\/posts\/17783\/revisions\/30506"}],"wp:featuredmedia":[{"embeddable":true,"href":"https:\/\/visionciudadana.com.mx\/oficial\/wp-json\/wp\/v2\/media\/2033"}],"wp:attachment":[{"href":"https:\/\/visionciudadana.com.mx\/oficial\/wp-json\/wp\/v2\/media?parent=17783"}],"wp:term":[{"taxonomy":"category","embeddable":true,"href":"https:\/\/visionciudadana.com.mx\/oficial\/wp-json\/wp\/v2\/categories?post=17783"},{"taxonomy":"post_tag","embeddable":true,"href":"https:\/\/visionciudadana.com.mx\/oficial\/wp-json\/wp\/v2\/tags?post=17783"},{"taxonomy":"author","embeddable":true,"href":"https:\/\/visionciudadana.com.mx\/oficial\/wp-json\/wp\/v2\/ppma_author?post=17783"}],"curies":[{"name":"wp","href":"https:\/\/api.w.org\/{rel}","templated":true}]}}