{"id":17782,"date":"2021-10-20T02:12:02","date_gmt":"2021-10-20T02:12:02","guid":{"rendered":"https:\/\/visionciudadana.com.mx\/chio\/2021\/10\/20\/muestra-amlo-sumo-interes-por-coordinacion-en-seguridad-publica-rocha\/"},"modified":"2025-06-24T23:31:03","modified_gmt":"2025-06-24T23:31:03","slug":"muestra-amlo-sumo-interes-por-coordinacion-en-seguridad-publica-rocha","status":"publish","type":"post","link":"https:\/\/visionciudadana.com.mx\/oficial\/2021\/10\/20\/muestra-amlo-sumo-interes-por-coordinacion-en-seguridad-publica-rocha\/","title":{"rendered":"Muestra AMLO sumo inter\u00e9s por coordinaci\u00f3n en seguridad p\u00fablica: Rocha \u00a0"},"content":{"rendered":"<div style=\"text-align: justify;\"><span style=\"font-size: 14pt;\">&nbsp;<img fetchpriority=\"high\" decoding=\"async\" src=\"images\/Oct21\/rocha-amlo.jpg\" alt=\"rocha amlo\" width=\"780\" height=\"420\" style=\"display: block; margin: 20px auto;\" \/><\/span><\/div>\n<div style=\"text-align: justify;\"><span style=\"font-size: 14pt;\">Ante la revelaci\u00f3n que el presidente Andr\u00e9s Manuel L\u00f3pez Obrador hizo hoy en su conferencia ma\u00f1anera, sobre que recomend\u00f3 a Rub\u00e9n Rocha Moya que ratifique como secretario de Seguridad P\u00fablica al Teniente Coronel Crist\u00f3bal Casta\u00f1eda Camarillo, el gobernador electo afirm\u00f3 que tal expresi\u00f3n muestra el gran inter\u00e9s del mandatario nacional porque el Gobierno federal y los estados sumen esfuerzos contra la inseguridad.<\/span><\/div>\n<div style=\"text-align: justify;\"><span style=\"font-size: 14pt;\"><\/span><\/div>\n<div style=\"text-align: justify;\"><span style=\"font-size: 14pt;\"><\/span><\/div>\n<div style=\"text-align: justify;\"><span style=\"font-size: 14pt;\">Quien a partir del pr\u00f3ximo 1 de noviembre gobernar\u00e1 Sinaloa, puntualiz\u00f3 que \u201ccomo lo he expresado antes, considero de suma importancia mantener una coordinaci\u00f3n estrecha con la Federaci\u00f3n en materia de seguridad para reforzar la baja de \u00edndices delictivos y las estrategias de prevenci\u00f3n\u201d.<\/span><\/div>\n<div style=\"text-align: justify;\"><span style=\"font-size: 14pt;\"><\/span><\/div>\n<div style=\"text-align: justify;\"><span style=\"font-size: 14pt;\"><\/span><\/div>\n<div style=\"text-align: justify;\"><span style=\"font-size: 14pt;\">Rocha Moya record\u00f3 que, a propuesta del secretario de la Defensa Nacional, General Luis Cresencio Sandoval Gonz\u00e1lez, el presidente Andr\u00e9s Manuel L\u00f3pez Obrador, le pidi\u00f3 que ratificara en el cargo al Teniente Coronel Crist\u00f3bal Casta\u00f1eda Camarillo.<\/span><\/div>\n<div style=\"text-align: justify;\"><span style=\"font-size: 14pt;\"><\/span><\/div>\n<div style=\"text-align: justify;\"><span style=\"font-size: 14pt;\"><\/span><\/div>\n<div style=\"text-align: justify;\"><span style=\"font-size: 14pt;\">En su conferencia ma\u00f1anera de este martes y a pregunta expresa respecto a los nombramientos de secretarios de seguridad en los nuevos gobiernos estatales, L\u00f3pez Obrador recalc\u00f3:&nbsp;<\/span><\/div>\n<div style=\"text-align: justify;\"><span style=\"font-size: 14pt;\"><\/span><\/div>\n<div style=\"text-align: justify;\"><span style=\"font-size: 14pt;\"><\/span><\/div>\n<div style=\"text-align: justify;\"><span style=\"font-size: 14pt;\">\u201cEn el caso de Sinaloa, es una recomendaci\u00f3n que se le hizo al gobernador porque el secretario de seguridad ha venido trabajando bien y est\u00e1 respaldado tanto por la Sedena como por la Marina, as\u00ed de claro\u201d.<\/span><\/div>\n<div style=\"text-align: justify;\"><span style=\"font-size: 14pt;\"><\/span><\/div>\n<div style=\"text-align: justify;\"><span style=\"font-size: 14pt;\"><\/span><\/div>\n<div style=\"text-align: justify;\"><span style=\"font-size: 14pt;\">\u201cYo hago una recomendaci\u00f3n siempre cuando se trata de los secretarios de seguridad p\u00fablica. Siempre les recomiendo respetuosamente a quienes van a gobernar que cuiden ese cargo, que cuiden a la persona que va a ocupar ese cargo y tambi\u00e9n les recomiendo que consulten tanto al almirante Ojeda como al general Sandoval para que se tengan personas \u00edntegras, honestas, repito, incorruptibles\u00bb.<\/span><\/div>\n<div style=\"text-align: justify;\">&nbsp;<\/div>\n<div style=\"text-align: justify;\">&nbsp;<\/div>\n<div style=\"text-align: justify;\">&nbsp;<\/div>\n<div style=\"text-align: justify;\">&nbsp;<\/div>\n<div style=\"text-align: justify;\"><span style=\"font-size: 14pt;\">REDACCI\u00d3N\/VISI\u00d3N CIUDADANA.<\/span><\/div>\n","protected":false},"excerpt":{"rendered":"<p>&nbsp; Ante la revelaci\u00f3n que el presidente Andr\u00e9s Manuel L\u00f3pez Obrador hizo hoy en su conferencia ma\u00f1anera, sobre que recomend\u00f3 a Rub\u00e9n Rocha Moya que ratifique como secretario de Seguridad P\u00fablica al Teniente Coronel Crist\u00f3bal Casta\u00f1eda Camarillo, el gobernador electo afirm\u00f3 que tal expresi\u00f3n muestra el gran inter\u00e9s del mandatario nacional porque el Gobierno federal [&hellip;]<\/p>\n","protected":false},"author":1,"featured_media":2031,"comment_status":"closed","ping_status":"closed","sticky":false,"template":"","format":"standard","meta":{"footnotes":""},"categories":[13],"tags":[],"ppma_author":[31],"class_list":["post-17782","post","type-post","status-publish","format-standard","has-post-thumbnail","hentry","category-locales"],"aioseo_notices":[],"authors":[{"term_id":31,"user_id":1,"is_guest":0,"slug":"ivan3vino","display_name":"Iv\u00e1n Trevi\u00f1o","avatar_url":{"url":"https:\/\/visionciudadana.com.mx\/oficial\/wp-content\/uploads\/2025\/09\/columna-ivan-Trevino.png","url2x":"https:\/\/visionciudadana.com.mx\/oficial\/wp-content\/uploads\/2025\/09\/columna-ivan-Trevino.png"},"0":null,"1":"","2":"","3":"","4":"","5":"","6":"","7":"","8":""}],"_links":{"self":[{"href":"https:\/\/visionciudadana.com.mx\/oficial\/wp-json\/wp\/v2\/posts\/17782","targetHints":{"allow":["GET"]}}],"collection":[{"href":"https:\/\/visionciudadana.com.mx\/oficial\/wp-json\/wp\/v2\/posts"}],"about":[{"href":"https:\/\/visionciudadana.com.mx\/oficial\/wp-json\/wp\/v2\/types\/post"}],"author":[{"embeddable":true,"href":"https:\/\/visionciudadana.com.mx\/oficial\/wp-json\/wp\/v2\/users\/1"}],"replies":[{"embeddable":true,"href":"https:\/\/visionciudadana.com.mx\/oficial\/wp-json\/wp\/v2\/comments?post=17782"}],"version-history":[{"count":1,"href":"https:\/\/visionciudadana.com.mx\/oficial\/wp-json\/wp\/v2\/posts\/17782\/revisions"}],"predecessor-version":[{"id":30507,"href":"https:\/\/visionciudadana.com.mx\/oficial\/wp-json\/wp\/v2\/posts\/17782\/revisions\/30507"}],"wp:featuredmedia":[{"embeddable":true,"href":"https:\/\/visionciudadana.com.mx\/oficial\/wp-json\/wp\/v2\/media\/2031"}],"wp:attachment":[{"href":"https:\/\/visionciudadana.com.mx\/oficial\/wp-json\/wp\/v2\/media?parent=17782"}],"wp:term":[{"taxonomy":"category","embeddable":true,"href":"https:\/\/visionciudadana.com.mx\/oficial\/wp-json\/wp\/v2\/categories?post=17782"},{"taxonomy":"post_tag","embeddable":true,"href":"https:\/\/visionciudadana.com.mx\/oficial\/wp-json\/wp\/v2\/tags?post=17782"},{"taxonomy":"author","embeddable":true,"href":"https:\/\/visionciudadana.com.mx\/oficial\/wp-json\/wp\/v2\/ppma_author?post=17782"}],"curies":[{"name":"wp","href":"https:\/\/api.w.org\/{rel}","templated":true}]}}